{"id":234,"date":"2019-06-02T13:49:38","date_gmt":"2019-06-02T16:49:38","guid":{"rendered":"https:\/\/mapadadiversidade.com.br\/ipatinga\/?p=234"},"modified":"2019-07-09T11:42:30","modified_gmt":"2019-07-09T14:42:30","slug":"julia-anicio-da-silva","status":"publish","type":"post","link":"https:\/\/mapadadiversidade.com.br\/ipatinga\/julia-anicio-da-silva\/","title":{"rendered":"Julia Anicio da Silva"},"content":{"rendered":"\n<p>Confec\u00e7\u00e3o de pe\u00e7as decorativas e utilit\u00e1rias com a t\u00e9cnica do croch\u00ea<\/p>\n\n\n\n<p>Artesanato<\/p>\n\n\n\n<p>Conheceu o artesanato ainda jovem mas foi na aposentadoria que dedicou com mais intensidade atividade do artesanato.<\/p>\n\n\n\n<p>Telefone: (31)975738130<\/p>\n\n\n\n<ul class=\"wp-block-gallery columns-3 is-cropped wp-block-gallery-1 is-layout-flex wp-block-gallery-is-layout-flex\"><li class=\"blocks-gallery-item\"><figure><img loading=\"lazy\" decoding=\"async\" width=\"439\" height=\"560\" src=\"https:\/\/mapadadiversidade.com.br\/ipatinga\/wp-content\/uploads\/2019\/06\/Julia-01.jpg\" alt=\"\" data-id=\"235\" data-link=\"https:\/\/mapadadiversidade.com.br\/ipatinga\/?attachment_id=235\" class=\"wp-image-235\" srcset=\"https:\/\/mapadadiversidade.com.br\/ipatinga\/wp-content\/uploads\/2019\/06\/Julia-01.jpg 439w, https:\/\/mapadadiversidade.com.br\/ipatinga\/wp-content\/uploads\/2019\/06\/Julia-01-235x300.jpg 235w\" sizes=\"auto, (max-width: 439px) 100vw, 439px\" \/><\/figure><\/li><li class=\"blocks-gallery-item\"><figure><img loading=\"lazy\" decoding=\"async\" width=\"560\" height=\"388\" src=\"https:\/\/mapadadiversidade.com.br\/ipatinga\/wp-content\/uploads\/2019\/06\/Julia-02.jpg\" alt=\"\" data-id=\"236\" data-link=\"https:\/\/mapadadiversidade.com.br\/ipatinga\/?attachment_id=236\" class=\"wp-image-236\" srcset=\"https:\/\/mapadadiversidade.com.br\/ipatinga\/wp-content\/uploads\/2019\/06\/Julia-02.jpg 560w, https:\/\/mapadadiversidade.com.br\/ipatinga\/wp-content\/uploads\/2019\/06\/Julia-02-300x208.jpg 300w\" sizes=\"auto, (max-width: 560px) 100vw, 560px\" \/><\/figure><\/li><li class=\"blocks-gallery-item\"><figure><img loading=\"lazy\" decoding=\"async\" width=\"560\" height=\"389\" src=\"https:\/\/mapadadiversidade.com.br\/ipatinga\/wp-content\/uploads\/2019\/06\/Julia-04.jpg\" alt=\"\" data-id=\"237\" data-link=\"https:\/\/mapadadiversidade.com.br\/ipatinga\/?attachment_id=237\" class=\"wp-image-237\" srcset=\"https:\/\/mapadadiversidade.com.br\/ipatinga\/wp-content\/uploads\/2019\/06\/Julia-04.jpg 560w, https:\/\/mapadadiversidade.com.br\/ipatinga\/wp-content\/uploads\/2019\/06\/Julia-04-300x208.jpg 300w\" sizes=\"auto, (max-width: 560px) 100vw, 560px\" \/><\/figure><\/li><li class=\"blocks-gallery-item\"><figure><img loading=\"lazy\" decoding=\"async\" width=\"560\" height=\"315\" src=\"https:\/\/mapadadiversidade.com.br\/ipatinga\/wp-content\/uploads\/2019\/06\/Julia-05.jpg\" alt=\"\" data-id=\"238\" data-link=\"https:\/\/mapadadiversidade.com.br\/ipatinga\/?attachment_id=238\" class=\"wp-image-238\" srcset=\"https:\/\/mapadadiversidade.com.br\/ipatinga\/wp-content\/uploads\/2019\/06\/Julia-05.jpg 560w, https:\/\/mapadadiversidade.com.br\/ipatinga\/wp-content\/uploads\/2019\/06\/Julia-05-300x169.jpg 300w\" sizes=\"auto, (max-width: 560px) 100vw, 560px\" \/><\/figure><\/li><li class=\"blocks-gallery-item\"><figure><img loading=\"lazy\" decoding=\"async\" width=\"560\" height=\"298\" src=\"https:\/\/mapadadiversidade.com.br\/ipatinga\/wp-content\/uploads\/2019\/06\/Julia-06.jpg\" alt=\"\" data-id=\"239\" data-link=\"https:\/\/mapadadiversidade.com.br\/ipatinga\/?attachment_id=239\" class=\"wp-image-239\" srcset=\"https:\/\/mapadadiversidade.com.br\/ipatinga\/wp-content\/uploads\/2019\/06\/Julia-06.jpg 560w, https:\/\/mapadadiversidade.com.br\/ipatinga\/wp-content\/uploads\/2019\/06\/Julia-06-300x160.jpg 300w\" sizes=\"auto, (max-width: 560px) 100vw, 560px\" \/><\/figure><\/li><\/ul>\n","protected":false},"excerpt":{"rendered":"<p>Confec\u00e7\u00e3o de pe\u00e7as decorativas e utilit\u00e1rias com a t\u00e9cnica do croch\u00ea<\/p>\n","protected":false},"author":12,"featured_media":235,"comment_status":"open","ping_status":"open","sticky":false,"template":"","format":"standard","meta":{"footnotes":""},"categories":[1,11,4],"tags":[30,176],"class_list":["post-234","post","type-post","status-publish","format-standard","has-post-thumbnail","hentry","category-ipatinga","category-artesanato","category-linguagem-artisticas","tag-artesanato","tag-croche","item-wrap"],"_links":{"self":[{"href":"https:\/\/mapadadiversidade.com.br\/ipatinga\/wp-json\/wp\/v2\/posts\/234","targetHints":{"allow":["GET"]}}],"collection":[{"href":"https:\/\/mapadadiversidade.com.br\/ipatinga\/wp-json\/wp\/v2\/posts"}],"about":[{"href":"https:\/\/mapadadiversidade.com.br\/ipatinga\/wp-json\/wp\/v2\/types\/post"}],"author":[{"embeddable":true,"href":"https:\/\/mapadadiversidade.com.br\/ipatinga\/wp-json\/wp\/v2\/users\/12"}],"replies":[{"embeddable":true,"href":"https:\/\/mapadadiversidade.com.br\/ipatinga\/wp-json\/wp\/v2\/comments?post=234"}],"version-history":[{"count":2,"href":"https:\/\/mapadadiversidade.com.br\/ipatinga\/wp-json\/wp\/v2\/posts\/234\/revisions"}],"predecessor-version":[{"id":243,"href":"https:\/\/mapadadiversidade.com.br\/ipatinga\/wp-json\/wp\/v2\/posts\/234\/revisions\/243"}],"wp:featuredmedia":[{"embeddable":true,"href":"https:\/\/mapadadiversidade.com.br\/ipatinga\/wp-json\/wp\/v2\/media\/235"}],"wp:attachment":[{"href":"https:\/\/mapadadiversidade.com.br\/ipatinga\/wp-json\/wp\/v2\/media?parent=234"}],"wp:term":[{"taxonomy":"category","embeddable":true,"href":"https:\/\/mapadadiversidade.com.br\/ipatinga\/wp-json\/wp\/v2\/categories?post=234"},{"taxonomy":"post_tag","embeddable":true,"href":"https:\/\/mapadadiversidade.com.br\/ipatinga\/wp-json\/wp\/v2\/tags?post=234"}],"curies":[{"name":"wp","href":"https:\/\/api.w.org\/{rel}","templated":true}]}}