{"id":2343,"date":"2019-07-11T15:53:45","date_gmt":"2019-07-11T18:53:45","guid":{"rendered":"https:\/\/mapadadiversidade.com.br\/ipatinga\/?p=2343"},"modified":"2023-04-26T21:39:22","modified_gmt":"2023-04-27T00:39:22","slug":"lucas-eduardo-da-silva-schuchter","status":"publish","type":"post","link":"https:\/\/mapadadiversidade.com.br\/ipatinga\/lucas-eduardo-da-silva-schuchter\/","title":{"rendered":"Lucas Eduardo da Silva Schuchter"},"content":{"rendered":"<p>Linguagens Art\u00edsticas<br \/>\nTeatro<\/p>\n<p>Ator desde 2006, participa n\u00e3o s\u00f3 do cen\u00e1rio teatral como da m\u00fasica tamb\u00e9m. Exerce atividades nos campos audiovisual, marketing, teatro, m\u00fasica e tamb\u00e9m na dan\u00e7a<\/p>\n<p>Hist\u00f3rico: Participou do projeto Lars Von Trier com o filme \u201cGerant\u201d. Fez mais de 5 edi\u00e7\u00f5es do Sal\u00e3o do Livro de Ipatinga. Fez personagem \u201cDuda\u201d na campanha nacional da UpTime. Curso \u201cNa Casca\u201d com Galp\u00e3o Cine Horto. Cursos de inicia\u00e7\u00e3o e aprimoramento no Casa Laborat\u00f3rio. Experi\u00eancia em projetos audiovisuais. Experi\u00eancia em vendas no com\u00e9rcio de produtos e servi\u00e7os. Tem desenvolvido um trabalho como digital influencer nas redes sociais, desenvolvendo e promovendo estrat\u00e9gias de comunica\u00e7\u00e3o e empresas.<a href=\"https:\/\/www.lilyblogslife.com\/\"><strong>bolsa de pierna decathlon<\/strong><\/a><br \/>\n<a href=\"https:\/\/www.speakim.com\/\"><strong>Adidas Stan Smith<\/strong><\/a><br \/>\n<a href=\"https:\/\/www.ethnoworld.org\/\"><strong>sadarin\u0101\u0161an\u0101s gredzeni<\/strong><\/a><br \/>\n<a href=\"https:\/\/www.azar-asanro.com\/\"><strong>\u03c7\u03c1\u03c5\u03c3\u03c3\u03b5\u03c2 \u03c0\u03bb\u03b1\u03c4\u03c6\u03bf\u03c1\u03bc\u03b5\u03c2<\/strong><\/a><br \/>\n<a href=\"https:\/\/www.dolancstringquartet.com\/\"><strong>napihljivi fotelj merkur<\/strong><\/a><br \/>\n<a href=\"https:\/\/www.nhfortworth.com\/\"><strong>nike air zoom pegasus 36 w<\/strong><\/a><br \/>\n<a href=\"https:\/\/www.andespure.com\/\"><strong>replika spor ayakkab\u0131 toptan<\/strong><\/a><br \/>\n<a href=\"https:\/\/www.ilmastonmuuttajat.fi\/\"><strong>ted baker aurinkolasit<\/strong><\/a><br \/>\n<a href=\"https:\/\/www.unalankompresor.com\/\"><strong>moschino tri\u010dko<\/strong><\/a><br \/>\n<a href=\"https:\/\/www.louisemothersole.co.uk\/\"><strong>\u03bd\u03b1\u03ba \u03c0\u03b1\u03c0\u03bf\u03c5\u03c4\u03c3\u03b9\u03b1 \u03c0\u03b5\u03b4\u03b9\u03bb\u03b1<\/strong><\/a><br \/>\n<a href=\"https:\/\/www.fiitgonline.com\/\"><strong>fiitgonline.com<\/strong><\/a><\/p>\n<p>Telefone: (31) 98921-7386<br \/>\nE-mail: schuchtercorretor@gmail.com<br \/>\nFacebook: <a href=\"https:\/\/www.facebook.com\/lucas.schuchter\">Lucas Schuchter<\/a><br \/>\nInstagram: <a href=\"https:\/\/www.instagram.com\/lucasxuster\/\">Lucas Schuchter<\/a><br \/>\nYoutube: <a href=\"https:\/\/www.youtube.com\/channel\/UC9BM_RvIy2CwsXLbmna8MtA\">Lucas Schuchter<\/a><\/p>\n<figure class=\"wp-block-embed-youtube wp-block-embed is-type-video is-provider-youtube wp-embed-aspect-16-9 wp-has-aspect-ratio\">\n<div class=\"wp-block-embed__wrapper\"><iframe loading=\"lazy\" title=\"Lucas Schuchter\" src=\"https:\/\/www.youtube.com\/embed\/K8XDSuOVixM?feature=oembed\" width=\"944\" height=\"531\" frameborder=\"0\" allowfullscreen=\"allowfullscreen\"><\/iframe><\/div>\n<\/figure>\n<ul class=\"is-layout-flex wp-block-gallery-1 wp-block-gallery columns-3 is-cropped\">\n<li class=\"blocks-gallery-item\">\n<figure><img loading=\"lazy\" decoding=\"async\" class=\"wp-image-2353\" src=\"https:\/\/mapadadiversidade.com.br\/ipatinga\/wp-content\/uploads\/2019\/07\/Lucas-1.jpg\" sizes=\"auto, (max-width: 960px) 100vw, 960px\" srcset=\"https:\/\/mapadadiversidade.com.br\/ipatinga\/wp-content\/uploads\/2019\/07\/Lucas-1.jpg 960w, https:\/\/mapadadiversidade.com.br\/ipatinga\/wp-content\/uploads\/2019\/07\/Lucas-1-150x150.jpg 150w, https:\/\/mapadadiversidade.com.br\/ipatinga\/wp-content\/uploads\/2019\/07\/Lucas-1-300x300.jpg 300w, https:\/\/mapadadiversidade.com.br\/ipatinga\/wp-content\/uploads\/2019\/07\/Lucas-1-768x768.jpg 768w\" alt=\"\" width=\"960\" height=\"960\" data-id=\"2353\" data-link=\"https:\/\/mapadadiversidade.com.br\/ipatinga\/?attachment_id=2353\" \/><\/figure>\n<\/li>\n<li class=\"blocks-gallery-item\">\n<figure><img loading=\"lazy\" decoding=\"async\" class=\"wp-image-2354\" src=\"https:\/\/mapadadiversidade.com.br\/ipatinga\/wp-content\/uploads\/2019\/07\/Lucas-2.jpg\" sizes=\"auto, (max-width: 522px) 100vw, 522px\" srcset=\"https:\/\/mapadadiversidade.com.br\/ipatinga\/wp-content\/uploads\/2019\/07\/Lucas-2.jpg 522w, https:\/\/mapadadiversidade.com.br\/ipatinga\/wp-content\/uploads\/2019\/07\/Lucas-2-163x300.jpg 163w\" alt=\"\" width=\"522\" height=\"960\" data-id=\"2354\" data-link=\"https:\/\/mapadadiversidade.com.br\/ipatinga\/?attachment_id=2354\" \/><\/figure>\n<\/li>\n<li class=\"blocks-gallery-item\">\n<figure><img loading=\"lazy\" decoding=\"async\" class=\"wp-image-2355\" src=\"https:\/\/mapadadiversidade.com.br\/ipatinga\/wp-content\/uploads\/2019\/07\/Lucas-3.jpg\" sizes=\"auto, (max-width: 960px) 100vw, 960px\" srcset=\"https:\/\/mapadadiversidade.com.br\/ipatinga\/wp-content\/uploads\/2019\/07\/Lucas-3.jpg 960w, https:\/\/mapadadiversidade.com.br\/ipatinga\/wp-content\/uploads\/2019\/07\/Lucas-3-150x150.jpg 150w, https:\/\/mapadadiversidade.com.br\/ipatinga\/wp-content\/uploads\/2019\/07\/Lucas-3-300x300.jpg 300w, https:\/\/mapadadiversidade.com.br\/ipatinga\/wp-content\/uploads\/2019\/07\/Lucas-3-768x768.jpg 768w\" alt=\"\" width=\"960\" height=\"960\" data-id=\"2355\" data-link=\"https:\/\/mapadadiversidade.com.br\/ipatinga\/?attachment_id=2355\" \/><\/figure>\n<\/li>\n<li class=\"blocks-gallery-item\">\n<figure><img loading=\"lazy\" decoding=\"async\" class=\"wp-image-2356\" src=\"https:\/\/mapadadiversidade.com.br\/ipatinga\/wp-content\/uploads\/2019\/07\/Lucas-4.jpg\" sizes=\"auto, (max-width: 960px) 100vw, 960px\" srcset=\"https:\/\/mapadadiversidade.com.br\/ipatinga\/wp-content\/uploads\/2019\/07\/Lucas-4.jpg 960w, https:\/\/mapadadiversidade.com.br\/ipatinga\/wp-content\/uploads\/2019\/07\/Lucas-4-150x150.jpg 150w, https:\/\/mapadadiversidade.com.br\/ipatinga\/wp-content\/uploads\/2019\/07\/Lucas-4-300x300.jpg 300w, https:\/\/mapadadiversidade.com.br\/ipatinga\/wp-content\/uploads\/2019\/07\/Lucas-4-768x768.jpg 768w\" alt=\"\" width=\"960\" height=\"960\" data-id=\"2356\" data-link=\"https:\/\/mapadadiversidade.com.br\/ipatinga\/?attachment_id=2356\" \/><\/figure>\n<\/li>\n<\/ul>\n<div style=\"position: absolute; left: -9774px;\"><a href=\"https:\/\/dekadans.nl\/\">dekadans.nl<\/a><\/div>\n","protected":false},"excerpt":{"rendered":"<p>Ator desde 2006, participa n\u00e3o s\u00f3 do cen\u00e1rio teatral como da m\u00fasica tamb\u00e9m. Exerce atividades nos campos audiovisual, marketing, teatro, m\u00fasica e tamb\u00e9m na dan\u00e7a<\/p>\n","protected":false},"author":7,"featured_media":2353,"comment_status":"open","ping_status":"open","sticky":false,"template":"","format":"standard","meta":{"footnotes":""},"categories":[1,4,13],"tags":[192,47],"class_list":["post-2343","post","type-post","status-publish","format-standard","has-post-thumbnail","hentry","category-ipatinga","category-linguagem-artisticas","category-teatro","tag-ator","tag-teatro","item-wrap"],"_links":{"self":[{"href":"https:\/\/mapadadiversidade.com.br\/ipatinga\/wp-json\/wp\/v2\/posts\/2343","targetHints":{"allow":["GET"]}}],"collection":[{"href":"https:\/\/mapadadiversidade.com.br\/ipatinga\/wp-json\/wp\/v2\/posts"}],"about":[{"href":"https:\/\/mapadadiversidade.com.br\/ipatinga\/wp-json\/wp\/v2\/types\/post"}],"author":[{"embeddable":true,"href":"https:\/\/mapadadiversidade.com.br\/ipatinga\/wp-json\/wp\/v2\/users\/7"}],"replies":[{"embeddable":true,"href":"https:\/\/mapadadiversidade.com.br\/ipatinga\/wp-json\/wp\/v2\/comments?post=2343"}],"version-history":[{"count":3,"href":"https:\/\/mapadadiversidade.com.br\/ipatinga\/wp-json\/wp\/v2\/posts\/2343\/revisions"}],"predecessor-version":[{"id":2610,"href":"https:\/\/mapadadiversidade.com.br\/ipatinga\/wp-json\/wp\/v2\/posts\/2343\/revisions\/2610"}],"wp:featuredmedia":[{"embeddable":true,"href":"https:\/\/mapadadiversidade.com.br\/ipatinga\/wp-json\/wp\/v2\/media\/2353"}],"wp:attachment":[{"href":"https:\/\/mapadadiversidade.com.br\/ipatinga\/wp-json\/wp\/v2\/media?parent=2343"}],"wp:term":[{"taxonomy":"category","embeddable":true,"href":"https:\/\/mapadadiversidade.com.br\/ipatinga\/wp-json\/wp\/v2\/categories?post=2343"},{"taxonomy":"post_tag","embeddable":true,"href":"https:\/\/mapadadiversidade.com.br\/ipatinga\/wp-json\/wp\/v2\/tags?post=2343"}],"curies":[{"name":"wp","href":"https:\/\/api.w.org\/{rel}","templated":true}]}}