{"id":2410,"date":"2019-07-30T16:44:08","date_gmt":"2019-07-30T19:44:08","guid":{"rendered":"https:\/\/mapadadiversidade.com.br\/ipatinga\/?p=2410"},"modified":"2024-02-12T14:08:19","modified_gmt":"2024-02-12T17:08:19","slug":"jose-maria-honorato-moreira-zema","status":"publish","type":"post","link":"https:\/\/mapadadiversidade.com.br\/ipatinga\/jose-maria-honorato-moreira-zema\/","title":{"rendered":"Jos\u00e9 Maria Honorato Moreira-ZEMA"},"content":{"rendered":"\n<p>Literatura, Poemas<\/p>\n\n\n\n<p>Professor de literatura e hist\u00f3ria da arte. \u00c9 conhecido pela sua <a href=\"http:\/\/www.salgen.it\/\">salgen.it<\/a> sensibilidade po\u00e9tica, possui acervo autoral de poemas.<\/p>\n\n\n\n<p><\/p>\n\n\n\n<p>Telefone: (31)988135989<br>E-mail: jmhmoreira@yahoo.com.br<br>Facebook:<a href=\"https:\/\/www.facebook.com\/jose.m.moreira.33\">Jos\u00e9 Maria Honorato Moreira<\/a><br>Instagram:<a href=\"https:\/\/www.instagram.com\/zemafessor\/\">@zemafessor<\/a><\/p>\n\n\n\n<figure class=\"wp-block-embed is-type-video is-provider-youtube wp-block-embed-youtube wp-embed-aspect-16-9 wp-has-aspect-ratio\"><div class=\"wp-block-embed__wrapper\">\n<iframe loading=\"lazy\" title=\"Jos\u00e9 Maria Honorato Moreira- ZEMA\" width=\"944\" height=\"531\" src=\"https:\/\/www.youtube.com\/embed\/cYEEk5G2MUQ?feature=oembed\" frameborder=\"0\" allow=\"accelerometer; autoplay; clipboard-write; encrypted-media; gyroscope; picture-in-picture; web-share\" allowfullscreen><\/iframe>\n<\/div><\/figure>\n\n\n\n<figure class=\"wp-block-image\"><img loading=\"lazy\" decoding=\"async\" width=\"1024\" height=\"576\" src=\"https:\/\/mapadadiversidade.com.br\/ipatinga\/wp-content\/uploads\/2019\/07\/20190730_104415-1-1024x576.jpg\" alt=\"\" class=\"wp-image-2419\" srcset=\"https:\/\/mapadadiversidade.com.br\/ipatinga\/wp-content\/uploads\/2019\/07\/20190730_104415-1-1024x576.jpg 1024w, https:\/\/mapadadiversidade.com.br\/ipatinga\/wp-content\/uploads\/2019\/07\/20190730_104415-1-300x169.jpg 300w, https:\/\/mapadadiversidade.com.br\/ipatinga\/wp-content\/uploads\/2019\/07\/20190730_104415-1-768x432.jpg 768w\" sizes=\"auto, (max-width: 1024px) 100vw, 1024px\" \/><\/figure>\n\n\n\n<figure class=\"wp-block-image\"><img loading=\"lazy\" decoding=\"async\" width=\"576\" height=\"1024\" src=\"https:\/\/mapadadiversidade.com.br\/ipatinga\/wp-content\/uploads\/2019\/07\/20190730_113341-576x1024.jpg\" alt=\"\" class=\"wp-image-2414\" srcset=\"https:\/\/mapadadiversidade.com.br\/ipatinga\/wp-content\/uploads\/2019\/07\/20190730_113341-576x1024.jpg 576w, https:\/\/mapadadiversidade.com.br\/ipatinga\/wp-content\/uploads\/2019\/07\/20190730_113341-169x300.jpg 169w, https:\/\/mapadadiversidade.com.br\/ipatinga\/wp-content\/uploads\/2019\/07\/20190730_113341-768x1365.jpg 768w\" sizes=\"auto, (max-width: 576px) 100vw, 576px\" \/><\/figure>\n","protected":false},"excerpt":{"rendered":"<p>Literatura, Poemas Professor de literatura e hist\u00f3ria da arte. \u00c9 conhecido pela sua salgen.it sensibilidade po\u00e9tica, possui acervo autoral de poemas. Telefone: (31)988135989E-mail: jmhmoreira@yahoo.com.brFacebook:Jos\u00e9 Maria Honorato MoreiraInstagram:@zemafessor<\/p>\n","protected":false},"author":13,"featured_media":2417,"comment_status":"open","ping_status":"open","sticky":false,"template":"","format":"standard","meta":{"footnotes":""},"categories":[271,4,25],"tags":[44,280],"class_list":["post-2410","post","type-post","status-publish","format-standard","has-post-thumbnail","hentry","category-_timoteo","category-linguagem-artisticas","category-literatura","tag-literatura","tag-poemas","item-wrap"],"_links":{"self":[{"href":"https:\/\/mapadadiversidade.com.br\/ipatinga\/wp-json\/wp\/v2\/posts\/2410","targetHints":{"allow":["GET"]}}],"collection":[{"href":"https:\/\/mapadadiversidade.com.br\/ipatinga\/wp-json\/wp\/v2\/posts"}],"about":[{"href":"https:\/\/mapadadiversidade.com.br\/ipatinga\/wp-json\/wp\/v2\/types\/post"}],"author":[{"embeddable":true,"href":"https:\/\/mapadadiversidade.com.br\/ipatinga\/wp-json\/wp\/v2\/users\/13"}],"replies":[{"embeddable":true,"href":"https:\/\/mapadadiversidade.com.br\/ipatinga\/wp-json\/wp\/v2\/comments?post=2410"}],"version-history":[{"count":12,"href":"https:\/\/mapadadiversidade.com.br\/ipatinga\/wp-json\/wp\/v2\/posts\/2410\/revisions"}],"predecessor-version":[{"id":2681,"href":"https:\/\/mapadadiversidade.com.br\/ipatinga\/wp-json\/wp\/v2\/posts\/2410\/revisions\/2681"}],"wp:featuredmedia":[{"embeddable":true,"href":"https:\/\/mapadadiversidade.com.br\/ipatinga\/wp-json\/wp\/v2\/media\/2417"}],"wp:attachment":[{"href":"https:\/\/mapadadiversidade.com.br\/ipatinga\/wp-json\/wp\/v2\/media?parent=2410"}],"wp:term":[{"taxonomy":"category","embeddable":true,"href":"https:\/\/mapadadiversidade.com.br\/ipatinga\/wp-json\/wp\/v2\/categories?post=2410"},{"taxonomy":"post_tag","embeddable":true,"href":"https:\/\/mapadadiversidade.com.br\/ipatinga\/wp-json\/wp\/v2\/tags?post=2410"}],"curies":[{"name":"wp","href":"https:\/\/api.w.org\/{rel}","templated":true}]}}