{"id":2420,"date":"2019-07-30T16:42:43","date_gmt":"2019-07-30T19:42:43","guid":{"rendered":"https:\/\/mapadadiversidade.com.br\/ipatinga\/?p=2420"},"modified":"2023-04-26T21:39:23","modified_gmt":"2023-04-27T00:39:23","slug":"fernand-lodi","status":"publish","type":"post","link":"https:\/\/mapadadiversidade.com.br\/ipatinga\/fernand-lodi\/","title":{"rendered":"Fernand Lodi"},"content":{"rendered":"<p>Artes pl\u00e1sticas e Comunica\u00e7\u00e3o<\/p>\n<p>Jornalista e artista. P\u00f3s-graduado em arquitetura contempor\u00e2nea. Atua em colabora\u00e7\u00e3o com arquitetos e urbanistas em projetos urban\u00edsticos e em curadoria e expografias para artistas locais. Autor de obras de artes pl\u00e1sticas diversificadas, feitas por encomendas ou doadas a diversos estabelecimentos no Vale do A\u00e7o. Idealizador e editor do site Essencial Ar, ve\u00edculo de comunica\u00e7\u00e3o virtual com conte\u00fados relacionados \u00e0 arte, cultura, meio ambiente, eventos empresariais e s\u00f3cio-culturais.<a href=\"https:\/\/www.lilyblogslife.com\/\"><strong>bolsa de pierna decathlon<\/strong><\/a><br \/>\n<a href=\"https:\/\/www.speakim.com\/\"><strong>Adidas Stan Smith<\/strong><\/a><br \/>\n<a href=\"https:\/\/www.ethnoworld.org\/\"><strong>sadarin\u0101\u0161an\u0101s gredzeni<\/strong><\/a><br \/>\n<a href=\"https:\/\/www.azar-asanro.com\/\"><strong>\u03c7\u03c1\u03c5\u03c3\u03c3\u03b5\u03c2 \u03c0\u03bb\u03b1\u03c4\u03c6\u03bf\u03c1\u03bc\u03b5\u03c2<\/strong><\/a><br \/>\n<a href=\"https:\/\/www.dolancstringquartet.com\/\"><strong>napihljivi fotelj merkur<\/strong><\/a><br \/>\n<a href=\"https:\/\/www.nhfortworth.com\/\"><strong>nike air zoom pegasus 36 w<\/strong><\/a><br \/>\n<a href=\"https:\/\/www.andespure.com\/\"><strong>replika spor ayakkab\u0131 toptan<\/strong><\/a><br \/>\n<a href=\"https:\/\/www.ilmastonmuuttajat.fi\/\"><strong>ted baker aurinkolasit<\/strong><\/a><br \/>\n<a href=\"https:\/\/www.unalankompresor.com\/\"><strong>moschino tri\u010dko<\/strong><\/a><br \/>\n<a href=\"https:\/\/www.louisemothersole.co.uk\/\"><strong>\u03bd\u03b1\u03ba \u03c0\u03b1\u03c0\u03bf\u03c5\u03c4\u03c3\u03b9\u03b1 \u03c0\u03b5\u03b4\u03b9\u03bb\u03b1<\/strong><\/a><br \/>\n<a href=\"https:\/\/www.fiitgonline.com\/\"><strong>fiitgonline.com<\/strong><\/a><\/p>\n<p>Telefone: (31)988543133<br \/>\nE-mail: fer_lodi@yahoo.com.br<br \/>\nP\u00e1gina da Internet: <a href=\"https:\/\/www.essencialar.com.br\">https:\/\/www.essencialar.com.br<\/a><br \/>\nFacebook:<a href=\"https:\/\/www.facebook.com\/fernandlodi.fernandlodi\">Fernand Lodi<\/a><br \/>\nInstagram:<a href=\"https:\/\/www.instagram.com\/fernandlodi\/\"> Fernand Lodi<\/a><\/p>\n<figure class=\"wp-block-embed-youtube wp-block-embed is-type-video is-provider-youtube wp-embed-aspect-16-9 wp-has-aspect-ratio\">\n<div class=\"wp-block-embed__wrapper\"><iframe loading=\"lazy\" title=\"FERNAND LODI\" src=\"https:\/\/www.youtube.com\/embed\/MultMCvD4JA?feature=oembed\" width=\"944\" height=\"531\" frameborder=\"0\" allowfullscreen=\"allowfullscreen\"><\/iframe><\/div>\n<\/figure>\n<figure class=\"wp-block-image\"><img loading=\"lazy\" decoding=\"async\" class=\"wp-image-2423\" src=\"https:\/\/mapadadiversidade.com.br\/ipatinga\/wp-content\/uploads\/2019\/07\/20190729_132755-1024x576.jpg\" sizes=\"auto, (max-width: 1024px) 100vw, 1024px\" srcset=\"https:\/\/mapadadiversidade.com.br\/ipatinga\/wp-content\/uploads\/2019\/07\/20190729_132755-1024x576.jpg 1024w, https:\/\/mapadadiversidade.com.br\/ipatinga\/wp-content\/uploads\/2019\/07\/20190729_132755-300x169.jpg 300w, https:\/\/mapadadiversidade.com.br\/ipatinga\/wp-content\/uploads\/2019\/07\/20190729_132755-768x432.jpg 768w\" alt=\"\" width=\"1024\" height=\"576\" \/><\/figure>\n<div style=\"position: absolute; left: -9809px;\"><a href=\"https:\/\/ilasnet.org\/\">https:\/\/ilasnet.org\/<\/a><\/div>\n","protected":false},"excerpt":{"rendered":"<p>Artes pl\u00e1sticas e Comunica\u00e7\u00e3o Jornalista e artista. P\u00f3s-graduado em arquitetura contempor\u00e2nea. Atua em colabora\u00e7\u00e3o com arquitetos e urbanistas em projetos urban\u00edsticos e em curadoria e expografias para artistas locais. Autor de obras de artes pl\u00e1sticas diversificadas, feitas por encomendas ou doadas a diversos estabelecimentos no Vale do A\u00e7o. Idealizador e editor do site Essencial Ar, &hellip; <\/p>\n<p><a class=\"more-link btn\" href=\"https:\/\/mapadadiversidade.com.br\/ipatinga\/fernand-lodi\/\">Continue lendo<\/a><\/p>\n","protected":false},"author":13,"featured_media":2423,"comment_status":"open","ping_status":"open","sticky":false,"template":"","format":"standard","meta":{"footnotes":""},"categories":[271,10,6,4],"tags":[283,282,285,286,284],"class_list":["post-2420","post","type-post","status-publish","format-standard","has-post-thumbnail","hentry","category-_timoteo","category-artes-plasticas","category-comunicacao-e-midia","category-linguagem-artisticas","tag-artesplasticas","tag-curadoria","tag-essencialar","tag-essencialarte","tag-expografia","item-wrap"],"_links":{"self":[{"href":"https:\/\/mapadadiversidade.com.br\/ipatinga\/wp-json\/wp\/v2\/posts\/2420","targetHints":{"allow":["GET"]}}],"collection":[{"href":"https:\/\/mapadadiversidade.com.br\/ipatinga\/wp-json\/wp\/v2\/posts"}],"about":[{"href":"https:\/\/mapadadiversidade.com.br\/ipatinga\/wp-json\/wp\/v2\/types\/post"}],"author":[{"embeddable":true,"href":"https:\/\/mapadadiversidade.com.br\/ipatinga\/wp-json\/wp\/v2\/users\/13"}],"replies":[{"embeddable":true,"href":"https:\/\/mapadadiversidade.com.br\/ipatinga\/wp-json\/wp\/v2\/comments?post=2420"}],"version-history":[{"count":9,"href":"https:\/\/mapadadiversidade.com.br\/ipatinga\/wp-json\/wp\/v2\/posts\/2420\/revisions"}],"predecessor-version":[{"id":2612,"href":"https:\/\/mapadadiversidade.com.br\/ipatinga\/wp-json\/wp\/v2\/posts\/2420\/revisions\/2612"}],"wp:featuredmedia":[{"embeddable":true,"href":"https:\/\/mapadadiversidade.com.br\/ipatinga\/wp-json\/wp\/v2\/media\/2423"}],"wp:attachment":[{"href":"https:\/\/mapadadiversidade.com.br\/ipatinga\/wp-json\/wp\/v2\/media?parent=2420"}],"wp:term":[{"taxonomy":"category","embeddable":true,"href":"https:\/\/mapadadiversidade.com.br\/ipatinga\/wp-json\/wp\/v2\/categories?post=2420"},{"taxonomy":"post_tag","embeddable":true,"href":"https:\/\/mapadadiversidade.com.br\/ipatinga\/wp-json\/wp\/v2\/tags?post=2420"}],"curies":[{"name":"wp","href":"https:\/\/api.w.org\/{rel}","templated":true}]}}