{"id":2426,"date":"2019-07-30T16:43:44","date_gmt":"2019-07-30T19:43:44","guid":{"rendered":"https:\/\/mapadadiversidade.com.br\/ipatinga\/?p=2426"},"modified":"2024-02-12T14:08:01","modified_gmt":"2024-02-12T17:08:01","slug":"alan-santos-valadares","status":"publish","type":"post","link":"https:\/\/mapadadiversidade.com.br\/ipatinga\/alan-santos-valadares\/","title":{"rendered":"Alan Santos Valadares"},"content":{"rendered":"\n<p>Educador f\u00edsico, p\u00f3s graduado em Dan\u00e7a. Propriet\u00e1rio e  Professor da Orfeu Est\u00fadio de Dan\u00e7a. Core\u00f3grafo e bailarino da Orfeu Cia de Dan\u00e7a.<\/p>\n\n\n\n<p> Telefone: (31)991828121<br>E-mail: orfeustudio6@gmail.com<br>Facebook: <a href=\"https:\/\/www.facebook.com\/orfeu.danca\">Orfeu Dan\u00e7a<\/a><br>Instagram:<a href=\"https:\/\/www.instagram.com\/fernandlodi\/\"> <\/a><a href=\"https:\/\/www.instagram.com\/orfeuestudiodedanca\/\">Orfeu Studio de Dan\u00e7a<\/a><\/p>\n\n\n\n<figure class=\"wp-block-embed is-type-video is-provider-youtube wp-block-embed-youtube wp-embed-aspect-16-9 wp-has-aspect-ratio\"><div class=\"wp-block-embed__wrapper\">\n<iframe loading=\"lazy\" title=\"Alan Santos Valadares\" width=\"944\" height=\"531\" src=\"https:\/\/www.youtube.com\/embed\/LlGs-UuqPr0?feature=oembed\" frameborder=\"0\" allow=\"accelerometer; autoplay; clipboard-write; encrypted-media; gyroscope; picture-in-picture; web-share\" allowfullscreen><\/iframe>\n<\/div><\/figure>\n\n\n\n<figure class=\"wp-block-image\"><img loading=\"lazy\" decoding=\"async\" width=\"1024\" height=\"683\" src=\"https:\/\/mapadadiversidade.com.br\/ipatinga\/wp-content\/uploads\/2019\/07\/orfeu-dan\u00e7a-1024x683.jpg\" alt=\"\" class=\"wp-image-2429\" srcset=\"https:\/\/mapadadiversidade.com.br\/ipatinga\/wp-content\/uploads\/2019\/07\/orfeu-dan\u00e7a-1024x683.jpg 1024w, https:\/\/mapadadiversidade.com.br\/ipatinga\/wp-content\/uploads\/2019\/07\/orfeu-dan\u00e7a-300x200.jpg 300w, https:\/\/mapadadiversidade.com.br\/ipatinga\/wp-content\/uploads\/2019\/07\/orfeu-dan\u00e7a-768x512.jpg 768w, https:\/\/mapadadiversidade.com.br\/ipatinga\/wp-content\/uploads\/2019\/07\/orfeu-dan\u00e7a.jpg 2048w\" sizes=\"auto, (max-width: 1024px) 100vw, 1024px\" \/><\/figure>\n\n\n\n<figure class=\"wp-block-image\"><img loading=\"lazy\" decoding=\"async\" width=\"1024\" height=\"683\" src=\"https:\/\/mapadadiversidade.com.br\/ipatinga\/wp-content\/uploads\/2019\/07\/14188389_943561792438481_3253162723828540529_o-1024x683.jpg\" alt=\"\" class=\"wp-image-2430\" srcset=\"https:\/\/mapadadiversidade.com.br\/ipatinga\/wp-content\/uploads\/2019\/07\/14188389_943561792438481_3253162723828540529_o-1024x683.jpg 1024w, https:\/\/mapadadiversidade.com.br\/ipatinga\/wp-content\/uploads\/2019\/07\/14188389_943561792438481_3253162723828540529_o-300x200.jpg 300w, https:\/\/mapadadiversidade.com.br\/ipatinga\/wp-content\/uploads\/2019\/07\/14188389_943561792438481_3253162723828540529_o-768x513.jpg 768w, https:\/\/mapadadiversidade.com.br\/ipatinga\/wp-content\/uploads\/2019\/07\/14188389_943561792438481_3253162723828540529_o.jpg 1840w\" sizes=\"auto, (max-width: 1024px) 100vw, 1024px\" \/><\/figure>\n\n\n\n<p><\/p>\n","protected":false},"excerpt":{"rendered":"<p>Educador f\u00edsico, p\u00f3s graduado em Dan\u00e7a. Propriet\u00e1rio e Professor da Orfeu Est\u00fadio de Dan\u00e7a. Core\u00f3grafo e bailarino da Orfeu Cia de Dan\u00e7a. Telefone: (31)991828121E-mail: orfeustudio6@gmail.comFacebook: Orfeu Dan\u00e7aInstagram: Orfeu Studio de Dan\u00e7a<\/p>\n","protected":false},"author":13,"featured_media":0,"comment_status":"open","ping_status":"open","sticky":false,"template":"","format":"standard","meta":{"footnotes":""},"categories":[271,27,4],"tags":[278,71,279],"class_list":["post-2426","post","type-post","status-publish","format-standard","hentry","category-_timoteo","category-danca","category-linguagem-artisticas","tag-ciadedanca","tag-danca","tag-orfeuciadedanca","item-wrap"],"_links":{"self":[{"href":"https:\/\/mapadadiversidade.com.br\/ipatinga\/wp-json\/wp\/v2\/posts\/2426","targetHints":{"allow":["GET"]}}],"collection":[{"href":"https:\/\/mapadadiversidade.com.br\/ipatinga\/wp-json\/wp\/v2\/posts"}],"about":[{"href":"https:\/\/mapadadiversidade.com.br\/ipatinga\/wp-json\/wp\/v2\/types\/post"}],"author":[{"embeddable":true,"href":"https:\/\/mapadadiversidade.com.br\/ipatinga\/wp-json\/wp\/v2\/users\/13"}],"replies":[{"embeddable":true,"href":"https:\/\/mapadadiversidade.com.br\/ipatinga\/wp-json\/wp\/v2\/comments?post=2426"}],"version-history":[{"count":7,"href":"https:\/\/mapadadiversidade.com.br\/ipatinga\/wp-json\/wp\/v2\/posts\/2426\/revisions"}],"predecessor-version":[{"id":2680,"href":"https:\/\/mapadadiversidade.com.br\/ipatinga\/wp-json\/wp\/v2\/posts\/2426\/revisions\/2680"}],"wp:attachment":[{"href":"https:\/\/mapadadiversidade.com.br\/ipatinga\/wp-json\/wp\/v2\/media?parent=2426"}],"wp:term":[{"taxonomy":"category","embeddable":true,"href":"https:\/\/mapadadiversidade.com.br\/ipatinga\/wp-json\/wp\/v2\/categories?post=2426"},{"taxonomy":"post_tag","embeddable":true,"href":"https:\/\/mapadadiversidade.com.br\/ipatinga\/wp-json\/wp\/v2\/tags?post=2426"}],"curies":[{"name":"wp","href":"https:\/\/api.w.org\/{rel}","templated":true}]}}