{"id":2434,"date":"2019-07-30T16:44:57","date_gmt":"2019-07-30T19:44:57","guid":{"rendered":"https:\/\/mapadadiversidade.com.br\/ipatinga\/?p=2434"},"modified":"2024-02-12T14:05:58","modified_gmt":"2024-02-12T17:05:58","slug":"anete-cabral","status":"publish","type":"post","link":"https:\/\/mapadadiversidade.com.br\/ipatinga\/anete-cabral\/","title":{"rendered":"Anete Cabral"},"content":{"rendered":"<p>Artes\u00e3, filha de artes\u00e3os. Ao experimentar diversas t\u00e9cnicas e funcionalidades artesanais, \u00e1s quais tem contato desde sua inf\u00e2ncia, atualmente dedica- se exclusivamente ao patchwork em pe\u00e7as utilit\u00e1rias, decorativas e infantis. Artes\u00e3 integrante do projeto Artesanato feito em casa.<\/p>\n<p>Telefone: (31)993148854<br \/>\nE-mail: anetecabral@hotmail.com.br<br \/>\nFacebook: <a href=\"https:\/\/www.facebook.com\/anete.cabral\">Anete Cabral<\/a><br \/>\nInstagram: <a href=\"https:\/\/www.instagram.com\/anetecabral\/\">Anete Cabral<\/a><\/p>\n<figure class=\"wp-block-embed-youtube wp-block-embed is-type-video is-provider-youtube wp-embed-aspect-16-9 wp-has-aspect-ratio\">\n<div class=\"wp-block-embed__wrapper\"><iframe loading=\"lazy\" title=\"Anete Cabral\" src=\"https:\/\/www.youtube.com\/embed\/Squ2yUskpLM?feature=oembed\" width=\"944\" height=\"531\" frameborder=\"0\" allowfullscreen=\"allowfullscreen\"><\/iframe><\/div>\n<\/figure>\n<figure class=\"wp-block-image\"><img loading=\"lazy\" decoding=\"async\" class=\"wp-image-2435\" src=\"https:\/\/mapadadiversidade.com.br\/ipatinga\/wp-content\/uploads\/2019\/07\/20190729_200205-1024x576.jpg\" sizes=\"auto, (max-width: 1024px) 100vw, 1024px\" srcset=\"https:\/\/mapadadiversidade.com.br\/ipatinga\/wp-content\/uploads\/2019\/07\/20190729_200205-1024x576.jpg 1024w, https:\/\/mapadadiversidade.com.br\/ipatinga\/wp-content\/uploads\/2019\/07\/20190729_200205-300x169.jpg 300w, https:\/\/mapadadiversidade.com.br\/ipatinga\/wp-content\/uploads\/2019\/07\/20190729_200205-768x432.jpg 768w\" alt=\"\" width=\"1024\" height=\"576\" \/><\/figure>\n<figure class=\"wp-block-image\"><img alt=\"\" \/><\/figure>\n<div style=\"font-size: 0px;\"><a href=\"https:\/\/farmaciaarchimede.it\/\">https:\/\/farmaciaarchimede.it\/<\/a><\/div>\n","protected":false},"excerpt":{"rendered":"<p>Artes\u00e3, filha de artes\u00e3os. Ao experimentar diversas t\u00e9cnicas e funcionalidades artesanais, \u00e1s quais tem contato desde sua inf\u00e2ncia, atualmente dedica- se exclusivamente ao patchwork em pe\u00e7as utilit\u00e1rias, decorativas e infantis. Artes\u00e3 integrante do projeto Artesanato feito em casa. Telefone: (31)993148854 E-mail: anetecabral@hotmail.com.br Facebook: Anete Cabral Instagram: Anete Cabral https:\/\/farmaciaarchimede.it\/<\/p>\n","protected":false},"author":13,"featured_media":2435,"comment_status":"open","ping_status":"open","sticky":false,"template":"","format":"standard","meta":{"footnotes":""},"categories":[271,11,4],"tags":[30,276,275],"class_list":["post-2434","post","type-post","status-publish","format-standard","has-post-thumbnail","hentry","category-_timoteo","category-artesanato","category-linguagem-artisticas","tag-artesanato","tag-artesanatofeitoemcasa","tag-patchwork","item-wrap"],"_links":{"self":[{"href":"https:\/\/mapadadiversidade.com.br\/ipatinga\/wp-json\/wp\/v2\/posts\/2434","targetHints":{"allow":["GET"]}}],"collection":[{"href":"https:\/\/mapadadiversidade.com.br\/ipatinga\/wp-json\/wp\/v2\/posts"}],"about":[{"href":"https:\/\/mapadadiversidade.com.br\/ipatinga\/wp-json\/wp\/v2\/types\/post"}],"author":[{"embeddable":true,"href":"https:\/\/mapadadiversidade.com.br\/ipatinga\/wp-json\/wp\/v2\/users\/13"}],"replies":[{"embeddable":true,"href":"https:\/\/mapadadiversidade.com.br\/ipatinga\/wp-json\/wp\/v2\/comments?post=2434"}],"version-history":[{"count":7,"href":"https:\/\/mapadadiversidade.com.br\/ipatinga\/wp-json\/wp\/v2\/posts\/2434\/revisions"}],"predecessor-version":[{"id":2678,"href":"https:\/\/mapadadiversidade.com.br\/ipatinga\/wp-json\/wp\/v2\/posts\/2434\/revisions\/2678"}],"wp:featuredmedia":[{"embeddable":true,"href":"https:\/\/mapadadiversidade.com.br\/ipatinga\/wp-json\/wp\/v2\/media\/2435"}],"wp:attachment":[{"href":"https:\/\/mapadadiversidade.com.br\/ipatinga\/wp-json\/wp\/v2\/media?parent=2434"}],"wp:term":[{"taxonomy":"category","embeddable":true,"href":"https:\/\/mapadadiversidade.com.br\/ipatinga\/wp-json\/wp\/v2\/categories?post=2434"},{"taxonomy":"post_tag","embeddable":true,"href":"https:\/\/mapadadiversidade.com.br\/ipatinga\/wp-json\/wp\/v2\/tags?post=2434"}],"curies":[{"name":"wp","href":"https:\/\/api.w.org\/{rel}","templated":true}]}}