{"id":2439,"date":"2019-07-30T16:45:36","date_gmt":"2019-07-30T19:45:36","guid":{"rendered":"https:\/\/mapadadiversidade.com.br\/ipatinga\/?p=2439"},"modified":"2019-07-31T07:15:08","modified_gmt":"2019-07-31T10:15:08","slug":"gilberto-rosendo","status":"publish","type":"post","link":"https:\/\/mapadadiversidade.com.br\/ipatinga\/gilberto-rosendo\/","title":{"rendered":"Gilberto Rosendo"},"content":{"rendered":"\n<p>M\u00fasico e Maestro da Corpora\u00e7\u00e3o Musical Santa Cec\u00edlia.<\/p>\n\n\n\n<p>Telefone: (31) 97339 0045<br>E-mail: bandastaceciliatimoteo@hotmail.com<br>Facebook: <a href=\"https:\/\/www.facebook.com\/gilberto.rosendo.58\">Gilberto Rosendo<\/a><\/p>\n\n\n\n<figure class=\"wp-block-embed-youtube wp-block-embed is-type-video is-provider-youtube wp-embed-aspect-16-9 wp-has-aspect-ratio\"><div class=\"wp-block-embed__wrapper\">\n<iframe loading=\"lazy\" title=\"Gilberto Rosendo\" width=\"944\" height=\"531\" src=\"https:\/\/www.youtube.com\/embed\/kaiWcYXjLzY?feature=oembed\" frameborder=\"0\" allow=\"accelerometer; autoplay; encrypted-media; gyroscope; picture-in-picture\" allowfullscreen><\/iframe>\n<\/div><\/figure>\n\n\n\n<p><br><\/p>\n\n\n\n<figure class=\"wp-block-image\"><img loading=\"lazy\" decoding=\"async\" width=\"576\" height=\"1024\" src=\"https:\/\/mapadadiversidade.com.br\/ipatinga\/wp-content\/uploads\/2019\/07\/20190703_083056-576x1024.jpg\" alt=\"\" class=\"wp-image-2442\" srcset=\"https:\/\/mapadadiversidade.com.br\/ipatinga\/wp-content\/uploads\/2019\/07\/20190703_083056-576x1024.jpg 576w, https:\/\/mapadadiversidade.com.br\/ipatinga\/wp-content\/uploads\/2019\/07\/20190703_083056-169x300.jpg 169w, https:\/\/mapadadiversidade.com.br\/ipatinga\/wp-content\/uploads\/2019\/07\/20190703_083056-768x1365.jpg 768w\" sizes=\"auto, (max-width: 576px) 100vw, 576px\" \/><\/figure>\n\n\n\n<figure class=\"wp-block-image\"><img loading=\"lazy\" decoding=\"async\" width=\"960\" height=\"720\" src=\"https:\/\/mapadadiversidade.com.br\/ipatinga\/wp-content\/uploads\/2019\/07\/maestro-rosendo.jpg\" alt=\"\" class=\"wp-image-2443\" srcset=\"https:\/\/mapadadiversidade.com.br\/ipatinga\/wp-content\/uploads\/2019\/07\/maestro-rosendo.jpg 960w, https:\/\/mapadadiversidade.com.br\/ipatinga\/wp-content\/uploads\/2019\/07\/maestro-rosendo-300x225.jpg 300w, https:\/\/mapadadiversidade.com.br\/ipatinga\/wp-content\/uploads\/2019\/07\/maestro-rosendo-768x576.jpg 768w\" sizes=\"auto, (max-width: 960px) 100vw, 960px\" \/><\/figure>\n","protected":false},"excerpt":{"rendered":"<p>M\u00fasico e Maestro da Corpora\u00e7\u00e3o Musical Santa Cec\u00edlia. Telefone: (31) 97339 0045E-mail: bandastaceciliatimoteo@hotmail.comFacebook: Gilberto Rosendo<\/p>\n","protected":false},"author":13,"featured_media":2442,"comment_status":"open","ping_status":"open","sticky":false,"template":"","format":"standard","meta":{"footnotes":""},"categories":[1,271,4,12],"tags":[272,273,274],"class_list":["post-2439","post","type-post","status-publish","format-standard","has-post-thumbnail","hentry","category-ipatinga","category-_timoteo","category-linguagem-artisticas","category-musica","tag-bandasdemusica","tag-corporacaomusical","tag-corporacaomusicalsantacecilia","item-wrap"],"_links":{"self":[{"href":"https:\/\/mapadadiversidade.com.br\/ipatinga\/wp-json\/wp\/v2\/posts\/2439","targetHints":{"allow":["GET"]}}],"collection":[{"href":"https:\/\/mapadadiversidade.com.br\/ipatinga\/wp-json\/wp\/v2\/posts"}],"about":[{"href":"https:\/\/mapadadiversidade.com.br\/ipatinga\/wp-json\/wp\/v2\/types\/post"}],"author":[{"embeddable":true,"href":"https:\/\/mapadadiversidade.com.br\/ipatinga\/wp-json\/wp\/v2\/users\/13"}],"replies":[{"embeddable":true,"href":"https:\/\/mapadadiversidade.com.br\/ipatinga\/wp-json\/wp\/v2\/comments?post=2439"}],"version-history":[{"count":5,"href":"https:\/\/mapadadiversidade.com.br\/ipatinga\/wp-json\/wp\/v2\/posts\/2439\/revisions"}],"predecessor-version":[{"id":2481,"href":"https:\/\/mapadadiversidade.com.br\/ipatinga\/wp-json\/wp\/v2\/posts\/2439\/revisions\/2481"}],"wp:featuredmedia":[{"embeddable":true,"href":"https:\/\/mapadadiversidade.com.br\/ipatinga\/wp-json\/wp\/v2\/media\/2442"}],"wp:attachment":[{"href":"https:\/\/mapadadiversidade.com.br\/ipatinga\/wp-json\/wp\/v2\/media?parent=2439"}],"wp:term":[{"taxonomy":"category","embeddable":true,"href":"https:\/\/mapadadiversidade.com.br\/ipatinga\/wp-json\/wp\/v2\/categories?post=2439"},{"taxonomy":"post_tag","embeddable":true,"href":"https:\/\/mapadadiversidade.com.br\/ipatinga\/wp-json\/wp\/v2\/tags?post=2439"}],"curies":[{"name":"wp","href":"https:\/\/api.w.org\/{rel}","templated":true}]}}