{"id":2449,"date":"2019-07-30T16:34:13","date_gmt":"2019-07-30T19:34:13","guid":{"rendered":"https:\/\/mapadadiversidade.com.br\/ipatinga\/?p=2449"},"modified":"2024-02-12T14:07:46","modified_gmt":"2024-02-12T17:07:46","slug":"zaira-de-carvalho-2","status":"publish","type":"post","link":"https:\/\/mapadadiversidade.com.br\/ipatinga\/zaira-de-carvalho-2\/","title":{"rendered":"Za\u00edra de Carvalho"},"content":{"rendered":"\n<p>Escritora, autora de vasta obra liter\u00e1ria com temas relacionados \u00e1 cidade de Tim\u00f3teo.Vice-presidente da APEMT- Associa\u00e7\u00e3o de Poetas e Escritores de Tim\u00f3teo. Curadora  respons\u00e1vel pelo Lar das Meninas Joana de Angeli.<\/p>\n\n\n\n<p>Telefone: (31) 8661-6544<br>P\u00e1gina da Internet: <a href=\"http:\/\/www.timoteo.mg.gov.br\/noticias\/5753\/imett-presta-homenagem-a-escritora-zaira-de-carvalho\">Homenagem \u00e1 Za\u00edra de Carvalho<\/a><br>P\u00e1gina da Internet:  <strong><a href=\"http:\/\/euamoipatinga.com.br\/personagens\/noticias.asp?codigo=477\">Za\u00edra de Carvalho<\/a><\/strong> <br>Facebook: <a href=\"https:\/\/www.facebook.com\/zaira.carvalho.3910\/timeline?lst=1823647461%3A100006436646322%3A1564514119\">Zaira Carvalho<\/a><\/p>\n\n\n\n<figure class=\"wp-block-embed is-type-video is-provider-youtube wp-block-embed-youtube wp-embed-aspect-16-9 wp-has-aspect-ratio\"><div class=\"wp-block-embed__wrapper\">\n<iframe loading=\"lazy\" title=\"Za\u00edra de Carvalho\" width=\"944\" height=\"531\" src=\"https:\/\/www.youtube.com\/embed\/mMuFEiE1h60?feature=oembed\" frameborder=\"0\" allow=\"accelerometer; autoplay; clipboard-write; encrypted-media; gyroscope; picture-in-picture; web-share\" allowfullscreen><\/iframe>\n<\/div><\/figure>\n\n\n\n<figure class=\"wp-block-image\"><img loading=\"lazy\" decoding=\"async\" width=\"576\" height=\"1024\" src=\"https:\/\/mapadadiversidade.com.br\/ipatinga\/wp-content\/uploads\/2019\/07\/20190730_130618-576x1024.jpg\" alt=\"\" class=\"wp-image-2450\" srcset=\"https:\/\/mapadadiversidade.com.br\/ipatinga\/wp-content\/uploads\/2019\/07\/20190730_130618-576x1024.jpg 576w, https:\/\/mapadadiversidade.com.br\/ipatinga\/wp-content\/uploads\/2019\/07\/20190730_130618-169x300.jpg 169w, https:\/\/mapadadiversidade.com.br\/ipatinga\/wp-content\/uploads\/2019\/07\/20190730_130618-768x1365.jpg 768w\" sizes=\"auto, (max-width: 576px) 100vw, 576px\" \/><\/figure>\n\n\n\n<figure class=\"wp-block-image\"><img loading=\"lazy\" decoding=\"async\" width=\"576\" height=\"1024\" src=\"https:\/\/mapadadiversidade.com.br\/ipatinga\/wp-content\/uploads\/2019\/07\/20190730_130800-576x1024.jpg\" alt=\"\" class=\"wp-image-2451\" srcset=\"https:\/\/mapadadiversidade.com.br\/ipatinga\/wp-content\/uploads\/2019\/07\/20190730_130800-576x1024.jpg 576w, https:\/\/mapadadiversidade.com.br\/ipatinga\/wp-content\/uploads\/2019\/07\/20190730_130800-169x300.jpg 169w, https:\/\/mapadadiversidade.com.br\/ipatinga\/wp-content\/uploads\/2019\/07\/20190730_130800-768x1365.jpg 768w\" sizes=\"auto, (max-width: 576px) 100vw, 576px\" \/><\/figure>\n","protected":false},"excerpt":{"rendered":"<p>Escritora, autora de vasta obra liter\u00e1ria com temas relacionados \u00e1 cidade de Tim\u00f3teo.Vice-presidente da APEMT- Associa\u00e7\u00e3o de Poetas e Escritores de Tim\u00f3teo. Curadora respons\u00e1vel pelo Lar das Meninas Joana de Angeli. Telefone: (31) 8661-6544P\u00e1gina da Internet: Homenagem \u00e1 Za\u00edra de CarvalhoP\u00e1gina da Internet: Za\u00edra de Carvalho Facebook: Zaira Carvalho<\/p>\n","protected":false},"author":13,"featured_media":2451,"comment_status":"open","ping_status":"open","sticky":false,"template":"","format":"standard","meta":{"footnotes":""},"categories":[271,5,4,25,14],"tags":[289,44,287,288],"class_list":["post-2449","post","type-post","status-publish","format-standard","has-post-thumbnail","hentry","category-_timoteo","category-arte-educador-educador-social","category-linguagem-artisticas","category-literatura","category-memoria-patrimonio-e-historia-local","tag-antologiapoetica","tag-literatura","tag-livros","tag-poesias","item-wrap"],"_links":{"self":[{"href":"https:\/\/mapadadiversidade.com.br\/ipatinga\/wp-json\/wp\/v2\/posts\/2449","targetHints":{"allow":["GET"]}}],"collection":[{"href":"https:\/\/mapadadiversidade.com.br\/ipatinga\/wp-json\/wp\/v2\/posts"}],"about":[{"href":"https:\/\/mapadadiversidade.com.br\/ipatinga\/wp-json\/wp\/v2\/types\/post"}],"author":[{"embeddable":true,"href":"https:\/\/mapadadiversidade.com.br\/ipatinga\/wp-json\/wp\/v2\/users\/13"}],"replies":[{"embeddable":true,"href":"https:\/\/mapadadiversidade.com.br\/ipatinga\/wp-json\/wp\/v2\/comments?post=2449"}],"version-history":[{"count":8,"href":"https:\/\/mapadadiversidade.com.br\/ipatinga\/wp-json\/wp\/v2\/posts\/2449\/revisions"}],"predecessor-version":[{"id":2679,"href":"https:\/\/mapadadiversidade.com.br\/ipatinga\/wp-json\/wp\/v2\/posts\/2449\/revisions\/2679"}],"wp:featuredmedia":[{"embeddable":true,"href":"https:\/\/mapadadiversidade.com.br\/ipatinga\/wp-json\/wp\/v2\/media\/2451"}],"wp:attachment":[{"href":"https:\/\/mapadadiversidade.com.br\/ipatinga\/wp-json\/wp\/v2\/media?parent=2449"}],"wp:term":[{"taxonomy":"category","embeddable":true,"href":"https:\/\/mapadadiversidade.com.br\/ipatinga\/wp-json\/wp\/v2\/categories?post=2449"},{"taxonomy":"post_tag","embeddable":true,"href":"https:\/\/mapadadiversidade.com.br\/ipatinga\/wp-json\/wp\/v2\/tags?post=2449"}],"curies":[{"name":"wp","href":"https:\/\/api.w.org\/{rel}","templated":true}]}}