{"id":2460,"date":"2019-07-30T18:07:31","date_gmt":"2019-07-30T21:07:31","guid":{"rendered":"https:\/\/mapadadiversidade.com.br\/ipatinga\/?p=2460"},"modified":"2024-02-09T10:48:13","modified_gmt":"2024-02-09T13:48:13","slug":"thaynara-valbuza-leal","status":"publish","type":"post","link":"https:\/\/mapadadiversidade.com.br\/ipatinga\/thaynara-valbuza-leal\/","title":{"rendered":"Thaynara Valbuza Leal"},"content":{"rendered":"\n<p>Arquiteta e Urbanista.com atua\u00e7\u00e3o na produ\u00e7\u00e3o de arquitetura sacra e elabora\u00e7\u00e3o de atividades comunit\u00e1rias.<\/p>\n\n\n\n<p>Hist\u00f3rico:<br>Atua em trabalhos culturais e religiosos da Igreja Cat\u00f3lica. Trabalha com elabora\u00e7\u00e3o de projetos de o campo com arquitetura sacra. Trabalhou com projetos de restauro da Academia Olguim em parceria com outra arquiteta. Estudou gest\u00e3o cultural e aprofundamento da gest\u00e3o pelo Observat\u00f3rio da Diversidade e atuou no mapeamento da diversidade cultural. Trabalhou com elabora\u00e7\u00e3o de oficinas comunit\u00e1rias para Plano Diretor de Coronel Fabriciano.  <\/p>\n\n\n\n<p>Facebok: <a href=\"https:\/\/www.facebook.com\/obecoarquitetura\/\">obecoarquitetura<\/a><\/p>\n\n\n\n<p>Instagran: <a href=\"https:\/\/www.instagram.com\/obecoarquitetura\/\">obecoarquitetura<\/a><\/p>\n\n\n\n<p>email:obecoarquitetura@gmail.com<\/p>\n\n\n\n<figure class=\"wp-block-embed-youtube wp-block-embed is-type-video is-provider-youtube wp-embed-aspect-16-9 wp-has-aspect-ratio\"><div class=\"wp-block-embed__wrapper\">\n<iframe loading=\"lazy\" title=\"VID 20190730 WA0018\" width=\"944\" height=\"531\" src=\"https:\/\/www.youtube.com\/embed\/xcik8ta7thI?feature=oembed\" frameborder=\"0\" allow=\"accelerometer; autoplay; clipboard-write; encrypted-media; gyroscope; picture-in-picture; web-share\" allowfullscreen><\/iframe>\n<\/div><\/figure>\n\n\n\n<ul class=\"wp-block-gallery columns-1 is-cropped wp-block-gallery-1 is-layout-flex wp-block-gallery-is-layout-flex\"><li class=\"blocks-gallery-item\"><figure><img loading=\"lazy\" decoding=\"async\" width=\"1024\" height=\"768\" src=\"https:\/\/mapadadiversidade.com.br\/ipatinga\/wp-content\/uploads\/2019\/07\/DSC03277-1024x768.jpg\" alt=\"\" data-id=\"2463\" data-link=\"https:\/\/mapadadiversidade.com.br\/ipatinga\/thaynara-valbuza-leal\/dsc03277\/\" class=\"wp-image-2463\" srcset=\"https:\/\/mapadadiversidade.com.br\/ipatinga\/wp-content\/uploads\/2019\/07\/DSC03277-1024x768.jpg 1024w, https:\/\/mapadadiversidade.com.br\/ipatinga\/wp-content\/uploads\/2019\/07\/DSC03277-300x225.jpg 300w, https:\/\/mapadadiversidade.com.br\/ipatinga\/wp-content\/uploads\/2019\/07\/DSC03277-768x576.jpg 768w\" sizes=\"auto, (max-width: 1024px) 100vw, 1024px\" \/><\/figure><\/li><\/ul>\n\n\n\n<ul class=\"wp-block-gallery columns-2 is-cropped wp-block-gallery-2 is-layout-flex wp-block-gallery-is-layout-flex\"><li class=\"blocks-gallery-item\"><figure><img loading=\"lazy\" decoding=\"async\" width=\"1024\" height=\"533\" src=\"https:\/\/mapadadiversidade.com.br\/ipatinga\/wp-content\/uploads\/2019\/07\/IGREJA-1024x533.jpg\" alt=\"\" data-id=\"2465\" data-link=\"https:\/\/mapadadiversidade.com.br\/ipatinga\/thaynara-valbuza-leal\/igreja\/\" class=\"wp-image-2465\" srcset=\"https:\/\/mapadadiversidade.com.br\/ipatinga\/wp-content\/uploads\/2019\/07\/IGREJA-1024x533.jpg 1024w, https:\/\/mapadadiversidade.com.br\/ipatinga\/wp-content\/uploads\/2019\/07\/IGREJA-300x156.jpg 300w, https:\/\/mapadadiversidade.com.br\/ipatinga\/wp-content\/uploads\/2019\/07\/IGREJA-768x399.jpg 768w\" sizes=\"auto, (max-width: 1024px) 100vw, 1024px\" \/><\/figure><\/li><li class=\"blocks-gallery-item\"><figure><img loading=\"lazy\" decoding=\"async\" width=\"1024\" height=\"768\" src=\"https:\/\/mapadadiversidade.com.br\/ipatinga\/wp-content\/uploads\/2019\/07\/IMG-20190730-WA0021-1024x768.jpg\" alt=\"\" data-id=\"2466\" data-link=\"https:\/\/mapadadiversidade.com.br\/ipatinga\/thaynara-valbuza-leal\/img-20190730-wa0021\/\" class=\"wp-image-2466\" srcset=\"https:\/\/mapadadiversidade.com.br\/ipatinga\/wp-content\/uploads\/2019\/07\/IMG-20190730-WA0021-1024x768.jpg 1024w, https:\/\/mapadadiversidade.com.br\/ipatinga\/wp-content\/uploads\/2019\/07\/IMG-20190730-WA0021-300x225.jpg 300w, https:\/\/mapadadiversidade.com.br\/ipatinga\/wp-content\/uploads\/2019\/07\/IMG-20190730-WA0021-768x576.jpg 768w, https:\/\/mapadadiversidade.com.br\/ipatinga\/wp-content\/uploads\/2019\/07\/IMG-20190730-WA0021.jpg 1280w\" sizes=\"auto, (max-width: 1024px) 100vw, 1024px\" \/><\/figure><\/li><\/ul>\n","protected":false},"excerpt":{"rendered":"<p>Arquiteta e Urbanista.com atua\u00e7\u00e3o na produ\u00e7\u00e3o de arquitetura sacra e elabora\u00e7\u00e3o de atividades comunit\u00e1rias<\/p>\n","protected":false},"author":14,"featured_media":2464,"comment_status":"open","ping_status":"open","sticky":false,"template":"","format":"standard","meta":{"footnotes":""},"categories":[1,21,35],"tags":[36],"class_list":["post-2460","post","type-post","status-publish","format-standard","has-post-thumbnail","hentry","category-ipatinga","category-_regiao-metropolitana-do-vale-do-aco","category-arquitetura-e-urbanismo","tag-arquitetura","item-wrap"],"_links":{"self":[{"href":"https:\/\/mapadadiversidade.com.br\/ipatinga\/wp-json\/wp\/v2\/posts\/2460","targetHints":{"allow":["GET"]}}],"collection":[{"href":"https:\/\/mapadadiversidade.com.br\/ipatinga\/wp-json\/wp\/v2\/posts"}],"about":[{"href":"https:\/\/mapadadiversidade.com.br\/ipatinga\/wp-json\/wp\/v2\/types\/post"}],"author":[{"embeddable":true,"href":"https:\/\/mapadadiversidade.com.br\/ipatinga\/wp-json\/wp\/v2\/users\/14"}],"replies":[{"embeddable":true,"href":"https:\/\/mapadadiversidade.com.br\/ipatinga\/wp-json\/wp\/v2\/comments?post=2460"}],"version-history":[{"count":5,"href":"https:\/\/mapadadiversidade.com.br\/ipatinga\/wp-json\/wp\/v2\/posts\/2460\/revisions"}],"predecessor-version":[{"id":2495,"href":"https:\/\/mapadadiversidade.com.br\/ipatinga\/wp-json\/wp\/v2\/posts\/2460\/revisions\/2495"}],"wp:featuredmedia":[{"embeddable":true,"href":"https:\/\/mapadadiversidade.com.br\/ipatinga\/wp-json\/wp\/v2\/media\/2464"}],"wp:attachment":[{"href":"https:\/\/mapadadiversidade.com.br\/ipatinga\/wp-json\/wp\/v2\/media?parent=2460"}],"wp:term":[{"taxonomy":"category","embeddable":true,"href":"https:\/\/mapadadiversidade.com.br\/ipatinga\/wp-json\/wp\/v2\/categories?post=2460"},{"taxonomy":"post_tag","embeddable":true,"href":"https:\/\/mapadadiversidade.com.br\/ipatinga\/wp-json\/wp\/v2\/tags?post=2460"}],"curies":[{"name":"wp","href":"https:\/\/api.w.org\/{rel}","templated":true}]}}