{"id":2468,"date":"2019-07-30T20:46:00","date_gmt":"2019-07-30T23:46:00","guid":{"rendered":"https:\/\/mapadadiversidade.com.br\/ipatinga\/?p=2468"},"modified":"2019-07-31T01:12:19","modified_gmt":"2019-07-31T04:12:19","slug":"daniela-alves","status":"publish","type":"post","link":"https:\/\/mapadadiversidade.com.br\/ipatinga\/daniela-alves\/","title":{"rendered":"Daniela Alves"},"content":{"rendered":"\n<p>Atriz- DaMa Espa\u00e7o Cultural. Atua como atriz, contadora de hist\u00f3rias e focalizadora de dan\u00e7a circular.  S\u00f3cia- propriet\u00e1ria e Gestora do Dama Espa\u00e7o Cultural, localizado em Tim\u00f3teo, MG. Produtora cultural  com foco em teatro.<\/p>\n\n\n\n<p>Telefone: (31) 8799-2610<br>Facebook: <a href=\"https:\/\/www.facebook.com\/damaespacocultural\/\">DaMa Espa\u00e7o Cultural<\/a><br>Instagram: <a href=\"https:\/\/www.instagram.com\/damaespacocultural\/\">DaMa Espa\u00e7o Cultural<\/a> <\/p>\n\n\n\n<figure class=\"wp-block-embed-youtube wp-block-embed is-type-video is-provider-youtube wp-embed-aspect-16-9 wp-has-aspect-ratio\"><div class=\"wp-block-embed__wrapper\">\n<iframe loading=\"lazy\" title=\"Daniela  Alves\" width=\"944\" height=\"531\" src=\"https:\/\/www.youtube.com\/embed\/QCgkZ2LseVg?feature=oembed\" frameborder=\"0\" allow=\"accelerometer; autoplay; encrypted-media; gyroscope; picture-in-picture\" allowfullscreen><\/iframe>\n<\/div><\/figure>\n\n\n\n<figure class=\"wp-block-image\"><img loading=\"lazy\" decoding=\"async\" width=\"960\" height=\"849\" src=\"https:\/\/mapadadiversidade.com.br\/ipatinga\/wp-content\/uploads\/2019\/07\/daniela-alves.jpg\" alt=\"\" class=\"wp-image-2475\" srcset=\"https:\/\/mapadadiversidade.com.br\/ipatinga\/wp-content\/uploads\/2019\/07\/daniela-alves.jpg 960w, https:\/\/mapadadiversidade.com.br\/ipatinga\/wp-content\/uploads\/2019\/07\/daniela-alves-300x265.jpg 300w, https:\/\/mapadadiversidade.com.br\/ipatinga\/wp-content\/uploads\/2019\/07\/daniela-alves-768x679.jpg 768w\" sizes=\"auto, (max-width: 960px) 100vw, 960px\" \/><\/figure>\n","protected":false},"excerpt":{"rendered":"<p>Atriz- DaMa Espa\u00e7o Cultural. Atua como atriz, contadora de hist\u00f3rias e focalizadora de dan\u00e7a circular. S\u00f3cia- propriet\u00e1ria e Gestora do Dama Espa\u00e7o Cultural, localizado em Tim\u00f3teo, MG. Produtora cultural com foco em teatro. Telefone: (31) 8799-2610Facebook: DaMa Espa\u00e7o CulturalInstagram: DaMa Espa\u00e7o Cultural<\/p>\n","protected":false},"author":13,"featured_media":0,"comment_status":"open","ping_status":"open","sticky":false,"template":"","format":"standard","meta":{"footnotes":""},"categories":[271,104,15,18,13],"tags":[155,290,47],"class_list":["post-2468","post","type-post","status-publish","format-standard","hentry","category-_timoteo","category-espacos","category-praticas-da-mente-e-do-corpo","category-produtor-ou-gestor-cultural","category-teatro","tag-atriz","tag-espacocultural-contacaodehistorias","tag-teatro","item-wrap"],"_links":{"self":[{"href":"https:\/\/mapadadiversidade.com.br\/ipatinga\/wp-json\/wp\/v2\/posts\/2468","targetHints":{"allow":["GET"]}}],"collection":[{"href":"https:\/\/mapadadiversidade.com.br\/ipatinga\/wp-json\/wp\/v2\/posts"}],"about":[{"href":"https:\/\/mapadadiversidade.com.br\/ipatinga\/wp-json\/wp\/v2\/types\/post"}],"author":[{"embeddable":true,"href":"https:\/\/mapadadiversidade.com.br\/ipatinga\/wp-json\/wp\/v2\/users\/13"}],"replies":[{"embeddable":true,"href":"https:\/\/mapadadiversidade.com.br\/ipatinga\/wp-json\/wp\/v2\/comments?post=2468"}],"version-history":[{"count":5,"href":"https:\/\/mapadadiversidade.com.br\/ipatinga\/wp-json\/wp\/v2\/posts\/2468\/revisions"}],"predecessor-version":[{"id":2477,"href":"https:\/\/mapadadiversidade.com.br\/ipatinga\/wp-json\/wp\/v2\/posts\/2468\/revisions\/2477"}],"wp:attachment":[{"href":"https:\/\/mapadadiversidade.com.br\/ipatinga\/wp-json\/wp\/v2\/media?parent=2468"}],"wp:term":[{"taxonomy":"category","embeddable":true,"href":"https:\/\/mapadadiversidade.com.br\/ipatinga\/wp-json\/wp\/v2\/categories?post=2468"},{"taxonomy":"post_tag","embeddable":true,"href":"https:\/\/mapadadiversidade.com.br\/ipatinga\/wp-json\/wp\/v2\/tags?post=2468"}],"curies":[{"name":"wp","href":"https:\/\/api.w.org\/{rel}","templated":true}]}}