{"id":254,"date":"2019-06-02T16:55:12","date_gmt":"2019-06-02T19:55:12","guid":{"rendered":"https:\/\/mapadadiversidade.com.br\/ipatinga\/?p=254"},"modified":"2019-07-09T11:32:28","modified_gmt":"2019-07-09T14:32:28","slug":"marcha-da-maconha-vale-do-aco","status":"publish","type":"post","link":"https:\/\/mapadadiversidade.com.br\/ipatinga\/marcha-da-maconha-vale-do-aco\/","title":{"rendered":"Marcha da Maconha Vale do A\u00e7o"},"content":{"rendered":"\n<p>Por meio do direito de se manifestar nos reunimos numa data definida conforme calend\u00e1rio nacional das marchas para reivindicar nossas pautas; entre elas a descriminaliza\u00e7\u00e3o para auto cultivo, fim da guerra aos pobres e negros, o estudo e desenvolvimento da cannabis medicinal pela rede p\u00fablica de sa\u00fade, fim da viol\u00eancia militar contra o usu\u00e1rio, pelo direito \u00e0 intimidade, e liberdade de express\u00e3o e pensamento.<\/p>\n\n\n\n<p>Pr\u00e1ticas socioculturais <\/p>\n\n\n\n<p>Atua\u00e7\u00e3o secund\u00e1ria: com a intera\u00e7\u00e3o virtual desenvolvemos um trabalho informativo pelo qual diariamente publicamos artigos, estudos, processos relacionados a maconha que transitam no legislativo, uso medicinal, empreendedorismo, sobre os direitos dos usu\u00e1rios, pol\u00edtica de drogas.<\/p>\n\n\n\n<p>Hist\u00f3rico de sua atua\u00e7\u00e3o: come\u00e7amos no ano de 2018 com a primeira marcha, reunimos alguns jovens e montamos a organiza\u00e7\u00e3o e equipe de apoio no intuito de trazer informa\u00e7\u00e3o aos usu\u00e1rios sobre seus direitos. Realizamos essa manifesta\u00e7\u00e3o no dia 20 de abril de 2018, dia internacional da maconha, com a participa\u00e7\u00e3o de cerca de 25 pessoas durante a caminhada e 80 pessoas no Parque Ipanema, local de reuni\u00f5es e a\u00e7\u00f5es com distribui\u00e7\u00e3o de material informativo, m\u00fasica e roda de conversa\u00e7\u00e3o. Nesse ano de 2019 a marcha foi realizada no dia 25 de maio com a participa\u00e7\u00e3o de aproximadamente 50 pessoas durante todo o ato. Mantivemos o trajeto que se inicia no Campo do Itamaraty ao Parque Ipanema. <\/p>\n\n\n\n<p>Telefone: (33) 988008373<br>E-mail: marchadamaconhavaledoaco@gmail.com<br>Facebook: <a href=\"https:\/\/www.facebook.com\/MarchaDaMaconhaValedoAco\/\">Marcha da Maconha Vale do A\u00e7o<\/a> <br>Instagram: <a href=\"https:\/\/www.instagram.com\/marchadamaconhavaledoaco\/?hl=pt-br\">@marchadamaconhavaledoaco<\/a><\/p>\n","protected":false},"excerpt":{"rendered":"<p>Por meio do direito de se manifestar nos reunimos numa data definida conforme calend\u00e1rio nacional das marchas para reivindicar nossas pautas; entre elas a descriminaliza\u00e7\u00e3o para auto cultivo, fim da guerra aos pobres e negros, o estudo e desenvolvimento da cannabis medicinal pela rede p\u00fablica de sa\u00fade, fim da viol\u00eancia militar contra o usu\u00e1rio, pelo &hellip; <\/p>\n<p><a class=\"more-link btn\" href=\"https:\/\/mapadadiversidade.com.br\/ipatinga\/marcha-da-maconha-vale-do-aco\/\">Continue lendo<\/a><\/p>\n","protected":false},"author":5,"featured_media":0,"comment_status":"open","ping_status":"open","sticky":false,"template":"","format":"standard","meta":{"footnotes":""},"categories":[1,17],"tags":[],"class_list":["post-254","post","type-post","status-publish","format-standard","hentry","category-ipatinga","category-praticas-sociocultural","item-wrap"],"_links":{"self":[{"href":"https:\/\/mapadadiversidade.com.br\/ipatinga\/wp-json\/wp\/v2\/posts\/254","targetHints":{"allow":["GET"]}}],"collection":[{"href":"https:\/\/mapadadiversidade.com.br\/ipatinga\/wp-json\/wp\/v2\/posts"}],"about":[{"href":"https:\/\/mapadadiversidade.com.br\/ipatinga\/wp-json\/wp\/v2\/types\/post"}],"author":[{"embeddable":true,"href":"https:\/\/mapadadiversidade.com.br\/ipatinga\/wp-json\/wp\/v2\/users\/5"}],"replies":[{"embeddable":true,"href":"https:\/\/mapadadiversidade.com.br\/ipatinga\/wp-json\/wp\/v2\/comments?post=254"}],"version-history":[{"count":4,"href":"https:\/\/mapadadiversidade.com.br\/ipatinga\/wp-json\/wp\/v2\/posts\/254\/revisions"}],"predecessor-version":[{"id":1962,"href":"https:\/\/mapadadiversidade.com.br\/ipatinga\/wp-json\/wp\/v2\/posts\/254\/revisions\/1962"}],"wp:attachment":[{"href":"https:\/\/mapadadiversidade.com.br\/ipatinga\/wp-json\/wp\/v2\/media?parent=254"}],"wp:term":[{"taxonomy":"category","embeddable":true,"href":"https:\/\/mapadadiversidade.com.br\/ipatinga\/wp-json\/wp\/v2\/categories?post=254"},{"taxonomy":"post_tag","embeddable":true,"href":"https:\/\/mapadadiversidade.com.br\/ipatinga\/wp-json\/wp\/v2\/tags?post=254"}],"curies":[{"name":"wp","href":"https:\/\/api.w.org\/{rel}","templated":true}]}}