{"id":270,"date":"2019-06-02T15:25:15","date_gmt":"2019-06-02T18:25:15","guid":{"rendered":"https:\/\/mapadadiversidade.com.br\/ipatinga\/?p=270"},"modified":"2019-07-09T11:34:06","modified_gmt":"2019-07-09T14:34:06","slug":"joana-darc-gravina-fantinelli","status":"publish","type":"post","link":"https:\/\/mapadadiversidade.com.br\/ipatinga\/joana-darc-gravina-fantinelli\/","title":{"rendered":"Joana D&#8217;arc Gravina Fantinelli \/J\u00f4 Porcelana"},"content":{"rendered":"\n<p>Artesanato \/Pintura em Porcelana<\/p>\n\n\n\n<p>\n\nJoana  D&#8217;Arc porcelana, artes\u00e3, nasceu em Ub\u00e1 \/ MG, atua h\u00e1 30 anos  em Ipatinga  na \u00e1rea do artesanato, aplicando a t\u00e9cnica da pintura em porcelana. Exp\u00f5e e vende seus produtos na Feirarte\/Ipatinga aos domingos e participa em outras feiras fora da  regi\u00e3o. \n\n<\/p>\n\n\n\n<p>E-mail: joporcelana@@yahoo.com.br<br>Contato: 31 985693049<br>Facebook: <a href=\"https:\/\/www.facebook.com\/joanadarc.gravina.3\">J\u00f4 Porcelana<\/a><br>Instagram: <a href=\"https:\/\/www.instagram.com\/gravinajoanadarc\/\">J\u00f4 Porcelana<\/a><\/p>\n\n\n\n<figure class=\"wp-block-embed-youtube wp-block-embed is-type-video is-provider-youtube wp-embed-aspect-16-9 wp-has-aspect-ratio\"><div class=\"wp-block-embed__wrapper\">\n<iframe loading=\"lazy\" title=\"Joana Darc\" width=\"944\" height=\"531\" src=\"https:\/\/www.youtube.com\/embed\/SU8sYkVd1pQ?feature=oembed\" frameborder=\"0\" allow=\"accelerometer; autoplay; encrypted-media; gyroscope; picture-in-picture\" allowfullscreen><\/iframe>\n<\/div><\/figure>\n\n\n\n<figure class=\"wp-block-image is-resized\"><img loading=\"lazy\" decoding=\"async\" src=\"https:\/\/mapadadiversidade.com.br\/ipatinga\/wp-content\/uploads\/2019\/06\/joana-Darc.jpg\" alt=\"\" class=\"wp-image-273\" width=\"460\" height=\"345\" srcset=\"https:\/\/mapadadiversidade.com.br\/ipatinga\/wp-content\/uploads\/2019\/06\/joana-Darc.jpg 811w, https:\/\/mapadadiversidade.com.br\/ipatinga\/wp-content\/uploads\/2019\/06\/joana-Darc-300x225.jpg 300w, https:\/\/mapadadiversidade.com.br\/ipatinga\/wp-content\/uploads\/2019\/06\/joana-Darc-768x576.jpg 768w\" sizes=\"auto, (max-width: 460px) 100vw, 460px\" \/><\/figure>\n\n\n\n<figure class=\"wp-block-image is-resized\"><img loading=\"lazy\" decoding=\"async\" src=\"https:\/\/mapadadiversidade.com.br\/ipatinga\/wp-content\/uploads\/2019\/06\/joana-Darc-2.jpg\" alt=\"\" class=\"wp-image-274\" width=\"344\" height=\"458\" srcset=\"https:\/\/mapadadiversidade.com.br\/ipatinga\/wp-content\/uploads\/2019\/06\/joana-Darc-2.jpg 456w, https:\/\/mapadadiversidade.com.br\/ipatinga\/wp-content\/uploads\/2019\/06\/joana-Darc-2-225x300.jpg 225w\" sizes=\"auto, (max-width: 344px) 100vw, 344px\" \/><\/figure>\n","protected":false},"excerpt":{"rendered":"<p>Artes\u00e3, nasceu em Ub\u00e1 \/ MG, atua h\u00e1 30 anos  em Ipatinga  na \u00e1rea do artesanato, aplicando a t\u00e9cnica da pintura em porcelana.<\/p>\n","protected":false},"author":11,"featured_media":273,"comment_status":"open","ping_status":"open","sticky":false,"template":"","format":"standard","meta":{"footnotes":""},"categories":[1,11,4],"tags":[170,29,169],"class_list":["post-270","post","type-post","status-publish","format-standard","has-post-thumbnail","hentry","category-ipatinga","category-artesanato","category-linguagem-artisticas","tag-feirarte","tag-pintura","tag-porcelana","item-wrap"],"_links":{"self":[{"href":"https:\/\/mapadadiversidade.com.br\/ipatinga\/wp-json\/wp\/v2\/posts\/270","targetHints":{"allow":["GET"]}}],"collection":[{"href":"https:\/\/mapadadiversidade.com.br\/ipatinga\/wp-json\/wp\/v2\/posts"}],"about":[{"href":"https:\/\/mapadadiversidade.com.br\/ipatinga\/wp-json\/wp\/v2\/types\/post"}],"author":[{"embeddable":true,"href":"https:\/\/mapadadiversidade.com.br\/ipatinga\/wp-json\/wp\/v2\/users\/11"}],"replies":[{"embeddable":true,"href":"https:\/\/mapadadiversidade.com.br\/ipatinga\/wp-json\/wp\/v2\/comments?post=270"}],"version-history":[{"count":8,"href":"https:\/\/mapadadiversidade.com.br\/ipatinga\/wp-json\/wp\/v2\/posts\/270\/revisions"}],"predecessor-version":[{"id":1963,"href":"https:\/\/mapadadiversidade.com.br\/ipatinga\/wp-json\/wp\/v2\/posts\/270\/revisions\/1963"}],"wp:featuredmedia":[{"embeddable":true,"href":"https:\/\/mapadadiversidade.com.br\/ipatinga\/wp-json\/wp\/v2\/media\/273"}],"wp:attachment":[{"href":"https:\/\/mapadadiversidade.com.br\/ipatinga\/wp-json\/wp\/v2\/media?parent=270"}],"wp:term":[{"taxonomy":"category","embeddable":true,"href":"https:\/\/mapadadiversidade.com.br\/ipatinga\/wp-json\/wp\/v2\/categories?post=270"},{"taxonomy":"post_tag","embeddable":true,"href":"https:\/\/mapadadiversidade.com.br\/ipatinga\/wp-json\/wp\/v2\/tags?post=270"}],"curies":[{"name":"wp","href":"https:\/\/api.w.org\/{rel}","templated":true}]}}