{"id":285,"date":"2019-07-05T15:56:58","date_gmt":"2019-07-05T18:56:58","guid":{"rendered":"https:\/\/mapadadiversidade.com.br\/ipatinga\/?p=285"},"modified":"2019-07-07T16:25:47","modified_gmt":"2019-07-07T19:25:47","slug":"freddy-cosme","status":"publish","type":"post","link":"https:\/\/mapadadiversidade.com.br\/ipatinga\/freddy-cosme\/","title":{"rendered":"Freddy Cosme"},"content":{"rendered":"\n<p>Linguagens Art\u00edstica<br>Ilustra\u00e7\u00e3o<\/p>\n\n\n\n<p>Nascido em Tim\u00f3teo, atua com  ilustra\u00e7\u00f5es urbanas e como arquiteto. <\/p>\n\n\n\n<p><a href=\"https:\/\/www.facebook.com\/freddy.cosme1\">E-<\/a>mail: freddycnr@gmail.com<br>Facebook: <a href=\"https:\/\/www.facebook.com\/freddy.cosme1\">Freddy Cosme<\/a><br>Instagram: <a href=\"http:\/\/www.instagram.com\/cosmefreddy\/  \">@cosmefreddy<\/a><\/p>\n\n\n\n<figure class=\"wp-block-embed-youtube wp-block-embed is-type-video is-provider-youtube wp-embed-aspect-16-9 wp-has-aspect-ratio\"><div class=\"wp-block-embed__wrapper\">\n<iframe loading=\"lazy\" title=\"Freddy Cosme\" width=\"944\" height=\"531\" src=\"https:\/\/www.youtube.com\/embed\/I8NkaXcmlmY?feature=oembed\" frameborder=\"0\" allow=\"accelerometer; autoplay; encrypted-media; gyroscope; picture-in-picture\" allowfullscreen><\/iframe>\n<\/div><\/figure>\n\n\n\n<ul class=\"wp-block-gallery columns-3 is-cropped wp-block-gallery-1 is-layout-flex wp-block-gallery-is-layout-flex\"><li class=\"blocks-gallery-item\"><figure><img loading=\"lazy\" decoding=\"async\" width=\"1024\" height=\"794\" src=\"https:\/\/mapadadiversidade.com.br\/ipatinga\/wp-content\/uploads\/2019\/06\/Freddy-Cosme-Imagem-2-5-1024x794.jpg\" alt=\"\" data-id=\"666\" data-link=\"https:\/\/mapadadiversidade.com.br\/ipatinga\/freddy-cosme\/freddy-cosme-imagem-2-5\/\" class=\"wp-image-666\" srcset=\"https:\/\/mapadadiversidade.com.br\/ipatinga\/wp-content\/uploads\/2019\/06\/Freddy-Cosme-Imagem-2-5-1024x794.jpg 1024w, https:\/\/mapadadiversidade.com.br\/ipatinga\/wp-content\/uploads\/2019\/06\/Freddy-Cosme-Imagem-2-5-300x233.jpg 300w, https:\/\/mapadadiversidade.com.br\/ipatinga\/wp-content\/uploads\/2019\/06\/Freddy-Cosme-Imagem-2-5-768x596.jpg 768w\" sizes=\"auto, (max-width: 1024px) 100vw, 1024px\" \/><\/figure><\/li><li class=\"blocks-gallery-item\"><figure><img loading=\"lazy\" decoding=\"async\" width=\"779\" height=\"1024\" src=\"https:\/\/mapadadiversidade.com.br\/ipatinga\/wp-content\/uploads\/2019\/06\/Freddy-Cosme-Imagem-3--779x1024.jpg\" alt=\"\" data-id=\"675\" data-link=\"https:\/\/mapadadiversidade.com.br\/ipatinga\/freddy-cosme\/freddy-cosme-imagem-3\/\" class=\"wp-image-675\" srcset=\"https:\/\/mapadadiversidade.com.br\/ipatinga\/wp-content\/uploads\/2019\/06\/Freddy-Cosme-Imagem-3--779x1024.jpg 779w, https:\/\/mapadadiversidade.com.br\/ipatinga\/wp-content\/uploads\/2019\/06\/Freddy-Cosme-Imagem-3--228x300.jpg 228w, https:\/\/mapadadiversidade.com.br\/ipatinga\/wp-content\/uploads\/2019\/06\/Freddy-Cosme-Imagem-3--768x1010.jpg 768w\" sizes=\"auto, (max-width: 779px) 100vw, 779px\" \/><\/figure><\/li><li class=\"blocks-gallery-item\"><figure><img loading=\"lazy\" decoding=\"async\" width=\"1024\" height=\"796\" src=\"https:\/\/mapadadiversidade.com.br\/ipatinga\/wp-content\/uploads\/2019\/06\/Freddy-Cosme-Imagem-4-1024x796.jpg\" alt=\"\" data-id=\"686\" data-link=\"https:\/\/mapadadiversidade.com.br\/ipatinga\/freddy-cosme\/freddy-cosme-imagem-4\/\" class=\"wp-image-686\" srcset=\"https:\/\/mapadadiversidade.com.br\/ipatinga\/wp-content\/uploads\/2019\/06\/Freddy-Cosme-Imagem-4-1024x796.jpg 1024w, https:\/\/mapadadiversidade.com.br\/ipatinga\/wp-content\/uploads\/2019\/06\/Freddy-Cosme-Imagem-4-300x233.jpg 300w, https:\/\/mapadadiversidade.com.br\/ipatinga\/wp-content\/uploads\/2019\/06\/Freddy-Cosme-Imagem-4-768x597.jpg 768w\" sizes=\"auto, (max-width: 1024px) 100vw, 1024px\" \/><\/figure><\/li><li class=\"blocks-gallery-item\"><figure><img loading=\"lazy\" decoding=\"async\" width=\"766\" height=\"1024\" src=\"https:\/\/mapadadiversidade.com.br\/ipatinga\/wp-content\/uploads\/2019\/06\/Freddy-Cosme-766x1024.jpg\" alt=\"\" data-id=\"688\" data-link=\"https:\/\/mapadadiversidade.com.br\/ipatinga\/freddy-cosme\/freddy-cosme-2\/\" class=\"wp-image-688\" srcset=\"https:\/\/mapadadiversidade.com.br\/ipatinga\/wp-content\/uploads\/2019\/06\/Freddy-Cosme-766x1024.jpg 766w, https:\/\/mapadadiversidade.com.br\/ipatinga\/wp-content\/uploads\/2019\/06\/Freddy-Cosme-224x300.jpg 224w, https:\/\/mapadadiversidade.com.br\/ipatinga\/wp-content\/uploads\/2019\/06\/Freddy-Cosme-768x1027.jpg 768w\" sizes=\"auto, (max-width: 766px) 100vw, 766px\" \/><\/figure><\/li><\/ul>\n","protected":false},"excerpt":{"rendered":"<p>Atua com  ilustra\u00e7\u00f5es urbanas e como arquiteto. <\/p>\n","protected":false},"author":13,"featured_media":695,"comment_status":"open","ping_status":"open","sticky":false,"template":"","format":"standard","meta":{"footnotes":""},"categories":[1,129,4],"tags":[36,130],"class_list":["post-285","post","type-post","status-publish","format-standard","has-post-thumbnail","hentry","category-ipatinga","category-design-e-ilustracao","category-linguagem-artisticas","tag-arquitetura","tag-ilustracao","item-wrap"],"_links":{"self":[{"href":"https:\/\/mapadadiversidade.com.br\/ipatinga\/wp-json\/wp\/v2\/posts\/285","targetHints":{"allow":["GET"]}}],"collection":[{"href":"https:\/\/mapadadiversidade.com.br\/ipatinga\/wp-json\/wp\/v2\/posts"}],"about":[{"href":"https:\/\/mapadadiversidade.com.br\/ipatinga\/wp-json\/wp\/v2\/types\/post"}],"author":[{"embeddable":true,"href":"https:\/\/mapadadiversidade.com.br\/ipatinga\/wp-json\/wp\/v2\/users\/13"}],"replies":[{"embeddable":true,"href":"https:\/\/mapadadiversidade.com.br\/ipatinga\/wp-json\/wp\/v2\/comments?post=285"}],"version-history":[{"count":10,"href":"https:\/\/mapadadiversidade.com.br\/ipatinga\/wp-json\/wp\/v2\/posts\/285\/revisions"}],"predecessor-version":[{"id":1764,"href":"https:\/\/mapadadiversidade.com.br\/ipatinga\/wp-json\/wp\/v2\/posts\/285\/revisions\/1764"}],"wp:featuredmedia":[{"embeddable":true,"href":"https:\/\/mapadadiversidade.com.br\/ipatinga\/wp-json\/wp\/v2\/media\/695"}],"wp:attachment":[{"href":"https:\/\/mapadadiversidade.com.br\/ipatinga\/wp-json\/wp\/v2\/media?parent=285"}],"wp:term":[{"taxonomy":"category","embeddable":true,"href":"https:\/\/mapadadiversidade.com.br\/ipatinga\/wp-json\/wp\/v2\/categories?post=285"},{"taxonomy":"post_tag","embeddable":true,"href":"https:\/\/mapadadiversidade.com.br\/ipatinga\/wp-json\/wp\/v2\/tags?post=285"}],"curies":[{"name":"wp","href":"https:\/\/api.w.org\/{rel}","templated":true}]}}