{"id":298,"date":"2019-06-02T17:18:52","date_gmt":"2019-06-02T20:18:52","guid":{"rendered":"https:\/\/mapadadiversidade.com.br\/ipatinga\/?p=298"},"modified":"2019-07-09T11:28:59","modified_gmt":"2019-07-09T14:28:59","slug":"jaqueline-rocha-oliveira","status":"publish","type":"post","link":"https:\/\/mapadadiversidade.com.br\/ipatinga\/jaqueline-rocha-oliveira\/","title":{"rendered":"Jaqueline Rocha Oliveira"},"content":{"rendered":"\n<p>Pr\u00e1ticas Socioambientais<\/p>\n\n\n\n<p>Jaqueline Rocha, nasceu em Ipatinga\/MG, atua na \u00e1rea da  pr\u00e1tica da educa\u00e7\u00e3o ambiental h\u00e1 2 anos, com hortali\u00e7as e ch\u00e1s medicinais para o bem viver, com foco na agroecologia no ambiente escolar. Promove eventos com resgate cultural do bem viver.<\/p>\n\n\n\n<p>Contato: 31 987537210<br>E-mail: jaquelinegeoufv@yahoo.com.br<br>Facebook:<a href=\"https:\/\/www.facebook.com\/TerapiasNaturais.FloreSer\/?epa=SEARCH_BOX\">  Jaqueline Rocha <\/a><br>Facebook: <a href=\"https:\/\/www.facebook.com\/TerapiasNaturais.FloreSer\/\">Jaqueline Rocha<\/a><br>Instagram:<a href=\"https:\/\/www.instagram.com\/terapiasfloreser\/?hl=pt-br\"> Jaqueline Rocha<\/a><\/p>\n\n\n\n<ul class=\"wp-block-gallery columns-2 is-cropped wp-block-gallery-1 is-layout-flex wp-block-gallery-is-layout-flex\"><li class=\"blocks-gallery-item\"><figure><img loading=\"lazy\" decoding=\"async\" width=\"1024\" height=\"768\" src=\"https:\/\/mapadadiversidade.com.br\/ipatinga\/wp-content\/uploads\/2019\/06\/thumbnail_IMG_20190528_084955693_HDR-1-1024x768.jpg\" alt=\"\" data-id=\"349\" data-link=\"https:\/\/mapadadiversidade.com.br\/ipatinga\/jaqueline-rocha-oliveira\/thumbnail_img_20190528_084955693_hdr-1\/\" class=\"wp-image-349\" srcset=\"https:\/\/mapadadiversidade.com.br\/ipatinga\/wp-content\/uploads\/2019\/06\/thumbnail_IMG_20190528_084955693_HDR-1-1024x768.jpg 1024w, https:\/\/mapadadiversidade.com.br\/ipatinga\/wp-content\/uploads\/2019\/06\/thumbnail_IMG_20190528_084955693_HDR-1-300x225.jpg 300w, https:\/\/mapadadiversidade.com.br\/ipatinga\/wp-content\/uploads\/2019\/06\/thumbnail_IMG_20190528_084955693_HDR-1-768x576.jpg 768w, https:\/\/mapadadiversidade.com.br\/ipatinga\/wp-content\/uploads\/2019\/06\/thumbnail_IMG_20190528_084955693_HDR-1.jpg 1280w\" sizes=\"auto, (max-width: 1024px) 100vw, 1024px\" \/><\/figure><\/li><li class=\"blocks-gallery-item\"><figure><img loading=\"lazy\" decoding=\"async\" width=\"1024\" height=\"768\" src=\"https:\/\/mapadadiversidade.com.br\/ipatinga\/wp-content\/uploads\/2019\/06\/IMG_20190528_092352806_HDR-1-1024x768.jpg\" alt=\"\" data-id=\"348\" data-link=\"https:\/\/mapadadiversidade.com.br\/ipatinga\/jaqueline-rocha-oliveira\/img_20190528_092352806_hdr-1\/\" class=\"wp-image-348\" srcset=\"https:\/\/mapadadiversidade.com.br\/ipatinga\/wp-content\/uploads\/2019\/06\/IMG_20190528_092352806_HDR-1-1024x768.jpg 1024w, https:\/\/mapadadiversidade.com.br\/ipatinga\/wp-content\/uploads\/2019\/06\/IMG_20190528_092352806_HDR-1-300x225.jpg 300w, https:\/\/mapadadiversidade.com.br\/ipatinga\/wp-content\/uploads\/2019\/06\/IMG_20190528_092352806_HDR-1-768x576.jpg 768w, https:\/\/mapadadiversidade.com.br\/ipatinga\/wp-content\/uploads\/2019\/06\/IMG_20190528_092352806_HDR-1.jpg 1227w\" sizes=\"auto, (max-width: 1024px) 100vw, 1024px\" \/><\/figure><\/li><li class=\"blocks-gallery-item\"><figure><img loading=\"lazy\" decoding=\"async\" width=\"1024\" height=\"768\" src=\"https:\/\/mapadadiversidade.com.br\/ipatinga\/wp-content\/uploads\/2019\/06\/IMG_20190528_092333896_HDR-1-1024x768.jpg\" alt=\"\" data-id=\"347\" data-link=\"https:\/\/mapadadiversidade.com.br\/ipatinga\/jaqueline-rocha-oliveira\/img_20190528_092333896_hdr-1\/\" class=\"wp-image-347\" srcset=\"https:\/\/mapadadiversidade.com.br\/ipatinga\/wp-content\/uploads\/2019\/06\/IMG_20190528_092333896_HDR-1-1024x768.jpg 1024w, https:\/\/mapadadiversidade.com.br\/ipatinga\/wp-content\/uploads\/2019\/06\/IMG_20190528_092333896_HDR-1-300x225.jpg 300w, https:\/\/mapadadiversidade.com.br\/ipatinga\/wp-content\/uploads\/2019\/06\/IMG_20190528_092333896_HDR-1-768x576.jpg 768w, https:\/\/mapadadiversidade.com.br\/ipatinga\/wp-content\/uploads\/2019\/06\/IMG_20190528_092333896_HDR-1.jpg 1227w\" sizes=\"auto, (max-width: 1024px) 100vw, 1024px\" \/><\/figure><\/li><li class=\"blocks-gallery-item\"><figure><img loading=\"lazy\" decoding=\"async\" width=\"969\" height=\"774\" src=\"https:\/\/mapadadiversidade.com.br\/ipatinga\/wp-content\/uploads\/2019\/07\/57308536_2127642477334866_4516350917120884736_o.jpg\" alt=\"\" data-id=\"1605\" data-link=\"https:\/\/mapadadiversidade.com.br\/ipatinga\/jaqueline-rocha-oliveira\/57308536_2127642477334866_4516350917120884736_o\/\" class=\"wp-image-1605\" srcset=\"https:\/\/mapadadiversidade.com.br\/ipatinga\/wp-content\/uploads\/2019\/07\/57308536_2127642477334866_4516350917120884736_o.jpg 969w, https:\/\/mapadadiversidade.com.br\/ipatinga\/wp-content\/uploads\/2019\/07\/57308536_2127642477334866_4516350917120884736_o-300x240.jpg 300w, https:\/\/mapadadiversidade.com.br\/ipatinga\/wp-content\/uploads\/2019\/07\/57308536_2127642477334866_4516350917120884736_o-768x613.jpg 768w\" sizes=\"auto, (max-width: 969px) 100vw, 969px\" \/><\/figure><\/li><\/ul>\n","protected":false},"excerpt":{"rendered":"<p>Atua na \u00e1rea da  pr\u00e1tica da educa\u00e7\u00e3o ambiental h\u00e1 2 anos, com hortali\u00e7as e ch\u00e1s medicinais para o bem viver,<\/p>\n","protected":false},"author":11,"featured_media":347,"comment_status":"open","ping_status":"open","sticky":false,"template":"","format":"standard","meta":{"footnotes":""},"categories":[1,16],"tags":[238,237],"class_list":["post-298","post","type-post","status-publish","format-standard","has-post-thumbnail","hentry","category-ipatinga","category-praticas-socioambientais","tag-agroecologia","tag-socioambientais","item-wrap"],"_links":{"self":[{"href":"https:\/\/mapadadiversidade.com.br\/ipatinga\/wp-json\/wp\/v2\/posts\/298","targetHints":{"allow":["GET"]}}],"collection":[{"href":"https:\/\/mapadadiversidade.com.br\/ipatinga\/wp-json\/wp\/v2\/posts"}],"about":[{"href":"https:\/\/mapadadiversidade.com.br\/ipatinga\/wp-json\/wp\/v2\/types\/post"}],"author":[{"embeddable":true,"href":"https:\/\/mapadadiversidade.com.br\/ipatinga\/wp-json\/wp\/v2\/users\/11"}],"replies":[{"embeddable":true,"href":"https:\/\/mapadadiversidade.com.br\/ipatinga\/wp-json\/wp\/v2\/comments?post=298"}],"version-history":[{"count":7,"href":"https:\/\/mapadadiversidade.com.br\/ipatinga\/wp-json\/wp\/v2\/posts\/298\/revisions"}],"predecessor-version":[{"id":1960,"href":"https:\/\/mapadadiversidade.com.br\/ipatinga\/wp-json\/wp\/v2\/posts\/298\/revisions\/1960"}],"wp:featuredmedia":[{"embeddable":true,"href":"https:\/\/mapadadiversidade.com.br\/ipatinga\/wp-json\/wp\/v2\/media\/347"}],"wp:attachment":[{"href":"https:\/\/mapadadiversidade.com.br\/ipatinga\/wp-json\/wp\/v2\/media?parent=298"}],"wp:term":[{"taxonomy":"category","embeddable":true,"href":"https:\/\/mapadadiversidade.com.br\/ipatinga\/wp-json\/wp\/v2\/categories?post=298"},{"taxonomy":"post_tag","embeddable":true,"href":"https:\/\/mapadadiversidade.com.br\/ipatinga\/wp-json\/wp\/v2\/tags?post=298"}],"curies":[{"name":"wp","href":"https:\/\/api.w.org\/{rel}","templated":true}]}}