{"id":302,"date":"2019-07-07T14:01:15","date_gmt":"2019-07-07T17:01:15","guid":{"rendered":"https:\/\/mapadadiversidade.com.br\/ipatinga\/?p=302"},"modified":"2019-07-08T16:18:06","modified_gmt":"2019-07-08T19:18:06","slug":"rosane-dias","status":"publish","type":"post","link":"https:\/\/mapadadiversidade.com.br\/ipatinga\/rosane-dias\/","title":{"rendered":"Rosane Dias"},"content":{"rendered":"\n<p>Linguagens Art\u00edsticas <br>Artes Visuais\/ Pintura<\/p>\n\n\n\n<p>Artista visual , pintora, ministra oficinas em projetos culturais e eventos e desenvolve pesquisas para elabora\u00e7\u00e3o de tintas, materiais art\u00edsticos e produtos a partir de rejeitos de siderurgia e minera\u00e7\u00e3o.  <\/p>\n\n\n\n<p>Outra atua\u00e7\u00e3o: Arte Educador <\/p>\n\n\n\n<p>Hist\u00f3rico: Rosane Dias \u00e9 artista visual, Bacharel em Pintura pela Escola de Belas Artes da UFMG, tamb\u00e9m estudou Artes Pl\u00e1sticas e Contemporaneidade pela UEMG. Como pintora, participou de diversos cursos de experimenta\u00e7\u00e3o, reflex\u00e3o e atualiza\u00e7\u00e3o nos festivais de inverno da UFMG, al\u00e9m de oficinas de desenho, gravura e performance. Em 1999, sua obra obteve destaque no Projeto Portas Abertas, realizado pelas galerias Thomas Cohn de SP e Kolams de BH e Men\u00e7\u00e3o Honrosa no 1\u00ba Sal\u00e3o USIMINAS de Artes Visuais. Participou em 2001 das exposi\u00e7\u00f5es: 7 Artistas Premiados do Vale do A\u00e7o, da Mostra Coletiva na Galeria Sandra Resende em Vit\u00f3ria\/ES, da Mostra na Galeria de Arte da Telemar em BH e realizou ainda uma individual no Pal\u00e1cio das Artes. Em 2005 recebeu o Pr\u00eamio USIMINAS de Artes Visuais. Em 2008 recebeu o Pr\u00eamio de Ilustra\u00e7\u00e3o de Literatura Infantil na Academia Brasileira de Letras\/RJ. Em 2009 exp\u00f4s na Galeria do Teatro Z\u00e9lia Olguin como artista selecionada e participou do XIV Circuito Internacional de Arte Brasileira no Museu Pablo Neruda em Santiago\/Chile. Em 2017 participou da exposi\u00e7\u00e3o \u201cSenna na Cabe\u00e7a e no Cora\u00e7\u00e3o\u201d na Galeria Hideo Kobayashi em Ipatinga.<\/p>\n\n\n\n<p>Telefone:(31) 97131-9231<br>Email: rosanediasarte@gmail.com <br>Instagram  <a href=\"https:\/\/www.instagram.com\/rosanediasarte\/?hl=pt-br\">@rosanediasarte<\/a><br>Facebook: <a href=\"https:\/\/www.facebook.com\/rosane.dias.94\">Rosane Dias<\/a><\/p>\n\n\n\n<figure class=\"wp-block-embed-youtube wp-block-embed is-type-video is-provider-youtube wp-embed-aspect-16-9 wp-has-aspect-ratio\"><div class=\"wp-block-embed__wrapper\">\n<iframe loading=\"lazy\" title=\"Rosane Dias\" width=\"944\" height=\"531\" src=\"https:\/\/www.youtube.com\/embed\/VOFTwJG7yGs?feature=oembed\" frameborder=\"0\" allow=\"accelerometer; autoplay; encrypted-media; gyroscope; picture-in-picture\" allowfullscreen><\/iframe>\n<\/div><\/figure>\n\n\n\n<ul class=\"wp-block-gallery columns-3 is-cropped wp-block-gallery-1 is-layout-flex wp-block-gallery-is-layout-flex\"><li class=\"blocks-gallery-item\"><figure><img loading=\"lazy\" decoding=\"async\" width=\"620\" height=\"740\" src=\"https:\/\/mapadadiversidade.com.br\/ipatinga\/wp-content\/uploads\/2019\/06\/5.jpg\" alt=\"\" data-id=\"1158\" data-link=\"https:\/\/mapadadiversidade.com.br\/ipatinga\/rosane-dias\/attachment\/5\/\" class=\"wp-image-1158\" srcset=\"https:\/\/mapadadiversidade.com.br\/ipatinga\/wp-content\/uploads\/2019\/06\/5.jpg 620w, https:\/\/mapadadiversidade.com.br\/ipatinga\/wp-content\/uploads\/2019\/06\/5-251x300.jpg 251w\" sizes=\"auto, (max-width: 620px) 100vw, 620px\" \/><\/figure><\/li><li class=\"blocks-gallery-item\"><figure><img loading=\"lazy\" decoding=\"async\" width=\"592\" height=\"740\" src=\"https:\/\/mapadadiversidade.com.br\/ipatinga\/wp-content\/uploads\/2019\/06\/6.jpg\" alt=\"\" data-id=\"1160\" data-link=\"https:\/\/mapadadiversidade.com.br\/ipatinga\/rosane-dias\/6-2\/\" class=\"wp-image-1160\" srcset=\"https:\/\/mapadadiversidade.com.br\/ipatinga\/wp-content\/uploads\/2019\/06\/6.jpg 592w, https:\/\/mapadadiversidade.com.br\/ipatinga\/wp-content\/uploads\/2019\/06\/6-240x300.jpg 240w\" sizes=\"auto, (max-width: 592px) 100vw, 592px\" \/><\/figure><\/li><li class=\"blocks-gallery-item\"><figure><img loading=\"lazy\" decoding=\"async\" width=\"681\" height=\"789\" src=\"https:\/\/mapadadiversidade.com.br\/ipatinga\/wp-content\/uploads\/2019\/06\/7.jpg\" alt=\"\" data-id=\"1161\" data-link=\"https:\/\/mapadadiversidade.com.br\/ipatinga\/rosane-dias\/7-2\/\" class=\"wp-image-1161\" srcset=\"https:\/\/mapadadiversidade.com.br\/ipatinga\/wp-content\/uploads\/2019\/06\/7.jpg 681w, https:\/\/mapadadiversidade.com.br\/ipatinga\/wp-content\/uploads\/2019\/06\/7-259x300.jpg 259w\" sizes=\"auto, (max-width: 681px) 100vw, 681px\" \/><\/figure><\/li><li class=\"blocks-gallery-item\"><figure><img loading=\"lazy\" decoding=\"async\" width=\"555\" height=\"740\" src=\"https:\/\/mapadadiversidade.com.br\/ipatinga\/wp-content\/uploads\/2019\/06\/8.jpg\" alt=\"\" data-id=\"1162\" data-link=\"https:\/\/mapadadiversidade.com.br\/ipatinga\/rosane-dias\/8-2\/\" class=\"wp-image-1162\" srcset=\"https:\/\/mapadadiversidade.com.br\/ipatinga\/wp-content\/uploads\/2019\/06\/8.jpg 555w, https:\/\/mapadadiversidade.com.br\/ipatinga\/wp-content\/uploads\/2019\/06\/8-225x300.jpg 225w\" sizes=\"auto, (max-width: 555px) 100vw, 555px\" \/><\/figure><\/li><li class=\"blocks-gallery-item\"><figure><img loading=\"lazy\" decoding=\"async\" width=\"960\" height=\"960\" src=\"https:\/\/mapadadiversidade.com.br\/ipatinga\/wp-content\/uploads\/2019\/06\/9.jpg\" alt=\"\" data-id=\"1163\" data-link=\"https:\/\/mapadadiversidade.com.br\/ipatinga\/rosane-dias\/9-2\/\" class=\"wp-image-1163\" srcset=\"https:\/\/mapadadiversidade.com.br\/ipatinga\/wp-content\/uploads\/2019\/06\/9.jpg 960w, https:\/\/mapadadiversidade.com.br\/ipatinga\/wp-content\/uploads\/2019\/06\/9-150x150.jpg 150w, https:\/\/mapadadiversidade.com.br\/ipatinga\/wp-content\/uploads\/2019\/06\/9-300x300.jpg 300w, https:\/\/mapadadiversidade.com.br\/ipatinga\/wp-content\/uploads\/2019\/06\/9-768x768.jpg 768w\" sizes=\"auto, (max-width: 960px) 100vw, 960px\" \/><\/figure><\/li><li class=\"blocks-gallery-item\"><figure><img loading=\"lazy\" decoding=\"async\" width=\"445\" height=\"570\" src=\"https:\/\/mapadadiversidade.com.br\/ipatinga\/wp-content\/uploads\/2019\/06\/Rosane-Dias.png\" alt=\"\" data-id=\"1164\" data-link=\"https:\/\/mapadadiversidade.com.br\/ipatinga\/rosane-dias\/rosane-dias-2\/\" class=\"wp-image-1164\" srcset=\"https:\/\/mapadadiversidade.com.br\/ipatinga\/wp-content\/uploads\/2019\/06\/Rosane-Dias.png 445w, https:\/\/mapadadiversidade.com.br\/ipatinga\/wp-content\/uploads\/2019\/06\/Rosane-Dias-234x300.png 234w\" sizes=\"auto, (max-width: 445px) 100vw, 445px\" \/><\/figure><\/li><\/ul>\n","protected":false},"excerpt":{"rendered":"<p>Artista visual , pintora, ministra oficinas em projetos culturais e eventos e desenvolve pesquisas para elabora\u00e7\u00e3o de tintas, materiais art\u00edsticos e produtos a partir de rejeitos de siderurgia e minera\u00e7\u00e3o. <\/p>\n","protected":false},"author":3,"featured_media":1489,"comment_status":"open","ping_status":"open","sticky":false,"template":"","format":"standard","meta":{"footnotes":""},"categories":[1,5,28,4],"tags":[138,34,139,141,140,29],"class_list":["post-302","post","type-post","status-publish","format-standard","has-post-thumbnail","hentry","category-ipatinga","category-arte-educador-educador-social","category-artes-visuais","category-linguagem-artisticas","tag-agregado-siderurgico","tag-artes-visuais","tag-memorias","tag-oficinas-de-desenho","tag-patrimonio","tag-pintura","item-wrap"],"_links":{"self":[{"href":"https:\/\/mapadadiversidade.com.br\/ipatinga\/wp-json\/wp\/v2\/posts\/302","targetHints":{"allow":["GET"]}}],"collection":[{"href":"https:\/\/mapadadiversidade.com.br\/ipatinga\/wp-json\/wp\/v2\/posts"}],"about":[{"href":"https:\/\/mapadadiversidade.com.br\/ipatinga\/wp-json\/wp\/v2\/types\/post"}],"author":[{"embeddable":true,"href":"https:\/\/mapadadiversidade.com.br\/ipatinga\/wp-json\/wp\/v2\/users\/3"}],"replies":[{"embeddable":true,"href":"https:\/\/mapadadiversidade.com.br\/ipatinga\/wp-json\/wp\/v2\/comments?post=302"}],"version-history":[{"count":10,"href":"https:\/\/mapadadiversidade.com.br\/ipatinga\/wp-json\/wp\/v2\/posts\/302\/revisions"}],"predecessor-version":[{"id":1818,"href":"https:\/\/mapadadiversidade.com.br\/ipatinga\/wp-json\/wp\/v2\/posts\/302\/revisions\/1818"}],"wp:featuredmedia":[{"embeddable":true,"href":"https:\/\/mapadadiversidade.com.br\/ipatinga\/wp-json\/wp\/v2\/media\/1489"}],"wp:attachment":[{"href":"https:\/\/mapadadiversidade.com.br\/ipatinga\/wp-json\/wp\/v2\/media?parent=302"}],"wp:term":[{"taxonomy":"category","embeddable":true,"href":"https:\/\/mapadadiversidade.com.br\/ipatinga\/wp-json\/wp\/v2\/categories?post=302"},{"taxonomy":"post_tag","embeddable":true,"href":"https:\/\/mapadadiversidade.com.br\/ipatinga\/wp-json\/wp\/v2\/tags?post=302"}],"curies":[{"name":"wp","href":"https:\/\/api.w.org\/{rel}","templated":true}]}}