{"id":306,"date":"2019-06-09T16:14:50","date_gmt":"2019-06-09T19:14:50","guid":{"rendered":"https:\/\/mapadadiversidade.com.br\/ipatinga\/?p=306"},"modified":"2019-07-11T16:40:51","modified_gmt":"2019-07-11T19:40:51","slug":"kakauart","status":"publish","type":"post","link":"https:\/\/mapadadiversidade.com.br\/ipatinga\/kakauart\/","title":{"rendered":"Kakau\u00b4Art"},"content":{"rendered":"\n<p>Arte educadora<br>Contadora de Hist\u00f3rias<br><br>Atua nas \u00e1reas socioculturais e socioambientais.<\/p>\n\n\n\n<p>Hist\u00f3rico: Atua com apresenta\u00e7\u00f5es teatrais e palestras personalizadas dentro da \u00e1rea social e ambiental, realizando parcerias com escolas, ONGs, entidades e prestando servi\u00e7o para empresas. Faz apresenta\u00e7\u00f5es para um p\u00fablico que vai desde crian\u00e7as a idosos. <\/p>\n\n\n\n<p>Telefone: (31) 98725-3423<br>E-mail: professora.kakau@bol.com.br<br>Instagram: <a href=\"https:\/\/www.instagram.com\/kakauart\/\">@kakauart<\/a><br>Facebook: <a href=\"https:\/\/www.facebook.com\/kakauart\/\">Kakau Art<\/a><\/p>\n\n\n\n<ul class=\"wp-block-gallery columns-3 is-cropped wp-block-gallery-1 is-layout-flex wp-block-gallery-is-layout-flex\"><li class=\"blocks-gallery-item\"><figure><img loading=\"lazy\" decoding=\"async\" width=\"768\" height=\"1024\" src=\"https:\/\/mapadadiversidade.com.br\/ipatinga\/wp-content\/uploads\/2019\/06\/IMG_20190607_104743529-768x1024.jpg\" alt=\"\" data-id=\"307\" data-link=\"https:\/\/mapadadiversidade.com.br\/ipatinga\/kakauart\/img_20190607_104743529\/\" class=\"wp-image-307\" srcset=\"https:\/\/mapadadiversidade.com.br\/ipatinga\/wp-content\/uploads\/2019\/06\/IMG_20190607_104743529-768x1024.jpg 768w, https:\/\/mapadadiversidade.com.br\/ipatinga\/wp-content\/uploads\/2019\/06\/IMG_20190607_104743529-225x300.jpg 225w\" sizes=\"auto, (max-width: 768px) 100vw, 768px\" \/><\/figure><\/li><li class=\"blocks-gallery-item\"><figure><img loading=\"lazy\" decoding=\"async\" width=\"1024\" height=\"768\" src=\"https:\/\/mapadadiversidade.com.br\/ipatinga\/wp-content\/uploads\/2019\/06\/IMG_20190607_104808220-1024x768.jpg\" alt=\"\" data-id=\"309\" data-link=\"https:\/\/mapadadiversidade.com.br\/ipatinga\/kakauart\/img_20190607_104808220\/\" class=\"wp-image-309\" srcset=\"https:\/\/mapadadiversidade.com.br\/ipatinga\/wp-content\/uploads\/2019\/06\/IMG_20190607_104808220-1024x768.jpg 1024w, https:\/\/mapadadiversidade.com.br\/ipatinga\/wp-content\/uploads\/2019\/06\/IMG_20190607_104808220-300x225.jpg 300w, https:\/\/mapadadiversidade.com.br\/ipatinga\/wp-content\/uploads\/2019\/06\/IMG_20190607_104808220-768x576.jpg 768w\" sizes=\"auto, (max-width: 1024px) 100vw, 1024px\" \/><\/figure><\/li><li class=\"blocks-gallery-item\"><figure><img loading=\"lazy\" decoding=\"async\" width=\"1024\" height=\"614\" src=\"https:\/\/mapadadiversidade.com.br\/ipatinga\/wp-content\/uploads\/2019\/06\/cbc7b614-7901-4737-a683-d12ea32264ac-1-1024x614.jpg\" alt=\"\" data-id=\"310\" data-link=\"https:\/\/mapadadiversidade.com.br\/ipatinga\/kakauart\/cbc7b614-7901-4737-a683-d12ea32264ac-1\/\" class=\"wp-image-310\" srcset=\"https:\/\/mapadadiversidade.com.br\/ipatinga\/wp-content\/uploads\/2019\/06\/cbc7b614-7901-4737-a683-d12ea32264ac-1-1024x614.jpg 1024w, https:\/\/mapadadiversidade.com.br\/ipatinga\/wp-content\/uploads\/2019\/06\/cbc7b614-7901-4737-a683-d12ea32264ac-1-300x180.jpg 300w, https:\/\/mapadadiversidade.com.br\/ipatinga\/wp-content\/uploads\/2019\/06\/cbc7b614-7901-4737-a683-d12ea32264ac-1-768x461.jpg 768w, https:\/\/mapadadiversidade.com.br\/ipatinga\/wp-content\/uploads\/2019\/06\/cbc7b614-7901-4737-a683-d12ea32264ac-1.jpg 1280w\" sizes=\"auto, (max-width: 1024px) 100vw, 1024px\" \/><\/figure><\/li><\/ul>\n\n\n\n<figure class=\"wp-block-embed-youtube wp-block-embed is-type-video is-provider-youtube wp-embed-aspect-16-9 wp-has-aspect-ratio\"><div class=\"wp-block-embed__wrapper\">\n<iframe loading=\"lazy\" title=\"Kakau&#039; Art\" width=\"944\" height=\"531\" src=\"https:\/\/www.youtube.com\/embed\/_1Xo3s7O_hc?feature=oembed\" frameborder=\"0\" allow=\"accelerometer; autoplay; encrypted-media; gyroscope; picture-in-picture\" allowfullscreen><\/iframe>\n<\/div><\/figure>\n","protected":false},"excerpt":{"rendered":"<p>Atua com apresenta\u00e7\u00f5es teatrais e palestras personalizadas dentro da \u00e1rea social e ambiental.<\/p>\n","protected":false},"author":10,"featured_media":309,"comment_status":"open","ping_status":"open","sticky":false,"template":"","format":"standard","meta":{"footnotes":""},"categories":[21,271,5,16],"tags":[167,47],"class_list":["post-306","post","type-post","status-publish","format-standard","has-post-thumbnail","hentry","category-_regiao-metropolitana-do-vale-do-aco","category-_timoteo","category-arte-educador-educador-social","category-praticas-socioambientais","tag-contacao-de-historia","tag-teatro","item-wrap"],"_links":{"self":[{"href":"https:\/\/mapadadiversidade.com.br\/ipatinga\/wp-json\/wp\/v2\/posts\/306","targetHints":{"allow":["GET"]}}],"collection":[{"href":"https:\/\/mapadadiversidade.com.br\/ipatinga\/wp-json\/wp\/v2\/posts"}],"about":[{"href":"https:\/\/mapadadiversidade.com.br\/ipatinga\/wp-json\/wp\/v2\/types\/post"}],"author":[{"embeddable":true,"href":"https:\/\/mapadadiversidade.com.br\/ipatinga\/wp-json\/wp\/v2\/users\/10"}],"replies":[{"embeddable":true,"href":"https:\/\/mapadadiversidade.com.br\/ipatinga\/wp-json\/wp\/v2\/comments?post=306"}],"version-history":[{"count":5,"href":"https:\/\/mapadadiversidade.com.br\/ipatinga\/wp-json\/wp\/v2\/posts\/306\/revisions"}],"predecessor-version":[{"id":1956,"href":"https:\/\/mapadadiversidade.com.br\/ipatinga\/wp-json\/wp\/v2\/posts\/306\/revisions\/1956"}],"wp:featuredmedia":[{"embeddable":true,"href":"https:\/\/mapadadiversidade.com.br\/ipatinga\/wp-json\/wp\/v2\/media\/309"}],"wp:attachment":[{"href":"https:\/\/mapadadiversidade.com.br\/ipatinga\/wp-json\/wp\/v2\/media?parent=306"}],"wp:term":[{"taxonomy":"category","embeddable":true,"href":"https:\/\/mapadadiversidade.com.br\/ipatinga\/wp-json\/wp\/v2\/categories?post=306"},{"taxonomy":"post_tag","embeddable":true,"href":"https:\/\/mapadadiversidade.com.br\/ipatinga\/wp-json\/wp\/v2\/tags?post=306"}],"curies":[{"name":"wp","href":"https:\/\/api.w.org\/{rel}","templated":true}]}}