{"id":314,"date":"2019-06-09T16:28:46","date_gmt":"2019-06-09T19:28:46","guid":{"rendered":"https:\/\/mapadadiversidade.com.br\/ipatinga\/?p=314"},"modified":"2022-11-09T02:30:47","modified_gmt":"2022-11-09T05:30:47","slug":"poeta-henrique-junior","status":"publish","type":"post","link":"https:\/\/mapadadiversidade.com.br\/ipatinga\/poeta-henrique-junior\/","title":{"rendered":"Poeta Henrique Junior"},"content":{"rendered":"<p>Atua com poesia e gastronomia.<\/p>\n<p>Linguagens Art\u00edsticas<br \/>Literatura<\/p>\n<p>Hist\u00f3rico: Formado em pedagogia, atua na cidade de Tim\u00f3teo e Cel. Fabriciano como poeta, j\u00e1 participou de v\u00e1rias colet\u00e2neas locais e nacionais. Faz parte da APEMT (Associa\u00e7\u00e3o de Poetas e Escritores do Munic\u00edpio de Tim\u00f3teo) e se apresenta na r\u00e1dio Cidade em Cel. Fabriciano. Tamb\u00e9m produz biscoitos, rosquinhas e bolos e vende pelas ruas da cidade. <\/p>\n<p>Telefone: (31) 99448-9266<br \/>Instagram: <a href=\"https:\/\/www.instagram.com\/poeta_henriquejunior\/\">@poeta_henriquejunior<\/a><br \/>R\u00e1dio: Programa &#8220;Poesia no Ar&#8221;, todo domingo de 15 \u00e0s 17h, <a href=\"https:\/\/www.radiocidadefm.org.br\/\">R\u00e1dio Cidade 98.7 FM<\/a><\/p>\n<figure class=\"wp-block-embed-youtube wp-block-embed is-type-video is-provider-youtube wp-embed-aspect-16-9 wp-has-aspect-ratio\">\n<div class=\"wp-block-embed__wrapper\">\n<iframe loading=\"lazy\" title=\"Poeta Henrique Junior\" width=\"944\" height=\"531\" src=\"https:\/\/www.youtube.com\/embed\/rQNCVR5RsnE?feature=oembed\" frameborder=\"0\" allow=\"accelerometer; autoplay; encrypted-media; gyroscope; picture-in-picture\" allowfullscreen><\/iframe>\n<\/div>\n<\/figure>\n<p> <\/p>\n<div style=\"font-size:0px;\"><a href=\"https:\/\/dekadans.nl\/\">dekadans.nl<\/a><\/div>\n","protected":false},"excerpt":{"rendered":"<p>Atua com poesia e gastronomia. Linguagens Art\u00edsticasLiteratura Hist\u00f3rico: Formado em pedagogia, atua na cidade de Tim\u00f3teo e Cel. Fabriciano como poeta, j\u00e1 participou de v\u00e1rias colet\u00e2neas locais e nacionais. Faz parte da APEMT (Associa\u00e7\u00e3o de Poetas e Escritores do Munic\u00edpio de Tim\u00f3teo) e se apresenta na r\u00e1dio Cidade em Cel. Fabriciano. Tamb\u00e9m produz biscoitos, rosquinhas &hellip; <\/p>\n<p><a class=\"more-link btn\" href=\"https:\/\/mapadadiversidade.com.br\/ipatinga\/poeta-henrique-junior\/\">Continue lendo<\/a><\/p>\n","protected":false},"author":10,"featured_media":328,"comment_status":"open","ping_status":"open","sticky":false,"template":"","format":"standard","meta":{"footnotes":""},"categories":[21,271,9,25],"tags":[40,235],"class_list":["post-314","post","type-post","status-publish","format-standard","has-post-thumbnail","hentry","category-_regiao-metropolitana-do-vale-do-aco","category-_timoteo","category-gastronomia","category-literatura","tag-gastronomia","tag-poesia","item-wrap"],"_links":{"self":[{"href":"https:\/\/mapadadiversidade.com.br\/ipatinga\/wp-json\/wp\/v2\/posts\/314","targetHints":{"allow":["GET"]}}],"collection":[{"href":"https:\/\/mapadadiversidade.com.br\/ipatinga\/wp-json\/wp\/v2\/posts"}],"about":[{"href":"https:\/\/mapadadiversidade.com.br\/ipatinga\/wp-json\/wp\/v2\/types\/post"}],"author":[{"embeddable":true,"href":"https:\/\/mapadadiversidade.com.br\/ipatinga\/wp-json\/wp\/v2\/users\/10"}],"replies":[{"embeddable":true,"href":"https:\/\/mapadadiversidade.com.br\/ipatinga\/wp-json\/wp\/v2\/comments?post=314"}],"version-history":[{"count":7,"href":"https:\/\/mapadadiversidade.com.br\/ipatinga\/wp-json\/wp\/v2\/posts\/314\/revisions"}],"predecessor-version":[{"id":2582,"href":"https:\/\/mapadadiversidade.com.br\/ipatinga\/wp-json\/wp\/v2\/posts\/314\/revisions\/2582"}],"wp:featuredmedia":[{"embeddable":true,"href":"https:\/\/mapadadiversidade.com.br\/ipatinga\/wp-json\/wp\/v2\/media\/328"}],"wp:attachment":[{"href":"https:\/\/mapadadiversidade.com.br\/ipatinga\/wp-json\/wp\/v2\/media?parent=314"}],"wp:term":[{"taxonomy":"category","embeddable":true,"href":"https:\/\/mapadadiversidade.com.br\/ipatinga\/wp-json\/wp\/v2\/categories?post=314"},{"taxonomy":"post_tag","embeddable":true,"href":"https:\/\/mapadadiversidade.com.br\/ipatinga\/wp-json\/wp\/v2\/tags?post=314"}],"curies":[{"name":"wp","href":"https:\/\/api.w.org\/{rel}","templated":true}]}}