{"id":371,"date":"2019-06-10T18:20:09","date_gmt":"2019-06-10T21:20:09","guid":{"rendered":"https:\/\/mapadadiversidade.com.br\/ipatinga\/?p=371"},"modified":"2019-07-09T23:31:46","modified_gmt":"2019-07-10T02:31:46","slug":"thalita-de-fatima-miranda-castro","status":"publish","type":"post","link":"https:\/\/mapadadiversidade.com.br\/ipatinga\/thalita-de-fatima-miranda-castro\/","title":{"rendered":"Thalita de F\u00e1tima Miranda Castro"},"content":{"rendered":"\n<p>Gastronomia<\/p>\n\n\n\n<p>Thalita nasceu e cresceu em Ipatinga-MG, atua na \u00e1rea da gastronomia h\u00e1 1 ano, antes com a venda de geleias de frutas e atualmente com os derivados do leite de b\u00fafala (frescal, mussarela e meia cura). A distribui\u00e7\u00e3o dos produtos \u00e9 feito na Feira Livre de Ipatinga, nos bairros, Bom Retiro, Bom Jardim, Cana\u00e3 e Igua\u00e7u.<\/p>\n\n\n\n<p>E-mail: thalitamirandaa@gmail.com<br>Telefone: (31) 9 8770-6092<br>Instagram:<a href=\"http:\/\/@comth\"> Thalita Castro  <\/a>    <\/p>\n\n\n\n<ul class=\"wp-block-gallery columns-2 is-cropped wp-block-gallery-1 is-layout-flex wp-block-gallery-is-layout-flex\"><li class=\"blocks-gallery-item\"><figure><img loading=\"lazy\" decoding=\"async\" width=\"1024\" height=\"576\" src=\"https:\/\/mapadadiversidade.com.br\/ipatinga\/wp-content\/uploads\/2019\/06\/20190104_100745-1024x576.jpg\" alt=\"\" data-id=\"1266\" data-link=\"https:\/\/mapadadiversidade.com.br\/ipatinga\/?attachment_id=1266\" class=\"wp-image-1266\" srcset=\"https:\/\/mapadadiversidade.com.br\/ipatinga\/wp-content\/uploads\/2019\/06\/20190104_100745-1024x576.jpg 1024w, https:\/\/mapadadiversidade.com.br\/ipatinga\/wp-content\/uploads\/2019\/06\/20190104_100745-300x169.jpg 300w, https:\/\/mapadadiversidade.com.br\/ipatinga\/wp-content\/uploads\/2019\/06\/20190104_100745-768x432.jpg 768w\" sizes=\"auto, (max-width: 1024px) 100vw, 1024px\" \/><\/figure><\/li><li class=\"blocks-gallery-item\"><figure><img loading=\"lazy\" decoding=\"async\" width=\"1024\" height=\"576\" src=\"https:\/\/mapadadiversidade.com.br\/ipatinga\/wp-content\/uploads\/2019\/06\/IMG-20190601-WA0003-1024x576.jpg\" alt=\"\" data-id=\"1276\" data-link=\"https:\/\/mapadadiversidade.com.br\/ipatinga\/?attachment_id=1276\" class=\"wp-image-1276\" srcset=\"https:\/\/mapadadiversidade.com.br\/ipatinga\/wp-content\/uploads\/2019\/06\/IMG-20190601-WA0003-1024x576.jpg 1024w, https:\/\/mapadadiversidade.com.br\/ipatinga\/wp-content\/uploads\/2019\/06\/IMG-20190601-WA0003-300x169.jpg 300w, https:\/\/mapadadiversidade.com.br\/ipatinga\/wp-content\/uploads\/2019\/06\/IMG-20190601-WA0003-768x432.jpg 768w, https:\/\/mapadadiversidade.com.br\/ipatinga\/wp-content\/uploads\/2019\/06\/IMG-20190601-WA0003.jpg 1280w\" sizes=\"auto, (max-width: 1024px) 100vw, 1024px\" \/><\/figure><\/li><\/ul>\n","protected":false},"excerpt":{"rendered":"<p>Atua na \u00e1rea da gastronomia  com a venda de geleias de frutas e atualmente, com os derivados do leite de b\u00fafala (frescal, mussarela e meia cura). <\/p>\n","protected":false},"author":11,"featured_media":1291,"comment_status":"open","ping_status":"open","sticky":false,"template":"","format":"standard","meta":{"footnotes":""},"categories":[1,9],"tags":[40],"class_list":["post-371","post","type-post","status-publish","format-standard","has-post-thumbnail","hentry","category-ipatinga","category-gastronomia","tag-gastronomia","item-wrap"],"_links":{"self":[{"href":"https:\/\/mapadadiversidade.com.br\/ipatinga\/wp-json\/wp\/v2\/posts\/371","targetHints":{"allow":["GET"]}}],"collection":[{"href":"https:\/\/mapadadiversidade.com.br\/ipatinga\/wp-json\/wp\/v2\/posts"}],"about":[{"href":"https:\/\/mapadadiversidade.com.br\/ipatinga\/wp-json\/wp\/v2\/types\/post"}],"author":[{"embeddable":true,"href":"https:\/\/mapadadiversidade.com.br\/ipatinga\/wp-json\/wp\/v2\/users\/11"}],"replies":[{"embeddable":true,"href":"https:\/\/mapadadiversidade.com.br\/ipatinga\/wp-json\/wp\/v2\/comments?post=371"}],"version-history":[{"count":9,"href":"https:\/\/mapadadiversidade.com.br\/ipatinga\/wp-json\/wp\/v2\/posts\/371\/revisions"}],"predecessor-version":[{"id":2074,"href":"https:\/\/mapadadiversidade.com.br\/ipatinga\/wp-json\/wp\/v2\/posts\/371\/revisions\/2074"}],"wp:featuredmedia":[{"embeddable":true,"href":"https:\/\/mapadadiversidade.com.br\/ipatinga\/wp-json\/wp\/v2\/media\/1291"}],"wp:attachment":[{"href":"https:\/\/mapadadiversidade.com.br\/ipatinga\/wp-json\/wp\/v2\/media?parent=371"}],"wp:term":[{"taxonomy":"category","embeddable":true,"href":"https:\/\/mapadadiversidade.com.br\/ipatinga\/wp-json\/wp\/v2\/categories?post=371"},{"taxonomy":"post_tag","embeddable":true,"href":"https:\/\/mapadadiversidade.com.br\/ipatinga\/wp-json\/wp\/v2\/tags?post=371"}],"curies":[{"name":"wp","href":"https:\/\/api.w.org\/{rel}","templated":true}]}}