{"id":379,"date":"2019-06-10T21:05:16","date_gmt":"2019-06-11T00:05:16","guid":{"rendered":"https:\/\/mapadadiversidade.com.br\/ipatinga\/?p=379"},"modified":"2019-07-09T11:11:49","modified_gmt":"2019-07-09T14:11:49","slug":"jamil-delfino-dos-santos-junior","status":"publish","type":"post","link":"https:\/\/mapadadiversidade.com.br\/ipatinga\/jamil-delfino-dos-santos-junior\/","title":{"rendered":"Jamil Delfino dos Santos J\u00fanior\/Emp\u00f3rio da Serra"},"content":{"rendered":"\n<p>Gastronomia <br>Queijos artesanais especiais <\/p>\n\n\n\n<p>Come\u00e7ou a trabalhar com a fabrica\u00e7\u00e3o de queijos finos de forma artesanal em 2016, na \u00e1rea rural de Ipatinga, criando a marca Emp\u00f3rio da Serra, para a variedade de produtos que s\u00e3o comercializados  do derivado do leite. Em 2019 abriu um restaurante com o mesmo nome, fornecendo almo\u00e7o e a venda dos produtos ali fabricados. Participa de eventos gastron\u00f4micos e feiras culturais.<\/p>\n\n\n\n<p>Contato: 31 987058974<br>E-mail:juninhodelfino@yahoo.com.br<br>Pagina na Internet: <a href=\"http:\/\/www.emporiodaserralaticinios.com.br\/\">J\u00fanior\/Emp\u00f3rio da Serra<\/a><br>Facebook: J<a href=\"https:\/\/www.facebook.com\/search\/top\/?q=emporiodaserraipatinga&amp;epa=SEARCH_BOX\">unior\/Emp\u00f3rio da Serra<\/a><br>Instagram: <a href=\"https:\/\/www.instagram.com\/emporiodaserra_ipatinga\/?hl=pt-br \">J\u00fanior\/ Emp\u00f3rio da Serra<\/a><\/p>\n\n\n\n<figure class=\"wp-block-image is-resized\"><img loading=\"lazy\" decoding=\"async\" src=\"https:\/\/mapadadiversidade.com.br\/ipatinga\/wp-content\/uploads\/2019\/06\/thumbnail_IMG_20190605_192722420-768x1024.jpg\" alt=\"\" class=\"wp-image-380\" width=\"316\" height=\"421\" srcset=\"https:\/\/mapadadiversidade.com.br\/ipatinga\/wp-content\/uploads\/2019\/06\/thumbnail_IMG_20190605_192722420-768x1024.jpg 768w, https:\/\/mapadadiversidade.com.br\/ipatinga\/wp-content\/uploads\/2019\/06\/thumbnail_IMG_20190605_192722420-225x300.jpg 225w, https:\/\/mapadadiversidade.com.br\/ipatinga\/wp-content\/uploads\/2019\/06\/thumbnail_IMG_20190605_192722420.jpg 960w\" sizes=\"auto, (max-width: 316px) 100vw, 316px\" \/><figcaption>Jamil Junior na comercializa\u00e7\u00e3o dos produtos<\/figcaption><\/figure>\n\n\n\n<figure class=\"wp-block-image is-resized\"><img loading=\"lazy\" decoding=\"async\" src=\"https:\/\/mapadadiversidade.com.br\/ipatinga\/wp-content\/uploads\/2019\/06\/thumbnail_IMG-20190605-WA0173-1024x576.jpg\" alt=\"\" class=\"wp-image-381\" width=\"333\" height=\"187\" srcset=\"https:\/\/mapadadiversidade.com.br\/ipatinga\/wp-content\/uploads\/2019\/06\/thumbnail_IMG-20190605-WA0173-1024x576.jpg 1024w, https:\/\/mapadadiversidade.com.br\/ipatinga\/wp-content\/uploads\/2019\/06\/thumbnail_IMG-20190605-WA0173-300x169.jpg 300w, https:\/\/mapadadiversidade.com.br\/ipatinga\/wp-content\/uploads\/2019\/06\/thumbnail_IMG-20190605-WA0173-768x432.jpg 768w, https:\/\/mapadadiversidade.com.br\/ipatinga\/wp-content\/uploads\/2019\/06\/thumbnail_IMG-20190605-WA0173.jpg 1280w\" sizes=\"auto, (max-width: 333px) 100vw, 333px\" \/><figcaption>Produtos Emp\u00f3rio da Serra<\/figcaption><\/figure>\n\n\n\n<figure class=\"wp-block-image is-resized\"><img loading=\"lazy\" decoding=\"async\" src=\"https:\/\/mapadadiversidade.com.br\/ipatinga\/wp-content\/uploads\/2019\/06\/57534146_661375517651011_31645435001044992_n.jpg\" alt=\"\" class=\"wp-image-383\" width=\"238\" height=\"238\" srcset=\"https:\/\/mapadadiversidade.com.br\/ipatinga\/wp-content\/uploads\/2019\/06\/57534146_661375517651011_31645435001044992_n.jpg 960w, https:\/\/mapadadiversidade.com.br\/ipatinga\/wp-content\/uploads\/2019\/06\/57534146_661375517651011_31645435001044992_n-150x150.jpg 150w, https:\/\/mapadadiversidade.com.br\/ipatinga\/wp-content\/uploads\/2019\/06\/57534146_661375517651011_31645435001044992_n-300x300.jpg 300w, https:\/\/mapadadiversidade.com.br\/ipatinga\/wp-content\/uploads\/2019\/06\/57534146_661375517651011_31645435001044992_n-768x768.jpg 768w\" sizes=\"auto, (max-width: 238px) 100vw, 238px\" \/><\/figure>\n","protected":false},"excerpt":{"rendered":"<p>Fabrica\u00e7\u00e3o de queijos finos de forma artesanal.<\/p>\n","protected":false},"author":11,"featured_media":380,"comment_status":"open","ping_status":"open","sticky":false,"template":"","format":"standard","meta":{"footnotes":""},"categories":[1,9],"tags":[40,234],"class_list":["post-379","post","type-post","status-publish","format-standard","has-post-thumbnail","hentry","category-ipatinga","category-gastronomia","tag-gastronomia","tag-queijos","item-wrap"],"_links":{"self":[{"href":"https:\/\/mapadadiversidade.com.br\/ipatinga\/wp-json\/wp\/v2\/posts\/379","targetHints":{"allow":["GET"]}}],"collection":[{"href":"https:\/\/mapadadiversidade.com.br\/ipatinga\/wp-json\/wp\/v2\/posts"}],"about":[{"href":"https:\/\/mapadadiversidade.com.br\/ipatinga\/wp-json\/wp\/v2\/types\/post"}],"author":[{"embeddable":true,"href":"https:\/\/mapadadiversidade.com.br\/ipatinga\/wp-json\/wp\/v2\/users\/11"}],"replies":[{"embeddable":true,"href":"https:\/\/mapadadiversidade.com.br\/ipatinga\/wp-json\/wp\/v2\/comments?post=379"}],"version-history":[{"count":5,"href":"https:\/\/mapadadiversidade.com.br\/ipatinga\/wp-json\/wp\/v2\/posts\/379\/revisions"}],"predecessor-version":[{"id":1953,"href":"https:\/\/mapadadiversidade.com.br\/ipatinga\/wp-json\/wp\/v2\/posts\/379\/revisions\/1953"}],"wp:featuredmedia":[{"embeddable":true,"href":"https:\/\/mapadadiversidade.com.br\/ipatinga\/wp-json\/wp\/v2\/media\/380"}],"wp:attachment":[{"href":"https:\/\/mapadadiversidade.com.br\/ipatinga\/wp-json\/wp\/v2\/media?parent=379"}],"wp:term":[{"taxonomy":"category","embeddable":true,"href":"https:\/\/mapadadiversidade.com.br\/ipatinga\/wp-json\/wp\/v2\/categories?post=379"},{"taxonomy":"post_tag","embeddable":true,"href":"https:\/\/mapadadiversidade.com.br\/ipatinga\/wp-json\/wp\/v2\/tags?post=379"}],"curies":[{"name":"wp","href":"https:\/\/api.w.org\/{rel}","templated":true}]}}