{"id":392,"date":"2019-06-17T15:03:50","date_gmt":"2019-06-17T18:03:50","guid":{"rendered":"https:\/\/mapadadiversidade.com.br\/ipatinga\/?p=392"},"modified":"2019-07-11T16:39:49","modified_gmt":"2019-07-11T19:39:49","slug":"isa-klein","status":"publish","type":"post","link":"https:\/\/mapadadiversidade.com.br\/ipatinga\/isa-klein\/","title":{"rendered":"Isa Klein"},"content":{"rendered":"\n<p>Artista pl\u00e1stica especialista em Origami<\/p>\n\n\n\n<p>Linguagens Art\u00edsticas<br>Artes Pl\u00e1sticas<\/p>\n\n\n\n<p>Outras Atividades: Produtora Cultural, Advogada.<\/p>\n\n\n\n<p>Telefone: (31) 99823-3818 <br>Instagram: <a href=\"https:\/\/www.instagram.com\/isakleinart\/\">@isakleinart <\/a><br>Site:  <a href=\"https:\/\/www.isaklein.com\/\">www.isaklein.com<\/a><br>Blog:  <a href=\"http:\/\/diagramascia.blogspot.com\/\">www.diagramascia.blogspot.com<\/a><br>Youtube: <a href=\"https:\/\/www.youtube.com\/channel\/UCGFfLZYrmYqABA3Gdg3xjnQ\">Isa Klein <\/a><br><br><strong>Encontro de Origami &#8220;Nas Montanhas do Vale&#8221;:<\/strong><br>Instagram: <a href=\"https:\/\/www.instagram.com\/nasmontanhasdovale\/\">@nasmontanhasdovale<\/a><br>Facebook:<a href=\"https:\/\/www.facebook.com\/origamitimoteo\"> Nas Montanhas do Vale <\/a><\/p>\n\n\n\n<figure class=\"wp-block-embed-youtube wp-block-embed is-type-video is-provider-youtube wp-embed-aspect-16-9 wp-has-aspect-ratio\"><div class=\"wp-block-embed__wrapper\">\n<iframe loading=\"lazy\" title=\"Isa Klein\" width=\"944\" height=\"531\" src=\"https:\/\/www.youtube.com\/embed\/CNe0xClKTDE?feature=oembed\" frameborder=\"0\" allow=\"accelerometer; autoplay; encrypted-media; gyroscope; picture-in-picture\" allowfullscreen><\/iframe>\n<\/div><\/figure>\n\n\n\n<p> <br><\/p>\n","protected":false},"excerpt":{"rendered":"<p>Artista pl\u00e1stica especialista em Origami Linguagens Art\u00edsticasArtes Pl\u00e1sticas Outras Atividades: Produtora Cultural, Advogada. Telefone: (31) 99823-3818 Instagram: @isakleinart Site: www.isaklein.comBlog: www.diagramascia.blogspot.comYoutube: Isa Klein Encontro de Origami &#8220;Nas Montanhas do Vale&#8221;:Instagram: @nasmontanhasdovaleFacebook: Nas Montanhas do Vale<\/p>\n","protected":false},"author":10,"featured_media":450,"comment_status":"open","ping_status":"open","sticky":false,"template":"","format":"standard","meta":{"footnotes":""},"categories":[21,271,10,4,18],"tags":[91,107],"class_list":["post-392","post","type-post","status-publish","format-standard","has-post-thumbnail","hentry","category-_regiao-metropolitana-do-vale-do-aco","category-_timoteo","category-artes-plasticas","category-linguagem-artisticas","category-produtor-ou-gestor-cultural","tag-artes-plasticas","tag-origami","item-wrap"],"_links":{"self":[{"href":"https:\/\/mapadadiversidade.com.br\/ipatinga\/wp-json\/wp\/v2\/posts\/392","targetHints":{"allow":["GET"]}}],"collection":[{"href":"https:\/\/mapadadiversidade.com.br\/ipatinga\/wp-json\/wp\/v2\/posts"}],"about":[{"href":"https:\/\/mapadadiversidade.com.br\/ipatinga\/wp-json\/wp\/v2\/types\/post"}],"author":[{"embeddable":true,"href":"https:\/\/mapadadiversidade.com.br\/ipatinga\/wp-json\/wp\/v2\/users\/10"}],"replies":[{"embeddable":true,"href":"https:\/\/mapadadiversidade.com.br\/ipatinga\/wp-json\/wp\/v2\/comments?post=392"}],"version-history":[{"count":4,"href":"https:\/\/mapadadiversidade.com.br\/ipatinga\/wp-json\/wp\/v2\/posts\/392\/revisions"}],"predecessor-version":[{"id":1945,"href":"https:\/\/mapadadiversidade.com.br\/ipatinga\/wp-json\/wp\/v2\/posts\/392\/revisions\/1945"}],"wp:featuredmedia":[{"embeddable":true,"href":"https:\/\/mapadadiversidade.com.br\/ipatinga\/wp-json\/wp\/v2\/media\/450"}],"wp:attachment":[{"href":"https:\/\/mapadadiversidade.com.br\/ipatinga\/wp-json\/wp\/v2\/media?parent=392"}],"wp:term":[{"taxonomy":"category","embeddable":true,"href":"https:\/\/mapadadiversidade.com.br\/ipatinga\/wp-json\/wp\/v2\/categories?post=392"},{"taxonomy":"post_tag","embeddable":true,"href":"https:\/\/mapadadiversidade.com.br\/ipatinga\/wp-json\/wp\/v2\/tags?post=392"}],"curies":[{"name":"wp","href":"https:\/\/api.w.org\/{rel}","templated":true}]}}