{"id":398,"date":"2019-06-29T01:44:19","date_gmt":"2019-06-29T04:44:19","guid":{"rendered":"https:\/\/mapadadiversidade.com.br\/ipatinga\/?p=398"},"modified":"2019-07-09T15:55:03","modified_gmt":"2019-07-09T18:55:03","slug":"cassimiro-goncalves-pimentel-palmito-doce-vida","status":"publish","type":"post","link":"https:\/\/mapadadiversidade.com.br\/ipatinga\/cassimiro-goncalves-pimentel-palmito-doce-vida\/","title":{"rendered":"Cassimiro Gon\u00e7alves Pimentel- Palmito Doce Vida"},"content":{"rendered":"\n<p>Gastronomia<\/p>\n\n\n\n<p>Cassimiro Pimentel, nasceu em Ipatinga\/MG, atualmente reside no munic\u00edpio de Ipaba, na zona rural, onde em 2011 junto com seus  pais come\u00e7ou o plantio do Palmito de pupunha, no Sitio Doce Vida. A produ\u00e7\u00e3o do palmito em terras f\u00e9rteis, conquistou o paladar de todos, com sabor e qualidade. Aplicando t\u00e9cnicas inovadoras e respeitando a natureza e o consumidor, a marca DoceVida est\u00e1 sendo consolidada e vem crescendo a comercializa\u00e7\u00e3o em toda regi\u00e3o.<\/p>\n\n\n\n<p>Contato:(31) 988414838<br>E-mail: palmitodocevida@gmail.com<br>P\u00e1gina na Internet: <a href=\"http:\/\/www.palmitodocevida.com.br\/\">http:\/\/www.palmitodocevida.com.br\/<\/a><br>Facebook :<a href=\"https:\/\/www.facebook.com\/PalmitoDoceVida\/\">PalmitoDoceVida\/<\/a><br>Instagram: <a href=\"https:\/\/www.instagram.com\/palmitodocevida\/?hl=pt-br\">@palmitodocevida<\/a> <\/p>\n\n\n\n<figure class=\"wp-block-embed-youtube wp-block-embed is-type-video is-provider-youtube wp-embed-aspect-16-9 wp-has-aspect-ratio\"><div class=\"wp-block-embed__wrapper\">\n<iframe loading=\"lazy\" title=\"Cassimiro Pimentel\/Palmito Doce Vida\" width=\"944\" height=\"531\" src=\"https:\/\/www.youtube.com\/embed\/7fMuxvcZ0jI?feature=oembed\" frameborder=\"0\" allow=\"accelerometer; autoplay; encrypted-media; gyroscope; picture-in-picture\" allowfullscreen><\/iframe>\n<\/div><\/figure>\n\n\n\n<ul class=\"wp-block-gallery columns-1 is-cropped wp-block-gallery-1 is-layout-flex wp-block-gallery-is-layout-flex\"><li class=\"blocks-gallery-item\"><figure><img loading=\"lazy\" decoding=\"async\" width=\"1024\" height=\"774\" src=\"https:\/\/mapadadiversidade.com.br\/ipatinga\/wp-content\/uploads\/2019\/06\/IMG_20190611_161105235-1-1-1024x774.jpg\" alt=\"\" data-id=\"408\" data-link=\"https:\/\/mapadadiversidade.com.br\/ipatinga\/?attachment_id=408\" class=\"wp-image-408\" srcset=\"https:\/\/mapadadiversidade.com.br\/ipatinga\/wp-content\/uploads\/2019\/06\/IMG_20190611_161105235-1-1-1024x774.jpg 1024w, https:\/\/mapadadiversidade.com.br\/ipatinga\/wp-content\/uploads\/2019\/06\/IMG_20190611_161105235-1-1-300x227.jpg 300w, https:\/\/mapadadiversidade.com.br\/ipatinga\/wp-content\/uploads\/2019\/06\/IMG_20190611_161105235-1-1-768x580.jpg 768w, https:\/\/mapadadiversidade.com.br\/ipatinga\/wp-content\/uploads\/2019\/06\/IMG_20190611_161105235-1-1.jpg 1280w\" sizes=\"auto, (max-width: 1024px) 100vw, 1024px\" \/><\/figure><\/li><\/ul>\n\n\n\n<figure class=\"wp-block-image is-resized\"><img loading=\"lazy\" decoding=\"async\" src=\"https:\/\/mapadadiversidade.com.br\/ipatinga\/wp-content\/uploads\/2019\/06\/VID_20190611_170153474-1024x576.jpg\" alt=\"\" class=\"wp-image-402\" width=\"356\" height=\"200\" srcset=\"https:\/\/mapadadiversidade.com.br\/ipatinga\/wp-content\/uploads\/2019\/06\/VID_20190611_170153474-1024x576.jpg 1024w, https:\/\/mapadadiversidade.com.br\/ipatinga\/wp-content\/uploads\/2019\/06\/VID_20190611_170153474-300x169.jpg 300w, https:\/\/mapadadiversidade.com.br\/ipatinga\/wp-content\/uploads\/2019\/06\/VID_20190611_170153474-768x432.jpg 768w, https:\/\/mapadadiversidade.com.br\/ipatinga\/wp-content\/uploads\/2019\/06\/VID_20190611_170153474.jpg 1634w\" sizes=\"auto, (max-width: 356px) 100vw, 356px\" \/><\/figure>\n","protected":false},"excerpt":{"rendered":"<p>Gastronomia Cassimiro Pimentel, nasceu em Ipatinga\/MG, atualmente reside no munic\u00edpio de Ipaba, na zona rural, onde em 2011 junto com seus pais come\u00e7ou o plantio do Palmito de pupunha, no Sitio Doce Vida. A produ\u00e7\u00e3o do palmito em terras f\u00e9rteis, conquistou o paladar de todos, com sabor e qualidade. Aplicando t\u00e9cnicas inovadoras e respeitando a &hellip; <\/p>\n<p><a class=\"more-link btn\" href=\"https:\/\/mapadadiversidade.com.br\/ipatinga\/cassimiro-goncalves-pimentel-palmito-doce-vida\/\">Continue lendo<\/a><\/p>\n","protected":false},"author":11,"featured_media":0,"comment_status":"open","ping_status":"open","sticky":false,"template":"","format":"standard","meta":{"footnotes":""},"categories":[1,21,9],"tags":[],"class_list":["post-398","post","type-post","status-publish","format-standard","hentry","category-ipatinga","category-_regiao-metropolitana-do-vale-do-aco","category-gastronomia","item-wrap"],"_links":{"self":[{"href":"https:\/\/mapadadiversidade.com.br\/ipatinga\/wp-json\/wp\/v2\/posts\/398","targetHints":{"allow":["GET"]}}],"collection":[{"href":"https:\/\/mapadadiversidade.com.br\/ipatinga\/wp-json\/wp\/v2\/posts"}],"about":[{"href":"https:\/\/mapadadiversidade.com.br\/ipatinga\/wp-json\/wp\/v2\/types\/post"}],"author":[{"embeddable":true,"href":"https:\/\/mapadadiversidade.com.br\/ipatinga\/wp-json\/wp\/v2\/users\/11"}],"replies":[{"embeddable":true,"href":"https:\/\/mapadadiversidade.com.br\/ipatinga\/wp-json\/wp\/v2\/comments?post=398"}],"version-history":[{"count":7,"href":"https:\/\/mapadadiversidade.com.br\/ipatinga\/wp-json\/wp\/v2\/posts\/398\/revisions"}],"predecessor-version":[{"id":1946,"href":"https:\/\/mapadadiversidade.com.br\/ipatinga\/wp-json\/wp\/v2\/posts\/398\/revisions\/1946"}],"wp:attachment":[{"href":"https:\/\/mapadadiversidade.com.br\/ipatinga\/wp-json\/wp\/v2\/media?parent=398"}],"wp:term":[{"taxonomy":"category","embeddable":true,"href":"https:\/\/mapadadiversidade.com.br\/ipatinga\/wp-json\/wp\/v2\/categories?post=398"},{"taxonomy":"post_tag","embeddable":true,"href":"https:\/\/mapadadiversidade.com.br\/ipatinga\/wp-json\/wp\/v2\/tags?post=398"}],"curies":[{"name":"wp","href":"https:\/\/api.w.org\/{rel}","templated":true}]}}