{"id":412,"date":"2019-06-29T02:08:17","date_gmt":"2019-06-29T05:08:17","guid":{"rendered":"https:\/\/mapadadiversidade.com.br\/ipatinga\/?p=412"},"modified":"2019-07-09T15:49:36","modified_gmt":"2019-07-09T18:49:36","slug":"escola-de-musica-fabrica-de-sons","status":"publish","type":"post","link":"https:\/\/mapadadiversidade.com.br\/ipatinga\/escola-de-musica-fabrica-de-sons\/","title":{"rendered":"Escola de M\u00fasica F\u00e1brica de Sons\/ John Anders Godinho Corr\u00eaa"},"content":{"rendered":"\n<p>Linguagens Art\u00edsticas<br>M\u00fasica<\/p>\n\n\n\n<p>Trabalham com ensino musical, produ\u00e7\u00e3o e gest\u00e3o cultural, participa\u00e7\u00e3o em  eventos com os alunos da faixa et\u00e1ria de 2 anos at\u00e9 idosos.<\/p>\n\n\n\n<p>Contato: (31) 38248670 \/ (31) 985054939<br>E-mail: fabricadesonsipatinga@gmail.com<br>Facebook: <a href=\"https:\/\/www.facebook.com\/fabricadesonsipatinga\/\"> Escola de M\u00fasica F\u00e1brica de Sons<\/a><br>Instagram: <a href=\"https:\/\/www.instagram.com\/emfabricadesons\/?hl=pt-br\">Escola de M\u00fasica F\u00e1brica de Sons<\/a><\/p>\n\n\n\n<figure class=\"wp-block-embed-youtube wp-block-embed is-type-video is-provider-youtube wp-embed-aspect-16-9 wp-has-aspect-ratio\"><div class=\"wp-block-embed__wrapper\">\n<iframe loading=\"lazy\" title=\"Escola de M\u00fasica F\u00e1brica de Sons\/ John Anders\" width=\"944\" height=\"531\" src=\"https:\/\/www.youtube.com\/embed\/Gr3nPFoYjGQ?feature=oembed\" frameborder=\"0\" allow=\"accelerometer; autoplay; encrypted-media; gyroscope; picture-in-picture\" allowfullscreen><\/iframe>\n<\/div><\/figure>\n\n\n\n<ul class=\"wp-block-gallery columns-2 is-cropped wp-block-gallery-1 is-layout-flex wp-block-gallery-is-layout-flex\"><li class=\"blocks-gallery-item\"><figure><img loading=\"lazy\" decoding=\"async\" width=\"1024\" height=\"871\" src=\"https:\/\/mapadadiversidade.com.br\/ipatinga\/wp-content\/uploads\/2019\/06\/IMG-20190613-WA0169-1024x871.jpg\" alt=\"\" data-id=\"413\" data-link=\"https:\/\/mapadadiversidade.com.br\/ipatinga\/escola-de-musica-fabrica-de-sons\/img-20190613-wa0169\/\" class=\"wp-image-413\" srcset=\"https:\/\/mapadadiversidade.com.br\/ipatinga\/wp-content\/uploads\/2019\/06\/IMG-20190613-WA0169-1024x871.jpg 1024w, https:\/\/mapadadiversidade.com.br\/ipatinga\/wp-content\/uploads\/2019\/06\/IMG-20190613-WA0169-300x255.jpg 300w, https:\/\/mapadadiversidade.com.br\/ipatinga\/wp-content\/uploads\/2019\/06\/IMG-20190613-WA0169-768x653.jpg 768w, https:\/\/mapadadiversidade.com.br\/ipatinga\/wp-content\/uploads\/2019\/06\/IMG-20190613-WA0169.jpg 1125w\" sizes=\"auto, (max-width: 1024px) 100vw, 1024px\" \/><\/figure><\/li><li class=\"blocks-gallery-item\"><figure><img loading=\"lazy\" decoding=\"async\" width=\"1024\" height=\"682\" src=\"https:\/\/mapadadiversidade.com.br\/ipatinga\/wp-content\/uploads\/2019\/06\/IMG-20190613-WA0174-1024x682.jpg\" alt=\"\" data-id=\"414\" data-link=\"https:\/\/mapadadiversidade.com.br\/ipatinga\/escola-de-musica-fabrica-de-sons\/img-20190613-wa0174\/\" class=\"wp-image-414\" srcset=\"https:\/\/mapadadiversidade.com.br\/ipatinga\/wp-content\/uploads\/2019\/06\/IMG-20190613-WA0174-1024x682.jpg 1024w, https:\/\/mapadadiversidade.com.br\/ipatinga\/wp-content\/uploads\/2019\/06\/IMG-20190613-WA0174-300x200.jpg 300w, https:\/\/mapadadiversidade.com.br\/ipatinga\/wp-content\/uploads\/2019\/06\/IMG-20190613-WA0174-768x512.jpg 768w, https:\/\/mapadadiversidade.com.br\/ipatinga\/wp-content\/uploads\/2019\/06\/IMG-20190613-WA0174.jpg 1280w\" sizes=\"auto, (max-width: 1024px) 100vw, 1024px\" \/><\/figure><\/li><li class=\"blocks-gallery-item\"><figure><img loading=\"lazy\" decoding=\"async\" width=\"480\" height=\"480\" src=\"https:\/\/mapadadiversidade.com.br\/ipatinga\/wp-content\/uploads\/2019\/06\/39752944_249556545626610_2492131645105111040_n.jpg\" alt=\"\" data-id=\"664\" data-link=\"https:\/\/mapadadiversidade.com.br\/ipatinga\/escola-de-musica-fabrica-de-sons\/39752944_249556545626610_2492131645105111040_n\/\" class=\"wp-image-664\" srcset=\"https:\/\/mapadadiversidade.com.br\/ipatinga\/wp-content\/uploads\/2019\/06\/39752944_249556545626610_2492131645105111040_n.jpg 480w, https:\/\/mapadadiversidade.com.br\/ipatinga\/wp-content\/uploads\/2019\/06\/39752944_249556545626610_2492131645105111040_n-150x150.jpg 150w, https:\/\/mapadadiversidade.com.br\/ipatinga\/wp-content\/uploads\/2019\/06\/39752944_249556545626610_2492131645105111040_n-300x300.jpg 300w\" sizes=\"auto, (max-width: 480px) 100vw, 480px\" \/><\/figure><\/li><li class=\"blocks-gallery-item\"><figure><img loading=\"lazy\" decoding=\"async\" width=\"640\" height=\"640\" src=\"https:\/\/mapadadiversidade.com.br\/ipatinga\/wp-content\/uploads\/2019\/06\/41149237_2141120739437444_3702051059401752576_n.jpg\" alt=\"\" data-id=\"669\" data-link=\"https:\/\/mapadadiversidade.com.br\/ipatinga\/escola-de-musica-fabrica-de-sons\/41149237_2141120739437444_3702051059401752576_n\/\" class=\"wp-image-669\" srcset=\"https:\/\/mapadadiversidade.com.br\/ipatinga\/wp-content\/uploads\/2019\/06\/41149237_2141120739437444_3702051059401752576_n.jpg 640w, https:\/\/mapadadiversidade.com.br\/ipatinga\/wp-content\/uploads\/2019\/06\/41149237_2141120739437444_3702051059401752576_n-150x150.jpg 150w, https:\/\/mapadadiversidade.com.br\/ipatinga\/wp-content\/uploads\/2019\/06\/41149237_2141120739437444_3702051059401752576_n-300x300.jpg 300w\" sizes=\"auto, (max-width: 640px) 100vw, 640px\" \/><\/figure><\/li><\/ul>\n","protected":false},"excerpt":{"rendered":"<p>Linguagens Art\u00edsticasM\u00fasica Trabalham com ensino musical, produ\u00e7\u00e3o e gest\u00e3o cultural, participa\u00e7\u00e3o em eventos com os alunos da faixa et\u00e1ria de 2 anos at\u00e9 idosos. Contato: (31) 38248670 \/ (31) 985054939E-mail: fabricadesonsipatinga@gmail.comFacebook: Escola de M\u00fasica F\u00e1brica de SonsInstagram: Escola de M\u00fasica F\u00e1brica de Sons<\/p>\n","protected":false},"author":11,"featured_media":0,"comment_status":"open","ping_status":"open","sticky":false,"template":"","format":"standard","meta":{"footnotes":""},"categories":[1,4,12],"tags":[],"class_list":["post-412","post","type-post","status-publish","format-standard","hentry","category-ipatinga","category-linguagem-artisticas","category-musica","item-wrap"],"_links":{"self":[{"href":"https:\/\/mapadadiversidade.com.br\/ipatinga\/wp-json\/wp\/v2\/posts\/412","targetHints":{"allow":["GET"]}}],"collection":[{"href":"https:\/\/mapadadiversidade.com.br\/ipatinga\/wp-json\/wp\/v2\/posts"}],"about":[{"href":"https:\/\/mapadadiversidade.com.br\/ipatinga\/wp-json\/wp\/v2\/types\/post"}],"author":[{"embeddable":true,"href":"https:\/\/mapadadiversidade.com.br\/ipatinga\/wp-json\/wp\/v2\/users\/11"}],"replies":[{"embeddable":true,"href":"https:\/\/mapadadiversidade.com.br\/ipatinga\/wp-json\/wp\/v2\/comments?post=412"}],"version-history":[{"count":7,"href":"https:\/\/mapadadiversidade.com.br\/ipatinga\/wp-json\/wp\/v2\/posts\/412\/revisions"}],"predecessor-version":[{"id":1992,"href":"https:\/\/mapadadiversidade.com.br\/ipatinga\/wp-json\/wp\/v2\/posts\/412\/revisions\/1992"}],"wp:attachment":[{"href":"https:\/\/mapadadiversidade.com.br\/ipatinga\/wp-json\/wp\/v2\/media?parent=412"}],"wp:term":[{"taxonomy":"category","embeddable":true,"href":"https:\/\/mapadadiversidade.com.br\/ipatinga\/wp-json\/wp\/v2\/categories?post=412"},{"taxonomy":"post_tag","embeddable":true,"href":"https:\/\/mapadadiversidade.com.br\/ipatinga\/wp-json\/wp\/v2\/tags?post=412"}],"curies":[{"name":"wp","href":"https:\/\/api.w.org\/{rel}","templated":true}]}}