{"id":417,"date":"2019-06-29T02:36:43","date_gmt":"2019-06-29T05:36:43","guid":{"rendered":"https:\/\/mapadadiversidade.com.br\/ipatinga\/?p=417"},"modified":"2019-07-09T11:03:18","modified_gmt":"2019-07-09T14:03:18","slug":"atelie-lanes-boys","status":"publish","type":"post","link":"https:\/\/mapadadiversidade.com.br\/ipatinga\/atelie-lanes-boys\/","title":{"rendered":"Lane Sueli dos Santos \/Ateli\u00ea Lanes Boys"},"content":{"rendered":"\n<p>Linguagem Art\u00edstica<br>Artes visuais<\/p>\n\n\n\n<p>Hist\u00f3rico: Lane Sueli nasceu em Cel.  Fabriciano,  trabalha com artes, desenhos e pintura em faixas, banner e artesanatos h\u00e1 11 anos. <\/p>\n\n\n\n<p>Contato: (31)999325256<br>E-mail: lanepessoal@yahoo.com.br<br>Facebook:<a href=\"https:\/\/www.facebook.com\/groups\/lanesboysartedesenhoepintura\/\"> Lane Sueli<\/a><br>Instagram: <a href=\"https:\/\/www.instagram.com\/atelierlanesboys\/\"> Lane Sueli\/ Ateli\u00ea lanes boys<\/a><\/p>\n\n\n\n<figure class=\"wp-block-embed-youtube wp-block-embed is-type-video is-provider-youtube wp-embed-aspect-16-9 wp-has-aspect-ratio\"><div class=\"wp-block-embed__wrapper\">\n<iframe loading=\"lazy\" title=\"Lane Sueli\" width=\"944\" height=\"531\" src=\"https:\/\/www.youtube.com\/embed\/EHxiZd8olZM?feature=oembed\" frameborder=\"0\" allow=\"accelerometer; autoplay; encrypted-media; gyroscope; picture-in-picture\" allowfullscreen><\/iframe>\n<\/div><\/figure>\n\n\n\n<figure class=\"wp-block-image is-resized\"><img loading=\"lazy\" decoding=\"async\" src=\"https:\/\/mapadadiversidade.com.br\/ipatinga\/wp-content\/uploads\/2019\/06\/IMG_20190623_160015940-1024x768.jpg\" alt=\"\" class=\"wp-image-420\" width=\"379\" height=\"284\" srcset=\"https:\/\/mapadadiversidade.com.br\/ipatinga\/wp-content\/uploads\/2019\/06\/IMG_20190623_160015940-1024x768.jpg 1024w, https:\/\/mapadadiversidade.com.br\/ipatinga\/wp-content\/uploads\/2019\/06\/IMG_20190623_160015940-300x225.jpg 300w, https:\/\/mapadadiversidade.com.br\/ipatinga\/wp-content\/uploads\/2019\/06\/IMG_20190623_160015940-768x576.jpg 768w, https:\/\/mapadadiversidade.com.br\/ipatinga\/wp-content\/uploads\/2019\/06\/IMG_20190623_160015940.jpg 1289w\" sizes=\"auto, (max-width: 379px) 100vw, 379px\" \/><\/figure>\n","protected":false},"excerpt":{"rendered":"<p>Linguagem Art\u00edsticaArtes visuais Hist\u00f3rico: Lane Sueli nasceu em Cel. Fabriciano, trabalha com artes, desenhos e pintura em faixas, banner e artesanatos h\u00e1 11 anos. Contato: (31)999325256E-mail: lanepessoal@yahoo.com.brFacebook: Lane SueliInstagram: Lane Sueli\/ Ateli\u00ea lanes boys<\/p>\n","protected":false},"author":11,"featured_media":420,"comment_status":"open","ping_status":"open","sticky":false,"template":"","format":"standard","meta":{"footnotes":""},"categories":[1,28,4],"tags":[232,56,233],"class_list":["post-417","post","type-post","status-publish","format-standard","has-post-thumbnail","hentry","category-ipatinga","category-artes-visuais","category-linguagem-artisticas","tag-artes-visua","tag-desenho","tag-faixa","item-wrap"],"_links":{"self":[{"href":"https:\/\/mapadadiversidade.com.br\/ipatinga\/wp-json\/wp\/v2\/posts\/417","targetHints":{"allow":["GET"]}}],"collection":[{"href":"https:\/\/mapadadiversidade.com.br\/ipatinga\/wp-json\/wp\/v2\/posts"}],"about":[{"href":"https:\/\/mapadadiversidade.com.br\/ipatinga\/wp-json\/wp\/v2\/types\/post"}],"author":[{"embeddable":true,"href":"https:\/\/mapadadiversidade.com.br\/ipatinga\/wp-json\/wp\/v2\/users\/11"}],"replies":[{"embeddable":true,"href":"https:\/\/mapadadiversidade.com.br\/ipatinga\/wp-json\/wp\/v2\/comments?post=417"}],"version-history":[{"count":4,"href":"https:\/\/mapadadiversidade.com.br\/ipatinga\/wp-json\/wp\/v2\/posts\/417\/revisions"}],"predecessor-version":[{"id":1948,"href":"https:\/\/mapadadiversidade.com.br\/ipatinga\/wp-json\/wp\/v2\/posts\/417\/revisions\/1948"}],"wp:featuredmedia":[{"embeddable":true,"href":"https:\/\/mapadadiversidade.com.br\/ipatinga\/wp-json\/wp\/v2\/media\/420"}],"wp:attachment":[{"href":"https:\/\/mapadadiversidade.com.br\/ipatinga\/wp-json\/wp\/v2\/media?parent=417"}],"wp:term":[{"taxonomy":"category","embeddable":true,"href":"https:\/\/mapadadiversidade.com.br\/ipatinga\/wp-json\/wp\/v2\/categories?post=417"},{"taxonomy":"post_tag","embeddable":true,"href":"https:\/\/mapadadiversidade.com.br\/ipatinga\/wp-json\/wp\/v2\/tags?post=417"}],"curies":[{"name":"wp","href":"https:\/\/api.w.org\/{rel}","templated":true}]}}