{"id":423,"date":"2019-06-29T12:18:55","date_gmt":"2019-06-29T15:18:55","guid":{"rendered":"https:\/\/mapadadiversidade.com.br\/ipatinga\/?p=423"},"modified":"2019-07-10T22:23:43","modified_gmt":"2019-07-11T01:23:43","slug":"flavia-costa-pinto-e-santos-espaco-flavia-santos","status":"publish","type":"post","link":"https:\/\/mapadadiversidade.com.br\/ipatinga\/flavia-costa-pinto-e-santos-espaco-flavia-santos\/","title":{"rendered":"Fl\u00e1via Costa Pinto e Santos \/ Espa\u00e7o Fl\u00e1via Santos"},"content":{"rendered":"\n<p>Pr\u00e1ticas da mente e do corpo<\/p>\n\n\n\n<p>Fl\u00e1via Costa Pinto e Santos, nasceu em Juiz de Fora, atualmente reside em Ipatinga ha 30 anos,  professora de Yoga e pilates  de solo por 8 anos, num exerc\u00edcio de alto conhecimento com pessoas de diversas faixas et\u00e1rias.<\/p>\n\n\n\n<p>Contato: (31) 999067538<br>E-mail: br.flavia@gmail.com<br>Instagram: <a href=\"https:\/\/www.instagram.com\/flaviasantosyogaepilates\/\">Fl\u00e1via Santos<\/a><\/p>\n\n\n\n<figure class=\"wp-block-embed-youtube wp-block-embed is-type-video is-provider-youtube wp-embed-aspect-16-9 wp-has-aspect-ratio\"><div class=\"wp-block-embed__wrapper\">\n<iframe loading=\"lazy\" title=\"Fl\u00e1via Santos\" width=\"944\" height=\"531\" src=\"https:\/\/www.youtube.com\/embed\/grb6N-Yr7NM?feature=oembed\" frameborder=\"0\" allow=\"accelerometer; autoplay; encrypted-media; gyroscope; picture-in-picture\" allowfullscreen><\/iframe>\n<\/div><\/figure>\n\n\n\n<ul class=\"wp-block-gallery columns-3 is-cropped wp-block-gallery-1 is-layout-flex wp-block-gallery-is-layout-flex\"><li class=\"blocks-gallery-item\"><figure><img loading=\"lazy\" decoding=\"async\" width=\"640\" height=\"640\" src=\"https:\/\/mapadadiversidade.com.br\/ipatinga\/wp-content\/uploads\/2019\/06\/59933912_140171237060411_790350902297648961_n.jpg\" alt=\"\" data-id=\"507\" data-link=\"https:\/\/mapadadiversidade.com.br\/ipatinga\/flavia-costa-pinto-e-santos-espaco-flavia-santos\/59933912_140171237060411_790350902297648961_n\/\" class=\"wp-image-507\" srcset=\"https:\/\/mapadadiversidade.com.br\/ipatinga\/wp-content\/uploads\/2019\/06\/59933912_140171237060411_790350902297648961_n.jpg 640w, https:\/\/mapadadiversidade.com.br\/ipatinga\/wp-content\/uploads\/2019\/06\/59933912_140171237060411_790350902297648961_n-150x150.jpg 150w, https:\/\/mapadadiversidade.com.br\/ipatinga\/wp-content\/uploads\/2019\/06\/59933912_140171237060411_790350902297648961_n-300x300.jpg 300w\" sizes=\"auto, (max-width: 640px) 100vw, 640px\" \/><\/figure><\/li><li class=\"blocks-gallery-item\"><figure><img loading=\"lazy\" decoding=\"async\" width=\"640\" height=\"640\" src=\"https:\/\/mapadadiversidade.com.br\/ipatinga\/wp-content\/uploads\/2019\/06\/60531350_422142295295847_5948226761663893730_n.jpg\" alt=\"\" data-id=\"506\" data-link=\"https:\/\/mapadadiversidade.com.br\/ipatinga\/flavia-costa-pinto-e-santos-espaco-flavia-santos\/60531350_422142295295847_5948226761663893730_n\/\" class=\"wp-image-506\" srcset=\"https:\/\/mapadadiversidade.com.br\/ipatinga\/wp-content\/uploads\/2019\/06\/60531350_422142295295847_5948226761663893730_n.jpg 640w, https:\/\/mapadadiversidade.com.br\/ipatinga\/wp-content\/uploads\/2019\/06\/60531350_422142295295847_5948226761663893730_n-150x150.jpg 150w, https:\/\/mapadadiversidade.com.br\/ipatinga\/wp-content\/uploads\/2019\/06\/60531350_422142295295847_5948226761663893730_n-300x300.jpg 300w\" sizes=\"auto, (max-width: 640px) 100vw, 640px\" \/><\/figure><\/li><li class=\"blocks-gallery-item\"><figure><img loading=\"lazy\" decoding=\"async\" width=\"470\" height=\"470\" src=\"https:\/\/mapadadiversidade.com.br\/ipatinga\/wp-content\/uploads\/2019\/06\/57506435_165031677842017_8226350180201549988_n.jpg\" alt=\"\" data-id=\"495\" data-link=\"https:\/\/mapadadiversidade.com.br\/ipatinga\/flavia-costa-pinto-e-santos-espaco-flavia-santos\/57506435_165031677842017_8226350180201549988_n\/\" class=\"wp-image-495\" srcset=\"https:\/\/mapadadiversidade.com.br\/ipatinga\/wp-content\/uploads\/2019\/06\/57506435_165031677842017_8226350180201549988_n.jpg 470w, https:\/\/mapadadiversidade.com.br\/ipatinga\/wp-content\/uploads\/2019\/06\/57506435_165031677842017_8226350180201549988_n-150x150.jpg 150w, https:\/\/mapadadiversidade.com.br\/ipatinga\/wp-content\/uploads\/2019\/06\/57506435_165031677842017_8226350180201549988_n-300x300.jpg 300w\" sizes=\"auto, (max-width: 470px) 100vw, 470px\" \/><\/figure><\/li><li class=\"blocks-gallery-item\"><figure><img loading=\"lazy\" decoding=\"async\" width=\"640\" height=\"640\" src=\"https:\/\/mapadadiversidade.com.br\/ipatinga\/wp-content\/uploads\/2019\/06\/62048979_2307852039430615_401675280657752780_n.jpg\" alt=\"\" data-id=\"494\" data-link=\"https:\/\/mapadadiversidade.com.br\/ipatinga\/flavia-costa-pinto-e-santos-espaco-flavia-santos\/62048979_2307852039430615_401675280657752780_n\/\" class=\"wp-image-494\" srcset=\"https:\/\/mapadadiversidade.com.br\/ipatinga\/wp-content\/uploads\/2019\/06\/62048979_2307852039430615_401675280657752780_n.jpg 640w, https:\/\/mapadadiversidade.com.br\/ipatinga\/wp-content\/uploads\/2019\/06\/62048979_2307852039430615_401675280657752780_n-150x150.jpg 150w, https:\/\/mapadadiversidade.com.br\/ipatinga\/wp-content\/uploads\/2019\/06\/62048979_2307852039430615_401675280657752780_n-300x300.jpg 300w\" sizes=\"auto, (max-width: 640px) 100vw, 640px\" \/><\/figure><\/li><li class=\"blocks-gallery-item\"><figure><img loading=\"lazy\" decoding=\"async\" width=\"640\" height=\"640\" src=\"https:\/\/mapadadiversidade.com.br\/ipatinga\/wp-content\/uploads\/2019\/06\/61591167_2384255788460314_7024795874997600365_n.jpg\" alt=\"\" data-id=\"493\" data-link=\"https:\/\/mapadadiversidade.com.br\/ipatinga\/flavia-costa-pinto-e-santos-espaco-flavia-santos\/61591167_2384255788460314_7024795874997600365_n\/\" class=\"wp-image-493\" srcset=\"https:\/\/mapadadiversidade.com.br\/ipatinga\/wp-content\/uploads\/2019\/06\/61591167_2384255788460314_7024795874997600365_n.jpg 640w, https:\/\/mapadadiversidade.com.br\/ipatinga\/wp-content\/uploads\/2019\/06\/61591167_2384255788460314_7024795874997600365_n-150x150.jpg 150w, https:\/\/mapadadiversidade.com.br\/ipatinga\/wp-content\/uploads\/2019\/06\/61591167_2384255788460314_7024795874997600365_n-300x300.jpg 300w\" sizes=\"auto, (max-width: 640px) 100vw, 640px\" \/><\/figure><\/li><li class=\"blocks-gallery-item\"><figure><img loading=\"lazy\" decoding=\"async\" width=\"1024\" height=\"1024\" src=\"https:\/\/mapadadiversidade.com.br\/ipatinga\/wp-content\/uploads\/2019\/06\/59365517_1021655804890782_7227377531309274856_n1-1024x1024.jpg\" alt=\"\" data-id=\"492\" data-link=\"https:\/\/mapadadiversidade.com.br\/ipatinga\/flavia-costa-pinto-e-santos-espaco-flavia-santos\/59365517_1021655804890782_7227377531309274856_n1\/\" class=\"wp-image-492\" srcset=\"https:\/\/mapadadiversidade.com.br\/ipatinga\/wp-content\/uploads\/2019\/06\/59365517_1021655804890782_7227377531309274856_n1-1024x1024.jpg 1024w, https:\/\/mapadadiversidade.com.br\/ipatinga\/wp-content\/uploads\/2019\/06\/59365517_1021655804890782_7227377531309274856_n1-150x150.jpg 150w, https:\/\/mapadadiversidade.com.br\/ipatinga\/wp-content\/uploads\/2019\/06\/59365517_1021655804890782_7227377531309274856_n1-300x300.jpg 300w, https:\/\/mapadadiversidade.com.br\/ipatinga\/wp-content\/uploads\/2019\/06\/59365517_1021655804890782_7227377531309274856_n1-768x768.jpg 768w, https:\/\/mapadadiversidade.com.br\/ipatinga\/wp-content\/uploads\/2019\/06\/59365517_1021655804890782_7227377531309274856_n1.jpg 1080w\" sizes=\"auto, (max-width: 1024px) 100vw, 1024px\" \/><\/figure><\/li><\/ul>\n\n\n\n<p><\/p>\n","protected":false},"excerpt":{"rendered":"<p>Pr\u00e1ticas da mente e do corpo Fl\u00e1via Costa Pinto e Santos, nasceu em Juiz de Fora, atualmente reside em Ipatinga ha 30 anos, professora de Yoga e pilates de solo por 8 anos, num exerc\u00edcio de alto conhecimento com pessoas de diversas faixas et\u00e1rias. Contato: (31) 999067538E-mail: br.flavia@gmail.comInstagram: Fl\u00e1via Santos<\/p>\n","protected":false},"author":11,"featured_media":0,"comment_status":"open","ping_status":"open","sticky":false,"template":"","format":"standard","meta":{"footnotes":""},"categories":[1,15],"tags":[],"class_list":["post-423","post","type-post","status-publish","format-standard","hentry","category-ipatinga","category-praticas-da-mente-e-do-corpo","item-wrap"],"_links":{"self":[{"href":"https:\/\/mapadadiversidade.com.br\/ipatinga\/wp-json\/wp\/v2\/posts\/423","targetHints":{"allow":["GET"]}}],"collection":[{"href":"https:\/\/mapadadiversidade.com.br\/ipatinga\/wp-json\/wp\/v2\/posts"}],"about":[{"href":"https:\/\/mapadadiversidade.com.br\/ipatinga\/wp-json\/wp\/v2\/types\/post"}],"author":[{"embeddable":true,"href":"https:\/\/mapadadiversidade.com.br\/ipatinga\/wp-json\/wp\/v2\/users\/11"}],"replies":[{"embeddable":true,"href":"https:\/\/mapadadiversidade.com.br\/ipatinga\/wp-json\/wp\/v2\/comments?post=423"}],"version-history":[{"count":8,"href":"https:\/\/mapadadiversidade.com.br\/ipatinga\/wp-json\/wp\/v2\/posts\/423\/revisions"}],"predecessor-version":[{"id":1940,"href":"https:\/\/mapadadiversidade.com.br\/ipatinga\/wp-json\/wp\/v2\/posts\/423\/revisions\/1940"}],"wp:attachment":[{"href":"https:\/\/mapadadiversidade.com.br\/ipatinga\/wp-json\/wp\/v2\/media?parent=423"}],"wp:term":[{"taxonomy":"category","embeddable":true,"href":"https:\/\/mapadadiversidade.com.br\/ipatinga\/wp-json\/wp\/v2\/categories?post=423"},{"taxonomy":"post_tag","embeddable":true,"href":"https:\/\/mapadadiversidade.com.br\/ipatinga\/wp-json\/wp\/v2\/tags?post=423"}],"curies":[{"name":"wp","href":"https:\/\/api.w.org\/{rel}","templated":true}]}}