{"id":428,"date":"2019-06-29T11:57:26","date_gmt":"2019-06-29T14:57:26","guid":{"rendered":"https:\/\/mapadadiversidade.com.br\/ipatinga\/?p=428"},"modified":"2019-07-11T17:57:50","modified_gmt":"2019-07-11T20:57:50","slug":"adriano-francisco-de-oliveira-esporte-no-vale","status":"publish","type":"post","link":"https:\/\/mapadadiversidade.com.br\/ipatinga\/adriano-francisco-de-oliveira-esporte-no-vale\/","title":{"rendered":"Adriano Francisco de Oliveira\/ Esporte no Vale"},"content":{"rendered":"\n<p>Pr\u00e1ticas da mente e do corpo\/Esporte aventura<\/p>\n\n\n\n<p>Outras atua\u00e7\u00f5es: professor em  academia<\/p>\n\n\n\n<p>Adriano Francisco de Oliveira,nasceu em Cel Fabriciano, trabalha h\u00e1 13 anos com atividades f\u00edsicas esportivas em v\u00e1rias modalidades, em locais  junto \u00e0 natureza, com objetivo de contribuir com a qualidade de vida de forma sustent\u00e1vel e saud\u00e1vel.<\/p>\n\n\n\n<p>Contato: (31) 98586-9516<br>Email: esportenovale1@gmail.com<br>Facebook: <a href=\"https:\/\/www.facebook.com\/esporte.novale\/\">Esporte no Vale<\/a><br>Instagram: <a href=\"https:\/\/www.instagram.com\/esportenovale\/\"> Esporte no Vale<\/a><br>Youtube:<a href=\"https:\/\/www.youtube.com\/watch?v=JeAhLFWNY1k\">Esporte no Vale<\/a><\/p>\n\n\n\n<figure class=\"wp-block-embed-youtube wp-block-embed is-type-video is-provider-youtube wp-embed-aspect-16-9 wp-has-aspect-ratio\"><div class=\"wp-block-embed__wrapper\">\n<iframe loading=\"lazy\" title=\"Adriano\" width=\"944\" height=\"531\" src=\"https:\/\/www.youtube.com\/embed\/yh-2prlWv40?feature=oembed\" frameborder=\"0\" allow=\"accelerometer; autoplay; encrypted-media; gyroscope; picture-in-picture\" allowfullscreen><\/iframe>\n<\/div><\/figure>\n\n\n\n<ul class=\"wp-block-gallery columns-3 is-cropped wp-block-gallery-1 is-layout-flex wp-block-gallery-is-layout-flex\"><li class=\"blocks-gallery-item\"><figure><img loading=\"lazy\" decoding=\"async\" width=\"545\" height=\"545\" src=\"https:\/\/mapadadiversidade.com.br\/ipatinga\/wp-content\/uploads\/2019\/06\/59406770_815789168791666_2788937344370081792_n.jpg\" alt=\"\" data-id=\"478\" data-link=\"https:\/\/mapadadiversidade.com.br\/ipatinga\/adriano-francisco-de-oliveira-esporte-no-vale\/59406770_815789168791666_2788937344370081792_n\/\" class=\"wp-image-478\" srcset=\"https:\/\/mapadadiversidade.com.br\/ipatinga\/wp-content\/uploads\/2019\/06\/59406770_815789168791666_2788937344370081792_n.jpg 545w, https:\/\/mapadadiversidade.com.br\/ipatinga\/wp-content\/uploads\/2019\/06\/59406770_815789168791666_2788937344370081792_n-150x150.jpg 150w, https:\/\/mapadadiversidade.com.br\/ipatinga\/wp-content\/uploads\/2019\/06\/59406770_815789168791666_2788937344370081792_n-300x300.jpg 300w\" sizes=\"auto, (max-width: 545px) 100vw, 545px\" \/><\/figure><\/li><li class=\"blocks-gallery-item\"><figure><img loading=\"lazy\" decoding=\"async\" width=\"960\" height=\"639\" src=\"https:\/\/mapadadiversidade.com.br\/ipatinga\/wp-content\/uploads\/2019\/06\/13051696_221540404883215_4691889676784135884_n.jpg\" alt=\"\" data-id=\"477\" data-link=\"https:\/\/mapadadiversidade.com.br\/ipatinga\/adriano-francisco-de-oliveira-esporte-no-vale\/13051696_221540404883215_4691889676784135884_n\/\" class=\"wp-image-477\" srcset=\"https:\/\/mapadadiversidade.com.br\/ipatinga\/wp-content\/uploads\/2019\/06\/13051696_221540404883215_4691889676784135884_n.jpg 960w, https:\/\/mapadadiversidade.com.br\/ipatinga\/wp-content\/uploads\/2019\/06\/13051696_221540404883215_4691889676784135884_n-300x200.jpg 300w, https:\/\/mapadadiversidade.com.br\/ipatinga\/wp-content\/uploads\/2019\/06\/13051696_221540404883215_4691889676784135884_n-768x511.jpg 768w\" sizes=\"auto, (max-width: 960px) 100vw, 960px\" \/><\/figure><\/li><li class=\"blocks-gallery-item\"><figure><img loading=\"lazy\" decoding=\"async\" width=\"960\" height=\"639\" src=\"https:\/\/mapadadiversidade.com.br\/ipatinga\/wp-content\/uploads\/2019\/06\/13015207_221540388216550_1825464245304141791_n.jpg\" alt=\"\" data-id=\"475\" data-link=\"https:\/\/mapadadiversidade.com.br\/ipatinga\/adriano-francisco-de-oliveira-esporte-no-vale\/13015207_221540388216550_1825464245304141791_n\/\" class=\"wp-image-475\" srcset=\"https:\/\/mapadadiversidade.com.br\/ipatinga\/wp-content\/uploads\/2019\/06\/13015207_221540388216550_1825464245304141791_n.jpg 960w, https:\/\/mapadadiversidade.com.br\/ipatinga\/wp-content\/uploads\/2019\/06\/13015207_221540388216550_1825464245304141791_n-300x200.jpg 300w, https:\/\/mapadadiversidade.com.br\/ipatinga\/wp-content\/uploads\/2019\/06\/13015207_221540388216550_1825464245304141791_n-768x511.jpg 768w\" sizes=\"auto, (max-width: 960px) 100vw, 960px\" \/><\/figure><\/li><li class=\"blocks-gallery-item\"><figure><img loading=\"lazy\" decoding=\"async\" width=\"960\" height=\"640\" src=\"https:\/\/mapadadiversidade.com.br\/ipatinga\/wp-content\/uploads\/2019\/06\/49842993_746721839031733_5458649501864558592_n.jpg\" alt=\"\" data-id=\"471\" data-link=\"https:\/\/mapadadiversidade.com.br\/ipatinga\/adriano-francisco-de-oliveira-esporte-no-vale\/49842993_746721839031733_5458649501864558592_n\/\" class=\"wp-image-471\" srcset=\"https:\/\/mapadadiversidade.com.br\/ipatinga\/wp-content\/uploads\/2019\/06\/49842993_746721839031733_5458649501864558592_n.jpg 960w, https:\/\/mapadadiversidade.com.br\/ipatinga\/wp-content\/uploads\/2019\/06\/49842993_746721839031733_5458649501864558592_n-300x200.jpg 300w, https:\/\/mapadadiversidade.com.br\/ipatinga\/wp-content\/uploads\/2019\/06\/49842993_746721839031733_5458649501864558592_n-768x512.jpg 768w\" sizes=\"auto, (max-width: 960px) 100vw, 960px\" \/><\/figure><\/li><li class=\"blocks-gallery-item\"><figure><img loading=\"lazy\" decoding=\"async\" width=\"960\" height=\"960\" src=\"https:\/\/mapadadiversidade.com.br\/ipatinga\/wp-content\/uploads\/2019\/06\/65650252_853352955035287_7094809635349069824_n.jpg\" alt=\"\" data-id=\"429\" data-link=\"https:\/\/mapadadiversidade.com.br\/ipatinga\/adriano-francisco-de-oliveira-esporte-no-vale\/65650252_853352955035287_7094809635349069824_n\/\" class=\"wp-image-429\" srcset=\"https:\/\/mapadadiversidade.com.br\/ipatinga\/wp-content\/uploads\/2019\/06\/65650252_853352955035287_7094809635349069824_n.jpg 960w, https:\/\/mapadadiversidade.com.br\/ipatinga\/wp-content\/uploads\/2019\/06\/65650252_853352955035287_7094809635349069824_n-150x150.jpg 150w, https:\/\/mapadadiversidade.com.br\/ipatinga\/wp-content\/uploads\/2019\/06\/65650252_853352955035287_7094809635349069824_n-300x300.jpg 300w, https:\/\/mapadadiversidade.com.br\/ipatinga\/wp-content\/uploads\/2019\/06\/65650252_853352955035287_7094809635349069824_n-768x768.jpg 768w\" sizes=\"auto, (max-width: 960px) 100vw, 960px\" \/><\/figure><\/li><\/ul>\n\n\n\n<p><\/p>\n","protected":false},"excerpt":{"rendered":"<p>Pr\u00e1ticas da mente e do corpo\/Esporte aventura Outras atua\u00e7\u00f5es: professor em academia Adriano Francisco de Oliveira,nasceu em Cel Fabriciano, trabalha h\u00e1 13 anos com atividades f\u00edsicas esportivas em v\u00e1rias modalidades, em locais junto \u00e0 natureza, com objetivo de contribuir com a qualidade de vida de forma sustent\u00e1vel e saud\u00e1vel. Contato: (31) 98586-9516Email: esportenovale1@gmail.comFacebook: Esporte no &hellip; <\/p>\n<p><a class=\"more-link btn\" href=\"https:\/\/mapadadiversidade.com.br\/ipatinga\/adriano-francisco-de-oliveira-esporte-no-vale\/\">Continue lendo<\/a><\/p>\n","protected":false},"author":11,"featured_media":0,"comment_status":"open","ping_status":"open","sticky":false,"template":"","format":"standard","meta":{"footnotes":""},"categories":[1,15],"tags":[],"class_list":["post-428","post","type-post","status-publish","format-standard","hentry","category-ipatinga","category-praticas-da-mente-e-do-corpo","item-wrap"],"_links":{"self":[{"href":"https:\/\/mapadadiversidade.com.br\/ipatinga\/wp-json\/wp\/v2\/posts\/428","targetHints":{"allow":["GET"]}}],"collection":[{"href":"https:\/\/mapadadiversidade.com.br\/ipatinga\/wp-json\/wp\/v2\/posts"}],"about":[{"href":"https:\/\/mapadadiversidade.com.br\/ipatinga\/wp-json\/wp\/v2\/types\/post"}],"author":[{"embeddable":true,"href":"https:\/\/mapadadiversidade.com.br\/ipatinga\/wp-json\/wp\/v2\/users\/11"}],"replies":[{"embeddable":true,"href":"https:\/\/mapadadiversidade.com.br\/ipatinga\/wp-json\/wp\/v2\/comments?post=428"}],"version-history":[{"count":5,"href":"https:\/\/mapadadiversidade.com.br\/ipatinga\/wp-json\/wp\/v2\/posts\/428\/revisions"}],"predecessor-version":[{"id":2389,"href":"https:\/\/mapadadiversidade.com.br\/ipatinga\/wp-json\/wp\/v2\/posts\/428\/revisions\/2389"}],"wp:attachment":[{"href":"https:\/\/mapadadiversidade.com.br\/ipatinga\/wp-json\/wp\/v2\/media?parent=428"}],"wp:term":[{"taxonomy":"category","embeddable":true,"href":"https:\/\/mapadadiversidade.com.br\/ipatinga\/wp-json\/wp\/v2\/categories?post=428"},{"taxonomy":"post_tag","embeddable":true,"href":"https:\/\/mapadadiversidade.com.br\/ipatinga\/wp-json\/wp\/v2\/tags?post=428"}],"curies":[{"name":"wp","href":"https:\/\/api.w.org\/{rel}","templated":true}]}}