{"id":435,"date":"2019-07-03T11:23:52","date_gmt":"2019-07-03T14:23:52","guid":{"rendered":"https:\/\/mapadadiversidade.com.br\/ipatinga\/?p=435"},"modified":"2019-07-09T15:53:06","modified_gmt":"2019-07-09T18:53:06","slug":"gm-artes-e-cores","status":"publish","type":"post","link":"https:\/\/mapadadiversidade.com.br\/ipatinga\/gm-artes-e-cores\/","title":{"rendered":"Grazi e Marcelo- GM Artes e Cores"},"content":{"rendered":"\n<p>Pintura Facial<\/p>\n\n\n\n<p>Linguagens Art\u00edsticas<br>Artes Pl\u00e1sticas<\/p>\n\n\n\n<p>Outras atua\u00e7\u00f5es: Artesanato<\/p>\n\n\n\n<p>Hist\u00f3rico:  Grazi e Marcelo s\u00e3o o casal respons\u00e1vel pelos trabalhos de pintura facial produzido por GM Artes e Cores. A descoberta e interesse pelo trabalho iniciou em casa. Ao perceber que tinham dom para o trabalho e que gostavam muito de praticar a t\u00e9cnica, come\u00e7aram a treinar nos filhos e em si mesmos, e com o passar do tempo foram se especializando.<\/p>\n\n\n\n<p>Hoje eles trabalham para empresas, eventos p\u00fablicos e privados. As principais produ\u00e7\u00f5es s\u00e3o desenhos de borboletas e super her\u00f3is.<\/p>\n\n\n\n<p>Al\u00e9m dessa pr\u00e1tica, Grazi trabalha com artesanato no projeto Educa mais, atuando em toda a rede municipal de Coronel Fabriciano e Marcelo trabalha no campo esportivo com crian\u00e7as e adolescentes.<\/p>\n\n\n\n<p>E-mail: gmartesecores@outlook.com<br>Facebook: <a href=\"https:\/\/www.facebook.com\/GM-Artes-Cores-640281086389992\/\">GM Artes &amp; Cores<\/a><br>Instagram: <a href=\"https:\/\/www.instagram.com\/grazi_cirqueira\/?igshid=1tn9qukr91d8h\">Grazi Cerqueira<\/a><\/p>\n\n\n\n<figure class=\"wp-block-embed-youtube wp-block-embed is-type-video is-provider-youtube wp-embed-aspect-16-9 wp-has-aspect-ratio\"><div class=\"wp-block-embed__wrapper\">\n<iframe loading=\"lazy\" title=\"GM Artes &amp; Cores - Grazi e Marcelo\" width=\"944\" height=\"531\" src=\"https:\/\/www.youtube.com\/embed\/dPkA-B7DMns?feature=oembed\" frameborder=\"0\" allow=\"accelerometer; autoplay; encrypted-media; gyroscope; picture-in-picture\" allowfullscreen><\/iframe>\n<\/div><\/figure>\n\n\n\n<ul class=\"wp-block-gallery columns-3 is-cropped wp-block-gallery-1 is-layout-flex wp-block-gallery-is-layout-flex\"><li class=\"blocks-gallery-item\"><figure><img loading=\"lazy\" decoding=\"async\" width=\"768\" height=\"1024\" src=\"https:\/\/mapadadiversidade.com.br\/ipatinga\/wp-content\/uploads\/2019\/06\/49effbeb-d824-49c3-a5da-6e476784b809-768x1024.jpg\" alt=\"\" data-id=\"1251\" data-link=\"https:\/\/mapadadiversidade.com.br\/ipatinga\/gm-artes-e-cores\/49effbeb-d824-49c3-a5da-6e476784b809\/\" class=\"wp-image-1251\" srcset=\"https:\/\/mapadadiversidade.com.br\/ipatinga\/wp-content\/uploads\/2019\/06\/49effbeb-d824-49c3-a5da-6e476784b809-768x1024.jpg 768w, https:\/\/mapadadiversidade.com.br\/ipatinga\/wp-content\/uploads\/2019\/06\/49effbeb-d824-49c3-a5da-6e476784b809-225x300.jpg 225w, https:\/\/mapadadiversidade.com.br\/ipatinga\/wp-content\/uploads\/2019\/06\/49effbeb-d824-49c3-a5da-6e476784b809.jpg 960w\" sizes=\"auto, (max-width: 768px) 100vw, 768px\" \/><\/figure><\/li><li class=\"blocks-gallery-item\"><figure><img loading=\"lazy\" decoding=\"async\" width=\"768\" height=\"1024\" src=\"https:\/\/mapadadiversidade.com.br\/ipatinga\/wp-content\/uploads\/2019\/06\/cc8d92b9-18c9-49b6-87c5-dd4fd66c74e4-768x1024.jpg\" alt=\"\" data-id=\"1252\" data-link=\"https:\/\/mapadadiversidade.com.br\/ipatinga\/gm-artes-e-cores\/cc8d92b9-18c9-49b6-87c5-dd4fd66c74e4\/\" class=\"wp-image-1252\" srcset=\"https:\/\/mapadadiversidade.com.br\/ipatinga\/wp-content\/uploads\/2019\/06\/cc8d92b9-18c9-49b6-87c5-dd4fd66c74e4-768x1024.jpg 768w, https:\/\/mapadadiversidade.com.br\/ipatinga\/wp-content\/uploads\/2019\/06\/cc8d92b9-18c9-49b6-87c5-dd4fd66c74e4-225x300.jpg 225w, https:\/\/mapadadiversidade.com.br\/ipatinga\/wp-content\/uploads\/2019\/06\/cc8d92b9-18c9-49b6-87c5-dd4fd66c74e4.jpg 960w\" sizes=\"auto, (max-width: 768px) 100vw, 768px\" \/><\/figure><\/li><li class=\"blocks-gallery-item\"><figure><img loading=\"lazy\" decoding=\"async\" width=\"768\" height=\"1024\" src=\"https:\/\/mapadadiversidade.com.br\/ipatinga\/wp-content\/uploads\/2019\/06\/3b95add9-823d-4107-a546-0f07fceb4e1c-768x1024.jpg\" alt=\"\" data-id=\"1250\" data-link=\"https:\/\/mapadadiversidade.com.br\/ipatinga\/gm-artes-e-cores\/3b95add9-823d-4107-a546-0f07fceb4e1c\/\" class=\"wp-image-1250\" srcset=\"https:\/\/mapadadiversidade.com.br\/ipatinga\/wp-content\/uploads\/2019\/06\/3b95add9-823d-4107-a546-0f07fceb4e1c-768x1024.jpg 768w, https:\/\/mapadadiversidade.com.br\/ipatinga\/wp-content\/uploads\/2019\/06\/3b95add9-823d-4107-a546-0f07fceb4e1c-225x300.jpg 225w, https:\/\/mapadadiversidade.com.br\/ipatinga\/wp-content\/uploads\/2019\/06\/3b95add9-823d-4107-a546-0f07fceb4e1c.jpg 960w\" sizes=\"auto, (max-width: 768px) 100vw, 768px\" \/><\/figure><\/li><li class=\"blocks-gallery-item\"><figure><img loading=\"lazy\" decoding=\"async\" width=\"1024\" height=\"768\" src=\"https:\/\/mapadadiversidade.com.br\/ipatinga\/wp-content\/uploads\/2019\/06\/2ec2669c-1ee3-419f-a0fc-172ada016ff6-1024x768.jpg\" alt=\"\" data-id=\"1249\" data-link=\"https:\/\/mapadadiversidade.com.br\/ipatinga\/gm-artes-e-cores\/2ec2669c-1ee3-419f-a0fc-172ada016ff6\/\" class=\"wp-image-1249\" srcset=\"https:\/\/mapadadiversidade.com.br\/ipatinga\/wp-content\/uploads\/2019\/06\/2ec2669c-1ee3-419f-a0fc-172ada016ff6-1024x768.jpg 1024w, https:\/\/mapadadiversidade.com.br\/ipatinga\/wp-content\/uploads\/2019\/06\/2ec2669c-1ee3-419f-a0fc-172ada016ff6-300x225.jpg 300w, https:\/\/mapadadiversidade.com.br\/ipatinga\/wp-content\/uploads\/2019\/06\/2ec2669c-1ee3-419f-a0fc-172ada016ff6-768x576.jpg 768w, https:\/\/mapadadiversidade.com.br\/ipatinga\/wp-content\/uploads\/2019\/06\/2ec2669c-1ee3-419f-a0fc-172ada016ff6.jpg 1280w\" sizes=\"auto, (max-width: 1024px) 100vw, 1024px\" \/><\/figure><\/li><li class=\"blocks-gallery-item\"><figure><img loading=\"lazy\" decoding=\"async\" width=\"768\" height=\"1024\" src=\"https:\/\/mapadadiversidade.com.br\/ipatinga\/wp-content\/uploads\/2019\/06\/2ec23de2-22f6-4e92-91ca-1a651524e5fe-768x1024.jpg\" alt=\"\" data-id=\"1248\" data-link=\"https:\/\/mapadadiversidade.com.br\/ipatinga\/gm-artes-e-cores\/2ec23de2-22f6-4e92-91ca-1a651524e5fe\/\" class=\"wp-image-1248\" srcset=\"https:\/\/mapadadiversidade.com.br\/ipatinga\/wp-content\/uploads\/2019\/06\/2ec23de2-22f6-4e92-91ca-1a651524e5fe-768x1024.jpg 768w, https:\/\/mapadadiversidade.com.br\/ipatinga\/wp-content\/uploads\/2019\/06\/2ec23de2-22f6-4e92-91ca-1a651524e5fe-225x300.jpg 225w, https:\/\/mapadadiversidade.com.br\/ipatinga\/wp-content\/uploads\/2019\/06\/2ec23de2-22f6-4e92-91ca-1a651524e5fe.jpg 960w\" sizes=\"auto, (max-width: 768px) 100vw, 768px\" \/><\/figure><\/li><\/ul>\n\n\n\n<p><\/p>\n","protected":false},"excerpt":{"rendered":"<p>Produ\u00e7\u00e3o de Pintura Facial em crian\u00e7as e adolescentes. Atuam em eventos p\u00fablicos e privados. <\/p>\n","protected":false},"author":8,"featured_media":1263,"comment_status":"open","ping_status":"open","sticky":false,"template":"","format":"standard","meta":{"footnotes":""},"categories":[1,21,10,4],"tags":[29,31],"class_list":["post-435","post","type-post","status-publish","format-standard","has-post-thumbnail","hentry","category-ipatinga","category-_regiao-metropolitana-do-vale-do-aco","category-artes-plasticas","category-linguagem-artisticas","tag-pintura","tag-pintura-facial","item-wrap"],"_links":{"self":[{"href":"https:\/\/mapadadiversidade.com.br\/ipatinga\/wp-json\/wp\/v2\/posts\/435","targetHints":{"allow":["GET"]}}],"collection":[{"href":"https:\/\/mapadadiversidade.com.br\/ipatinga\/wp-json\/wp\/v2\/posts"}],"about":[{"href":"https:\/\/mapadadiversidade.com.br\/ipatinga\/wp-json\/wp\/v2\/types\/post"}],"author":[{"embeddable":true,"href":"https:\/\/mapadadiversidade.com.br\/ipatinga\/wp-json\/wp\/v2\/users\/8"}],"replies":[{"embeddable":true,"href":"https:\/\/mapadadiversidade.com.br\/ipatinga\/wp-json\/wp\/v2\/comments?post=435"}],"version-history":[{"count":7,"href":"https:\/\/mapadadiversidade.com.br\/ipatinga\/wp-json\/wp\/v2\/posts\/435\/revisions"}],"predecessor-version":[{"id":1950,"href":"https:\/\/mapadadiversidade.com.br\/ipatinga\/wp-json\/wp\/v2\/posts\/435\/revisions\/1950"}],"wp:featuredmedia":[{"embeddable":true,"href":"https:\/\/mapadadiversidade.com.br\/ipatinga\/wp-json\/wp\/v2\/media\/1263"}],"wp:attachment":[{"href":"https:\/\/mapadadiversidade.com.br\/ipatinga\/wp-json\/wp\/v2\/media?parent=435"}],"wp:term":[{"taxonomy":"category","embeddable":true,"href":"https:\/\/mapadadiversidade.com.br\/ipatinga\/wp-json\/wp\/v2\/categories?post=435"},{"taxonomy":"post_tag","embeddable":true,"href":"https:\/\/mapadadiversidade.com.br\/ipatinga\/wp-json\/wp\/v2\/tags?post=435"}],"curies":[{"name":"wp","href":"https:\/\/api.w.org\/{rel}","templated":true}]}}