{"id":448,"date":"2019-07-05T13:24:53","date_gmt":"2019-07-05T16:24:53","guid":{"rendered":"https:\/\/mapadadiversidade.com.br\/ipatinga\/?p=448"},"modified":"2019-07-07T16:52:33","modified_gmt":"2019-07-07T19:52:33","slug":"nilmar-lage","status":"publish","type":"post","link":"https:\/\/mapadadiversidade.com.br\/ipatinga\/nilmar-lage\/","title":{"rendered":"Nilmar Lage"},"content":{"rendered":"\n<p>Fotografo e videomaker<\/p>\n\n\n\n<p>Linguagens art\u00edsticas<br>Fotografia<br>V\u00eddeo<\/p>\n\n\n\n<p>Hist\u00f3rico: Forma\u00e7\u00e3o em jornalismo, atuando principalmente na fotografia de espet\u00e1culo e fotografia documental, atrav\u00e9s do audiovisual, contando historias e registrando espet\u00e1culos.<\/p>\n\n\n\n<p>Telefone: (31) 99908-3824<br>E-mail: nilmarlage@gmail.com <br>Site: www.nilmarlage.com.br <br>Facebook: <a href=\"https:\/\/www.facebook.com\/nilmarlage\">Nilmar Lage<\/a> <br>Instagram: <a href=\"https:\/\/www.instagram.com\/nilmarlage\/\">Nilmar Lage<\/a> <br>Youtube: <a href=\"https:\/\/www.youtube.com\/results?search_query=Nilmar+lage\">Nilmar Lage<\/a><br>Twitter: <a href=\"https:\/\/twitter.com\/NilmarLage \">Nilmar Lage<\/a><\/p>\n\n\n\n<figure class=\"wp-block-embed-youtube wp-block-embed is-type-video is-provider-youtube wp-embed-aspect-16-9 wp-has-aspect-ratio\"><div class=\"wp-block-embed__wrapper\">\n<iframe loading=\"lazy\" title=\"Nilmar Lage\" width=\"944\" height=\"531\" src=\"https:\/\/www.youtube.com\/embed\/Dgj4XT6-114?feature=oembed\" frameborder=\"0\" allow=\"accelerometer; autoplay; encrypted-media; gyroscope; picture-in-picture\" allowfullscreen><\/iframe>\n<\/div><\/figure>\n\n\n\n<figure class=\"wp-block-image\"><img loading=\"lazy\" decoding=\"async\" width=\"800\" height=\"1024\" src=\"https:\/\/mapadadiversidade.com.br\/ipatinga\/wp-content\/uploads\/2019\/06\/697480ef-fb25-469e-bf92-1ede07992147-800x1024.jpg\" alt=\"\" class=\"wp-image-456\" srcset=\"https:\/\/mapadadiversidade.com.br\/ipatinga\/wp-content\/uploads\/2019\/06\/697480ef-fb25-469e-bf92-1ede07992147-800x1024.jpg 800w, https:\/\/mapadadiversidade.com.br\/ipatinga\/wp-content\/uploads\/2019\/06\/697480ef-fb25-469e-bf92-1ede07992147-234x300.jpg 234w, https:\/\/mapadadiversidade.com.br\/ipatinga\/wp-content\/uploads\/2019\/06\/697480ef-fb25-469e-bf92-1ede07992147-768x983.jpg 768w, https:\/\/mapadadiversidade.com.br\/ipatinga\/wp-content\/uploads\/2019\/06\/697480ef-fb25-469e-bf92-1ede07992147.jpg 1000w\" sizes=\"auto, (max-width: 800px) 100vw, 800px\" \/><\/figure>\n","protected":false},"excerpt":{"rendered":"<p>Forma\u00e7\u00e3o em jornalismo, atuando principalmente na fotografia de espet\u00e1culo e fotografia documental, atrav\u00e9s do audiovisual, contando historias e registrando espet\u00e1culos.<\/p>\n","protected":false},"author":7,"featured_media":456,"comment_status":"open","ping_status":"open","sticky":false,"template":"","format":"standard","meta":{"footnotes":""},"categories":[1,24,4],"tags":[85,198],"class_list":["post-448","post","type-post","status-publish","format-standard","has-post-thumbnail","hentry","category-ipatinga","category-fotografia","category-linguagem-artisticas","tag-fotografia","tag-video","item-wrap"],"_links":{"self":[{"href":"https:\/\/mapadadiversidade.com.br\/ipatinga\/wp-json\/wp\/v2\/posts\/448","targetHints":{"allow":["GET"]}}],"collection":[{"href":"https:\/\/mapadadiversidade.com.br\/ipatinga\/wp-json\/wp\/v2\/posts"}],"about":[{"href":"https:\/\/mapadadiversidade.com.br\/ipatinga\/wp-json\/wp\/v2\/types\/post"}],"author":[{"embeddable":true,"href":"https:\/\/mapadadiversidade.com.br\/ipatinga\/wp-json\/wp\/v2\/users\/7"}],"replies":[{"embeddable":true,"href":"https:\/\/mapadadiversidade.com.br\/ipatinga\/wp-json\/wp\/v2\/comments?post=448"}],"version-history":[{"count":3,"href":"https:\/\/mapadadiversidade.com.br\/ipatinga\/wp-json\/wp\/v2\/posts\/448\/revisions"}],"predecessor-version":[{"id":1774,"href":"https:\/\/mapadadiversidade.com.br\/ipatinga\/wp-json\/wp\/v2\/posts\/448\/revisions\/1774"}],"wp:featuredmedia":[{"embeddable":true,"href":"https:\/\/mapadadiversidade.com.br\/ipatinga\/wp-json\/wp\/v2\/media\/456"}],"wp:attachment":[{"href":"https:\/\/mapadadiversidade.com.br\/ipatinga\/wp-json\/wp\/v2\/media?parent=448"}],"wp:term":[{"taxonomy":"category","embeddable":true,"href":"https:\/\/mapadadiversidade.com.br\/ipatinga\/wp-json\/wp\/v2\/categories?post=448"},{"taxonomy":"post_tag","embeddable":true,"href":"https:\/\/mapadadiversidade.com.br\/ipatinga\/wp-json\/wp\/v2\/tags?post=448"}],"curies":[{"name":"wp","href":"https:\/\/api.w.org\/{rel}","templated":true}]}}