{"id":463,"date":"2019-07-06T12:07:10","date_gmt":"2019-07-06T15:07:10","guid":{"rendered":"https:\/\/mapadadiversidade.com.br\/ipatinga\/?p=463"},"modified":"2023-04-26T21:45:13","modified_gmt":"2023-04-27T00:45:13","slug":"adriane-lima","status":"publish","type":"post","link":"https:\/\/mapadadiversidade.com.br\/ipatinga\/adriane-lima\/","title":{"rendered":"Adriane Lima"},"content":{"rendered":"\n<p>Adriane Lima \u00e9 pedagoga com p\u00f3s-gradua\u00e7\u00e3o em Arte\/educa\u00e7\u00e3o. Trabalha como autora e narradora de hist\u00f3rias e ministra cursos e oficinas sobre arte e conta\u00e7\u00e3o de hist\u00f3rias. Al\u00e9m disso, desenvolve um trabalho art\u00edstico com livros, bonecas e fadas em tecido.<a href=\"https:\/\/www.hallelujahyachtcruises.com\/\"><strong>holdbarhet nespresso kapsler<\/strong><\/a><br><a href=\"https:\/\/www.bastaloparskorna.com\/\"><strong>vinglas boda nova<\/strong><\/a><br><a href=\"https:\/\/www.kepezbutikhotel.net\/\"><strong>qatar airways handgep\u00e4ck gewicht<\/strong><\/a><br><a href=\"https:\/\/www.halepsamikecisi.com\/\"><strong>\u05db\u05d5\u05e8\u05e1\u05d0 \u05d0\u05d2\u05d5\u05e8\u05d4<\/strong><\/a><br><a href=\"https:\/\/www.rockinzero.org\/\"><strong>d\u00e1msk\u00e9 jarni kotn\u00edkov\u00e9 boty tamaris<\/strong><\/a><br><a href=\"https:\/\/www.baby-waage.com\/\"><strong>best apple watch bands for women<\/strong><\/a><br><a href=\"https:\/\/www.rc-mirage.com\/\"><strong>de\u017ena obleka za otroke<\/strong><\/a><br><a href=\"https:\/\/www.fiitgonline.com\/\"><strong>fiitgonline.com<\/strong><\/a><br><a href=\"https:\/\/www.turistblog.ro\/\"><strong>mouse pad tastatura si mouse<\/strong><\/a><br><a href=\"https:\/\/www.tadkwan.com\/\"><strong>presa largit pantofi barbati<\/strong><\/a><br><a href=\"https:\/\/www.naturalresume.com\/\"><strong>k\u00f8b l\u00e6rke bagger strik<\/strong><\/a><\/p>\n\n\n\n<p>Linguagens Art\u00edsticas <br>Artes Visuais, Literatura e Artesanato.<\/p>\n\n\n\n<p>Outras atua\u00e7\u00f5es : Literatura e Conta\u00e7\u00e3o de hist\u00f3ria <\/p>\n\n\n\n<p><strong>Hist\u00f3rico:<\/strong> Apaixonada por hist\u00f3rias infantis e pelo mundo da fantasia, sempre busquei aliar o artesanato \u00e0 narrativa liter\u00e1ria. Cursei Pedagogia, Arte\/educa\u00e7\u00e3o e fiz v\u00e1rios cursos de Conta\u00e7\u00e3o de Hist\u00f3rias e tamb\u00e9m cursos para bonequeiras. Hoje, com a &#8220;Fadicidade&#8221; consigo reunir os dois universos: crio bonecas fadas que contam hist\u00f3rias inspiradas em mulheres encantadoras e em mulheres encantadas.<\/p>\n\n\n\n<p>Telefone: 31 99591-0248<br>E-mail: adriane.ipatinga@gmail.com <br>Instagram: <a href=\"https:\/\/www.instagram.com\/fadicidade\/?hl=pt-br\">@fadicidade<\/a><\/p>\n\n\n\n<figure class=\"wp-block-embed is-type-video is-provider-youtube wp-block-embed-youtube wp-embed-aspect-16-9 wp-has-aspect-ratio\"><div class=\"wp-block-embed__wrapper\">\n<iframe loading=\"lazy\" title=\"Adriane Lima\" width=\"944\" height=\"531\" src=\"https:\/\/www.youtube.com\/embed\/o604ri5rj84?feature=oembed\" frameborder=\"0\" allow=\"accelerometer; autoplay; encrypted-media; gyroscope; picture-in-picture\" allowfullscreen><\/iframe>\n<\/div><\/figure>\n\n\n\n<figure class=\"wp-block-gallery has-nested-images columns-default is-cropped wp-block-gallery-1 is-layout-flex wp-block-gallery-is-layout-flex\">\n<figure class=\"wp-block-image size-large\"><img loading=\"lazy\" decoding=\"async\" width=\"1024\" height=\"1024\" data-id=\"486\" src=\"https:\/\/mapadadiversidade.com.br\/ipatinga\/wp-content\/uploads\/2019\/06\/Adriane-1-1024x1024.jpeg\" alt=\"\" class=\"wp-image-486\" srcset=\"https:\/\/mapadadiversidade.com.br\/ipatinga\/wp-content\/uploads\/2019\/06\/Adriane-1-1024x1024.jpeg 1024w, https:\/\/mapadadiversidade.com.br\/ipatinga\/wp-content\/uploads\/2019\/06\/Adriane-1-150x150.jpeg 150w, https:\/\/mapadadiversidade.com.br\/ipatinga\/wp-content\/uploads\/2019\/06\/Adriane-1-300x300.jpeg 300w, https:\/\/mapadadiversidade.com.br\/ipatinga\/wp-content\/uploads\/2019\/06\/Adriane-1-768x767.jpeg 768w, https:\/\/mapadadiversidade.com.br\/ipatinga\/wp-content\/uploads\/2019\/06\/Adriane-1.jpeg 1188w\" sizes=\"auto, (max-width: 1024px) 100vw, 1024px\" \/><\/figure>\n\n\n\n<figure class=\"wp-block-image size-large\"><img loading=\"lazy\" decoding=\"async\" width=\"1024\" height=\"1024\" data-id=\"487\" src=\"https:\/\/mapadadiversidade.com.br\/ipatinga\/wp-content\/uploads\/2019\/06\/Adriane-3-1024x1024.jpeg\" alt=\"\" class=\"wp-image-487\" srcset=\"https:\/\/mapadadiversidade.com.br\/ipatinga\/wp-content\/uploads\/2019\/06\/Adriane-3-1024x1024.jpeg 1024w, https:\/\/mapadadiversidade.com.br\/ipatinga\/wp-content\/uploads\/2019\/06\/Adriane-3-150x150.jpeg 150w, https:\/\/mapadadiversidade.com.br\/ipatinga\/wp-content\/uploads\/2019\/06\/Adriane-3-300x300.jpeg 300w, https:\/\/mapadadiversidade.com.br\/ipatinga\/wp-content\/uploads\/2019\/06\/Adriane-3-768x768.jpeg 768w, https:\/\/mapadadiversidade.com.br\/ipatinga\/wp-content\/uploads\/2019\/06\/Adriane-3.jpeg 1100w\" sizes=\"auto, (max-width: 1024px) 100vw, 1024px\" \/><\/figure>\n\n\n\n<figure class=\"wp-block-image size-large\"><img loading=\"lazy\" decoding=\"async\" width=\"1024\" height=\"1024\" data-id=\"488\" src=\"https:\/\/mapadadiversidade.com.br\/ipatinga\/wp-content\/uploads\/2019\/06\/Adriane-4-1024x1024.jpeg\" alt=\"\" class=\"wp-image-488\" srcset=\"https:\/\/mapadadiversidade.com.br\/ipatinga\/wp-content\/uploads\/2019\/06\/Adriane-4-1024x1024.jpeg 1024w, https:\/\/mapadadiversidade.com.br\/ipatinga\/wp-content\/uploads\/2019\/06\/Adriane-4-150x150.jpeg 150w, https:\/\/mapadadiversidade.com.br\/ipatinga\/wp-content\/uploads\/2019\/06\/Adriane-4-300x300.jpeg 300w, https:\/\/mapadadiversidade.com.br\/ipatinga\/wp-content\/uploads\/2019\/06\/Adriane-4-768x768.jpeg 768w, https:\/\/mapadadiversidade.com.br\/ipatinga\/wp-content\/uploads\/2019\/06\/Adriane-4.jpeg 1111w\" sizes=\"auto, (max-width: 1024px) 100vw, 1024px\" \/><\/figure>\n\n\n\n<figure class=\"wp-block-image size-large\"><img loading=\"lazy\" decoding=\"async\" width=\"655\" height=\"655\" data-id=\"489\" src=\"https:\/\/mapadadiversidade.com.br\/ipatinga\/wp-content\/uploads\/2019\/06\/Adriane-5.jpeg\" alt=\"\" class=\"wp-image-489\" srcset=\"https:\/\/mapadadiversidade.com.br\/ipatinga\/wp-content\/uploads\/2019\/06\/Adriane-5.jpeg 655w, https:\/\/mapadadiversidade.com.br\/ipatinga\/wp-content\/uploads\/2019\/06\/Adriane-5-150x150.jpeg 150w, https:\/\/mapadadiversidade.com.br\/ipatinga\/wp-content\/uploads\/2019\/06\/Adriane-5-300x300.jpeg 300w\" sizes=\"auto, (max-width: 655px) 100vw, 655px\" \/><\/figure>\n\n\n\n<figure class=\"wp-block-image size-large\"><img loading=\"lazy\" decoding=\"async\" width=\"938\" height=\"938\" data-id=\"490\" src=\"https:\/\/mapadadiversidade.com.br\/ipatinga\/wp-content\/uploads\/2019\/06\/adriane.jpeg\" alt=\"\" class=\"wp-image-490\" srcset=\"https:\/\/mapadadiversidade.com.br\/ipatinga\/wp-content\/uploads\/2019\/06\/adriane.jpeg 938w, https:\/\/mapadadiversidade.com.br\/ipatinga\/wp-content\/uploads\/2019\/06\/adriane-150x150.jpeg 150w, https:\/\/mapadadiversidade.com.br\/ipatinga\/wp-content\/uploads\/2019\/06\/adriane-300x300.jpeg 300w, https:\/\/mapadadiversidade.com.br\/ipatinga\/wp-content\/uploads\/2019\/06\/adriane-768x768.jpeg 768w\" sizes=\"auto, (max-width: 938px) 100vw, 938px\" \/><\/figure>\n<\/figure>\n","protected":false},"excerpt":{"rendered":"<p>Cria\u00e7\u00e3o e produ\u00e7\u00e3o de bonecas, fadas, articula\u00e7\u00e3o e personalizadas.<\/p>\n","protected":false},"author":3,"featured_media":485,"comment_status":"open","ping_status":"open","sticky":false,"template":"","format":"standard","meta":{"footnotes":""},"categories":[1,5,11],"tags":[168,30,167,165,166,44],"class_list":["post-463","post","type-post","status-publish","format-standard","has-post-thumbnail","hentry","category-ipatinga","category-arte-educador-educador-social","category-artesanato","tag-arte-educacao","tag-artesanato","tag-contacao-de-historia","tag-educador-social","tag-fadicidade","tag-literatura","item-wrap"],"_links":{"self":[{"href":"https:\/\/mapadadiversidade.com.br\/ipatinga\/wp-json\/wp\/v2\/posts\/463","targetHints":{"allow":["GET"]}}],"collection":[{"href":"https:\/\/mapadadiversidade.com.br\/ipatinga\/wp-json\/wp\/v2\/posts"}],"about":[{"href":"https:\/\/mapadadiversidade.com.br\/ipatinga\/wp-json\/wp\/v2\/types\/post"}],"author":[{"embeddable":true,"href":"https:\/\/mapadadiversidade.com.br\/ipatinga\/wp-json\/wp\/v2\/users\/3"}],"replies":[{"embeddable":true,"href":"https:\/\/mapadadiversidade.com.br\/ipatinga\/wp-json\/wp\/v2\/comments?post=463"}],"version-history":[{"count":11,"href":"https:\/\/mapadadiversidade.com.br\/ipatinga\/wp-json\/wp\/v2\/posts\/463\/revisions"}],"predecessor-version":[{"id":2627,"href":"https:\/\/mapadadiversidade.com.br\/ipatinga\/wp-json\/wp\/v2\/posts\/463\/revisions\/2627"}],"wp:featuredmedia":[{"embeddable":true,"href":"https:\/\/mapadadiversidade.com.br\/ipatinga\/wp-json\/wp\/v2\/media\/485"}],"wp:attachment":[{"href":"https:\/\/mapadadiversidade.com.br\/ipatinga\/wp-json\/wp\/v2\/media?parent=463"}],"wp:term":[{"taxonomy":"category","embeddable":true,"href":"https:\/\/mapadadiversidade.com.br\/ipatinga\/wp-json\/wp\/v2\/categories?post=463"},{"taxonomy":"post_tag","embeddable":true,"href":"https:\/\/mapadadiversidade.com.br\/ipatinga\/wp-json\/wp\/v2\/tags?post=463"}],"curies":[{"name":"wp","href":"https:\/\/api.w.org\/{rel}","templated":true}]}}