{"id":464,"date":"2019-06-29T12:03:35","date_gmt":"2019-06-29T15:03:35","guid":{"rendered":"https:\/\/mapadadiversidade.com.br\/ipatinga\/?p=464"},"modified":"2019-07-11T16:38:49","modified_gmt":"2019-07-11T19:38:49","slug":"luiz-faioli","status":"publish","type":"post","link":"https:\/\/mapadadiversidade.com.br\/ipatinga\/luiz-faioli\/","title":{"rendered":"Luiz Faioli \/ Espa\u00e7o Ritmo Acesita"},"content":{"rendered":"\n<p style=\"text-align:left\">Linguagens Art\u00edsticas<br>Dan\u00e7a<\/p>\n\n\n\n<p>Arte educador, pr\u00e1ticas socioculturais<\/p>\n\n\n\n<p>Telefone:  (31) 97350-7878 <br>Instagram: <a href=\"https:\/\/www.instagram.com\/faioliluiz16\/?hl=pt-br\">@faioliluiz16<\/a><br>Facebook: <a href=\"https:\/\/www.facebook.com\/starmusicnow.faioli\">Luiz Gustavo Faioli<\/a><\/p>\n\n\n\n<p><strong>Espa\u00e7o Ritmo Acesita<\/strong><br>Instagram: <a href=\"https:\/\/www.instagram.com\/espacoritmoacesita\/?hl=pt-br\">@espacoritmoacesita<\/a><br>Facebook: <a href=\"https:\/\/www.facebook.com\/EspacoRitmoAcesita\/\">Espa\u00e7o Ritmo Acesita<\/a><br>Youtube: <a href=\"https:\/\/www.youtube.com\/channel\/UCqzKYecppLHq56xWI8LgS0A\">Espa\u00e7o Ritmo Acesita<\/a><\/p>\n\n\n\n<figure class=\"wp-block-embed-youtube wp-block-embed is-type-video is-provider-youtube wp-embed-aspect-16-9 wp-has-aspect-ratio\"><div class=\"wp-block-embed__wrapper\">\n<iframe loading=\"lazy\" title=\"Luiz Faioli\" width=\"944\" height=\"531\" src=\"https:\/\/www.youtube.com\/embed\/QakAJLqrmTc?feature=oembed\" frameborder=\"0\" allow=\"accelerometer; autoplay; encrypted-media; gyroscope; picture-in-picture\" allowfullscreen><\/iframe>\n<\/div><\/figure>\n","protected":false},"excerpt":{"rendered":"<p>Linguagens Art\u00edsticasDan\u00e7a Arte educador, pr\u00e1ticas socioculturais Telefone: (31) 97350-7878 Instagram: @faioliluiz16Facebook: Luiz Gustavo Faioli Espa\u00e7o Ritmo AcesitaInstagram: @espacoritmoacesitaFacebook: Espa\u00e7o Ritmo AcesitaYoutube: Espa\u00e7o Ritmo Acesita<\/p>\n","protected":false},"author":10,"featured_media":482,"comment_status":"open","ping_status":"open","sticky":false,"template":"","format":"standard","meta":{"footnotes":""},"categories":[21,271,27,4],"tags":[71],"class_list":["post-464","post","type-post","status-publish","format-standard","has-post-thumbnail","hentry","category-_regiao-metropolitana-do-vale-do-aco","category-_timoteo","category-danca","category-linguagem-artisticas","tag-danca","item-wrap"],"_links":{"self":[{"href":"https:\/\/mapadadiversidade.com.br\/ipatinga\/wp-json\/wp\/v2\/posts\/464","targetHints":{"allow":["GET"]}}],"collection":[{"href":"https:\/\/mapadadiversidade.com.br\/ipatinga\/wp-json\/wp\/v2\/posts"}],"about":[{"href":"https:\/\/mapadadiversidade.com.br\/ipatinga\/wp-json\/wp\/v2\/types\/post"}],"author":[{"embeddable":true,"href":"https:\/\/mapadadiversidade.com.br\/ipatinga\/wp-json\/wp\/v2\/users\/10"}],"replies":[{"embeddable":true,"href":"https:\/\/mapadadiversidade.com.br\/ipatinga\/wp-json\/wp\/v2\/comments?post=464"}],"version-history":[{"count":3,"href":"https:\/\/mapadadiversidade.com.br\/ipatinga\/wp-json\/wp\/v2\/posts\/464\/revisions"}],"predecessor-version":[{"id":1942,"href":"https:\/\/mapadadiversidade.com.br\/ipatinga\/wp-json\/wp\/v2\/posts\/464\/revisions\/1942"}],"wp:featuredmedia":[{"embeddable":true,"href":"https:\/\/mapadadiversidade.com.br\/ipatinga\/wp-json\/wp\/v2\/media\/482"}],"wp:attachment":[{"href":"https:\/\/mapadadiversidade.com.br\/ipatinga\/wp-json\/wp\/v2\/media?parent=464"}],"wp:term":[{"taxonomy":"category","embeddable":true,"href":"https:\/\/mapadadiversidade.com.br\/ipatinga\/wp-json\/wp\/v2\/categories?post=464"},{"taxonomy":"post_tag","embeddable":true,"href":"https:\/\/mapadadiversidade.com.br\/ipatinga\/wp-json\/wp\/v2\/tags?post=464"}],"curies":[{"name":"wp","href":"https:\/\/api.w.org\/{rel}","templated":true}]}}