{"id":476,"date":"2019-06-29T14:15:28","date_gmt":"2019-06-29T17:15:28","guid":{"rendered":"https:\/\/mapadadiversidade.com.br\/ipatinga\/?p=476"},"modified":"2019-07-08T11:17:49","modified_gmt":"2019-07-08T14:17:49","slug":"roberto-caldeira","status":"publish","type":"post","link":"https:\/\/mapadadiversidade.com.br\/ipatinga\/roberto-caldeira\/","title":{"rendered":"Roberto Caldeira"},"content":{"rendered":"\n<p>Consultor e produtor de espa\u00e7os culturais<\/p>\n\n\n\n<p>Arquitetura e Urbanismo<\/p>\n\n\n\n<p>Hist\u00f3rico:<br>Permeou dentro do campo da arquitetura\/urbanismo e cultura. Trabalha com concep\u00e7\u00e3o de espa\u00e7os culturais, atua com produ\u00e7\u00e3o de espa\u00e7os p\u00fablicos, patrim\u00f4nio hist\u00f3rico, restauro e planejamento urbano.<br>Idealizador do projeto BITEC.<br>Atua\u00e7\u00f5es mais relevantes dentro do campo cultural:<br>&#8211; Reforma e amplia\u00e7\u00e3o de Teatros<br>-Laudos para os patrim\u00f4nios de Coronel Fabriciano<br>-Projeto  de arquitetura Sacra<br>-Projeto de Boate Sant Tropez<br>-Projeto de bar com atividades art\u00edsticas &#8211; impacto na vida noturna da Cidade<br>-Idealizador do projeto BITEC, que articula tecnologia, inova\u00e7\u00e3o e inclus\u00e3o social. <\/p>\n\n\n\n<p>Email: roberto@oneconsult.net.br<br>P\u00e1gina na internet: oneconsult.net.br<\/p>\n\n\n\n<figure class=\"wp-block-embed-youtube wp-block-embed is-type-video is-provider-youtube wp-embed-aspect-16-9 wp-has-aspect-ratio\"><div class=\"wp-block-embed__wrapper\">\n<iframe loading=\"lazy\" title=\"Roberto Caldeira - projetos culturais\" width=\"944\" height=\"531\" src=\"https:\/\/www.youtube.com\/embed\/p9JRroCX5s8?feature=oembed\" frameborder=\"0\" allow=\"accelerometer; autoplay; encrypted-media; gyroscope; picture-in-picture\" allowfullscreen><\/iframe>\n<\/div><\/figure>\n\n\n\n<p> <\/p>\n","protected":false},"excerpt":{"rendered":"<p>Como arquiteto e urbanista, permeou dentro do campo da arquitetura\/urbanismo e cultura. Trabalha com concep\u00e7\u00e3o de espa\u00e7os culturais, atua com produ\u00e7\u00e3o de espa\u00e7os p\u00fablicos, patrim\u00f4nio hist\u00f3rico, restauro e planejamento urbano.<br \/>\nIdealizador do projeto BITEC, que articula tecnologia, inova\u00e7\u00e3o e inclus\u00e3o social.<\/p>\n","protected":false},"author":8,"featured_media":544,"comment_status":"open","ping_status":"open","sticky":false,"template":"","format":"standard","meta":{"footnotes":""},"categories":[1,21,35],"tags":[36,37],"class_list":["post-476","post","type-post","status-publish","format-standard","has-post-thumbnail","hentry","category-ipatinga","category-_regiao-metropolitana-do-vale-do-aco","category-arquitetura-e-urbanismo","tag-arquitetura","tag-urbanismo","item-wrap"],"_links":{"self":[{"href":"https:\/\/mapadadiversidade.com.br\/ipatinga\/wp-json\/wp\/v2\/posts\/476","targetHints":{"allow":["GET"]}}],"collection":[{"href":"https:\/\/mapadadiversidade.com.br\/ipatinga\/wp-json\/wp\/v2\/posts"}],"about":[{"href":"https:\/\/mapadadiversidade.com.br\/ipatinga\/wp-json\/wp\/v2\/types\/post"}],"author":[{"embeddable":true,"href":"https:\/\/mapadadiversidade.com.br\/ipatinga\/wp-json\/wp\/v2\/users\/8"}],"replies":[{"embeddable":true,"href":"https:\/\/mapadadiversidade.com.br\/ipatinga\/wp-json\/wp\/v2\/comments?post=476"}],"version-history":[{"count":5,"href":"https:\/\/mapadadiversidade.com.br\/ipatinga\/wp-json\/wp\/v2\/posts\/476\/revisions"}],"predecessor-version":[{"id":1765,"href":"https:\/\/mapadadiversidade.com.br\/ipatinga\/wp-json\/wp\/v2\/posts\/476\/revisions\/1765"}],"wp:featuredmedia":[{"embeddable":true,"href":"https:\/\/mapadadiversidade.com.br\/ipatinga\/wp-json\/wp\/v2\/media\/544"}],"wp:attachment":[{"href":"https:\/\/mapadadiversidade.com.br\/ipatinga\/wp-json\/wp\/v2\/media?parent=476"}],"wp:term":[{"taxonomy":"category","embeddable":true,"href":"https:\/\/mapadadiversidade.com.br\/ipatinga\/wp-json\/wp\/v2\/categories?post=476"},{"taxonomy":"post_tag","embeddable":true,"href":"https:\/\/mapadadiversidade.com.br\/ipatinga\/wp-json\/wp\/v2\/tags?post=476"}],"curies":[{"name":"wp","href":"https:\/\/api.w.org\/{rel}","templated":true}]}}