{"id":505,"date":"2019-06-29T14:11:14","date_gmt":"2019-06-29T17:11:14","guid":{"rendered":"https:\/\/mapadadiversidade.com.br\/ipatinga\/?p=505"},"modified":"2019-07-07T16:42:50","modified_gmt":"2019-07-07T19:42:50","slug":"maria-do-carmo-a-souzaotmail-com","status":"publish","type":"post","link":"https:\/\/mapadadiversidade.com.br\/ipatinga\/maria-do-carmo-a-souzaotmail-com\/","title":{"rendered":"Maria do Carmo A. Souza"},"content":{"rendered":"\n<p>Confec\u00e7\u00e3o de pe\u00e7as decorativas e utilit\u00e1rias em madeira.<\/p>\n\n\n\n<p>Artesanato<\/p>\n\n\n\n<p>Artes\u00e3 confecciona  pe\u00e7as decorativas e utilit\u00e1rias com madeira. <\/p>\n\n\n\n<p>Hist\u00f3rico: Nascida em Itabira, moradora de Ipatinga a 40 anos. Tem a madeira como sua principal mat\u00e9ria prima em seu artesanato.<\/p>\n\n\n\n<p>Contato: (31) 985702662<br>E-mail: duflores@hotmail.com<br>Facebook: Aquiles e Ducarmo<\/p>\n\n\n\n<ul class=\"wp-block-gallery columns-2 is-cropped wp-block-gallery-1 is-layout-flex wp-block-gallery-is-layout-flex\"><li class=\"blocks-gallery-item\"><figure><img loading=\"lazy\" decoding=\"async\" width=\"719\" height=\"800\" src=\"https:\/\/mapadadiversidade.com.br\/ipatinga\/wp-content\/uploads\/2019\/06\/008.jpg\" alt=\"\" data-id=\"515\" data-link=\"https:\/\/mapadadiversidade.com.br\/ipatinga\/?attachment_id=515\" class=\"wp-image-515\" srcset=\"https:\/\/mapadadiversidade.com.br\/ipatinga\/wp-content\/uploads\/2019\/06\/008.jpg 719w, https:\/\/mapadadiversidade.com.br\/ipatinga\/wp-content\/uploads\/2019\/06\/008-270x300.jpg 270w\" sizes=\"auto, (max-width: 719px) 100vw, 719px\" \/><\/figure><\/li><li class=\"blocks-gallery-item\"><figure><img loading=\"lazy\" decoding=\"async\" width=\"800\" height=\"707\" src=\"https:\/\/mapadadiversidade.com.br\/ipatinga\/wp-content\/uploads\/2019\/06\/20190610_095543.jpg\" alt=\"\" data-id=\"518\" data-link=\"https:\/\/mapadadiversidade.com.br\/ipatinga\/?attachment_id=518\" class=\"wp-image-518\" srcset=\"https:\/\/mapadadiversidade.com.br\/ipatinga\/wp-content\/uploads\/2019\/06\/20190610_095543.jpg 800w, https:\/\/mapadadiversidade.com.br\/ipatinga\/wp-content\/uploads\/2019\/06\/20190610_095543-300x265.jpg 300w, https:\/\/mapadadiversidade.com.br\/ipatinga\/wp-content\/uploads\/2019\/06\/20190610_095543-768x679.jpg 768w\" sizes=\"auto, (max-width: 800px) 100vw, 800px\" \/><\/figure><\/li><\/ul>\n","protected":false},"excerpt":{"rendered":"<p>Artesanato em madeira<\/p>\n","protected":false},"author":12,"featured_media":517,"comment_status":"open","ping_status":"open","sticky":false,"template":"","format":"standard","meta":{"footnotes":""},"categories":[1,11,4],"tags":[30,38],"class_list":["post-505","post","type-post","status-publish","format-standard","has-post-thumbnail","hentry","category-ipatinga","category-artesanato","category-linguagem-artisticas","tag-artesanato","tag-madeira","item-wrap"],"_links":{"self":[{"href":"https:\/\/mapadadiversidade.com.br\/ipatinga\/wp-json\/wp\/v2\/posts\/505","targetHints":{"allow":["GET"]}}],"collection":[{"href":"https:\/\/mapadadiversidade.com.br\/ipatinga\/wp-json\/wp\/v2\/posts"}],"about":[{"href":"https:\/\/mapadadiversidade.com.br\/ipatinga\/wp-json\/wp\/v2\/types\/post"}],"author":[{"embeddable":true,"href":"https:\/\/mapadadiversidade.com.br\/ipatinga\/wp-json\/wp\/v2\/users\/12"}],"replies":[{"embeddable":true,"href":"https:\/\/mapadadiversidade.com.br\/ipatinga\/wp-json\/wp\/v2\/comments?post=505"}],"version-history":[{"count":5,"href":"https:\/\/mapadadiversidade.com.br\/ipatinga\/wp-json\/wp\/v2\/posts\/505\/revisions"}],"predecessor-version":[{"id":1772,"href":"https:\/\/mapadadiversidade.com.br\/ipatinga\/wp-json\/wp\/v2\/posts\/505\/revisions\/1772"}],"wp:featuredmedia":[{"embeddable":true,"href":"https:\/\/mapadadiversidade.com.br\/ipatinga\/wp-json\/wp\/v2\/media\/517"}],"wp:attachment":[{"href":"https:\/\/mapadadiversidade.com.br\/ipatinga\/wp-json\/wp\/v2\/media?parent=505"}],"wp:term":[{"taxonomy":"category","embeddable":true,"href":"https:\/\/mapadadiversidade.com.br\/ipatinga\/wp-json\/wp\/v2\/categories?post=505"},{"taxonomy":"post_tag","embeddable":true,"href":"https:\/\/mapadadiversidade.com.br\/ipatinga\/wp-json\/wp\/v2\/tags?post=505"}],"curies":[{"name":"wp","href":"https:\/\/api.w.org\/{rel}","templated":true}]}}