{"id":511,"date":"2019-06-29T14:12:24","date_gmt":"2019-06-29T17:12:24","guid":{"rendered":"https:\/\/mapadadiversidade.com.br\/ipatinga\/?p=511"},"modified":"2019-07-10T22:20:58","modified_gmt":"2019-07-11T01:20:58","slug":"banda-gertrudes-jayme-souz","status":"publish","type":"post","link":"https:\/\/mapadadiversidade.com.br\/ipatinga\/banda-gertrudes-jayme-souz\/","title":{"rendered":"Banda Gertrudes\/ Jayme Souz"},"content":{"rendered":"\n<p>Linguagens Art\u00edsticas<br>M\u00fasica<\/p>\n\n\n\n<p>Jayme Souz nasceu em Ipatinga, atualmente reside no Bairro Horto. Desde a adolesc\u00eancia  trabalha com m\u00fasica, por 15 anos na carreira solo,  sendo que h\u00e1 3 anos formou a Banda Gertrudes fazendo parte como vocalista. Fazem  apresenta\u00e7\u00f5es  em eventos, festas e em casas de show, dentro e fora da regi\u00e3o. <\/p>\n\n\n\n<p>Contato: (31) 986397778<br>E-mail: jaymesouzmusic@gmail.com<br>Facebook: <a href=\"https:\/\/www.facebook.com\/jayme.souz\">Jaime Souz<\/a><br>Facebook: <a href=\"https:\/\/www.facebook.com\/GertrudesIpatinga\">Banda Gertrudes oficial<\/a><br>Instagram: <a href=\"https:\/\/www.instagram.com\/jaymesouz_gertrudes\/\">Jayme Souz_Gertrudes<\/a><\/p>\n\n\n\n<figure class=\"wp-block-embed-youtube wp-block-embed is-type-video is-provider-youtube wp-embed-aspect-16-9 wp-has-aspect-ratio\"><div class=\"wp-block-embed__wrapper\">\n<iframe loading=\"lazy\" title=\"jayme Souz\" width=\"944\" height=\"531\" src=\"https:\/\/www.youtube.com\/embed\/b2NW8YkCK1U?feature=oembed\" frameborder=\"0\" allow=\"accelerometer; autoplay; encrypted-media; gyroscope; picture-in-picture\" allowfullscreen><\/iframe>\n<\/div><\/figure>\n\n\n\n<ul class=\"wp-block-gallery columns-3 is-cropped wp-block-gallery-1 is-layout-flex wp-block-gallery-is-layout-flex\"><li class=\"blocks-gallery-item\"><figure><img loading=\"lazy\" decoding=\"async\" width=\"480\" height=\"447\" src=\"https:\/\/mapadadiversidade.com.br\/ipatinga\/wp-content\/uploads\/2019\/06\/48418517_758604234501602_611905051518042112_n.jpg\" alt=\"\" data-id=\"536\" data-link=\"https:\/\/mapadadiversidade.com.br\/ipatinga\/banda-gertrudes-jayme-souz\/48418517_758604234501602_611905051518042112_n\/\" class=\"wp-image-536\" srcset=\"https:\/\/mapadadiversidade.com.br\/ipatinga\/wp-content\/uploads\/2019\/06\/48418517_758604234501602_611905051518042112_n.jpg 480w, https:\/\/mapadadiversidade.com.br\/ipatinga\/wp-content\/uploads\/2019\/06\/48418517_758604234501602_611905051518042112_n-300x279.jpg 300w\" sizes=\"auto, (max-width: 480px) 100vw, 480px\" \/><\/figure><\/li><li class=\"blocks-gallery-item\"><figure><img loading=\"lazy\" decoding=\"async\" width=\"480\" height=\"480\" src=\"https:\/\/mapadadiversidade.com.br\/ipatinga\/wp-content\/uploads\/2019\/06\/48390136_758603077835051_4966152521224552448_n.jpg\" alt=\"\" data-id=\"534\" data-link=\"https:\/\/mapadadiversidade.com.br\/ipatinga\/banda-gertrudes-jayme-souz\/48390136_758603077835051_4966152521224552448_n\/\" class=\"wp-image-534\" srcset=\"https:\/\/mapadadiversidade.com.br\/ipatinga\/wp-content\/uploads\/2019\/06\/48390136_758603077835051_4966152521224552448_n.jpg 480w, https:\/\/mapadadiversidade.com.br\/ipatinga\/wp-content\/uploads\/2019\/06\/48390136_758603077835051_4966152521224552448_n-150x150.jpg 150w, https:\/\/mapadadiversidade.com.br\/ipatinga\/wp-content\/uploads\/2019\/06\/48390136_758603077835051_4966152521224552448_n-300x300.jpg 300w\" sizes=\"auto, (max-width: 480px) 100vw, 480px\" \/><\/figure><\/li><li class=\"blocks-gallery-item\"><figure><img loading=\"lazy\" decoding=\"async\" width=\"960\" height=\"733\" src=\"https:\/\/mapadadiversidade.com.br\/ipatinga\/wp-content\/uploads\/2019\/06\/43106278_712923935736299_4985648644796448768_n.jpg\" alt=\"\" data-id=\"533\" data-link=\"https:\/\/mapadadiversidade.com.br\/ipatinga\/banda-gertrudes-jayme-souz\/43106278_712923935736299_4985648644796448768_n\/\" class=\"wp-image-533\" srcset=\"https:\/\/mapadadiversidade.com.br\/ipatinga\/wp-content\/uploads\/2019\/06\/43106278_712923935736299_4985648644796448768_n.jpg 960w, https:\/\/mapadadiversidade.com.br\/ipatinga\/wp-content\/uploads\/2019\/06\/43106278_712923935736299_4985648644796448768_n-300x229.jpg 300w, https:\/\/mapadadiversidade.com.br\/ipatinga\/wp-content\/uploads\/2019\/06\/43106278_712923935736299_4985648644796448768_n-768x586.jpg 768w\" sizes=\"auto, (max-width: 960px) 100vw, 960px\" \/><\/figure><\/li><li class=\"blocks-gallery-item\"><figure><img loading=\"lazy\" decoding=\"async\" width=\"480\" height=\"320\" src=\"https:\/\/mapadadiversidade.com.br\/ipatinga\/wp-content\/uploads\/2019\/06\/49209840_764397113922314_2567643479475748864_n.jpg\" alt=\"\" data-id=\"532\" data-link=\"https:\/\/mapadadiversidade.com.br\/ipatinga\/banda-gertrudes-jayme-souz\/49209840_764397113922314_2567643479475748864_n\/\" class=\"wp-image-532\" srcset=\"https:\/\/mapadadiversidade.com.br\/ipatinga\/wp-content\/uploads\/2019\/06\/49209840_764397113922314_2567643479475748864_n.jpg 480w, https:\/\/mapadadiversidade.com.br\/ipatinga\/wp-content\/uploads\/2019\/06\/49209840_764397113922314_2567643479475748864_n-300x200.jpg 300w\" sizes=\"auto, (max-width: 480px) 100vw, 480px\" \/><\/figure><\/li><li class=\"blocks-gallery-item\"><figure><img loading=\"lazy\" decoding=\"async\" width=\"640\" height=\"640\" src=\"https:\/\/mapadadiversidade.com.br\/ipatinga\/wp-content\/uploads\/2019\/06\/57447345_105867740558737_5323628732506588969_n.jpg\" alt=\"\" data-id=\"555\" data-link=\"https:\/\/mapadadiversidade.com.br\/ipatinga\/banda-gertrudes-jayme-souz\/57447345_105867740558737_5323628732506588969_n\/\" class=\"wp-image-555\" srcset=\"https:\/\/mapadadiversidade.com.br\/ipatinga\/wp-content\/uploads\/2019\/06\/57447345_105867740558737_5323628732506588969_n.jpg 640w, https:\/\/mapadadiversidade.com.br\/ipatinga\/wp-content\/uploads\/2019\/06\/57447345_105867740558737_5323628732506588969_n-150x150.jpg 150w, https:\/\/mapadadiversidade.com.br\/ipatinga\/wp-content\/uploads\/2019\/06\/57447345_105867740558737_5323628732506588969_n-300x300.jpg 300w\" sizes=\"auto, (max-width: 640px) 100vw, 640px\" \/><\/figure><\/li><\/ul>\n","protected":false},"excerpt":{"rendered":"<p>Trabalha com m\u00fasica, por 15 anos na carreira solo, sendo que h\u00e1 3 anos formou a Banda Gertrudes<\/p>\n","protected":false},"author":11,"featured_media":532,"comment_status":"open","ping_status":"open","sticky":false,"template":"","format":"standard","meta":{"footnotes":""},"categories":[1,4,12],"tags":[92],"class_list":["post-511","post","type-post","status-publish","format-standard","has-post-thumbnail","hentry","category-ipatinga","category-linguagem-artisticas","category-musica","tag-musica","item-wrap"],"_links":{"self":[{"href":"https:\/\/mapadadiversidade.com.br\/ipatinga\/wp-json\/wp\/v2\/posts\/511","targetHints":{"allow":["GET"]}}],"collection":[{"href":"https:\/\/mapadadiversidade.com.br\/ipatinga\/wp-json\/wp\/v2\/posts"}],"about":[{"href":"https:\/\/mapadadiversidade.com.br\/ipatinga\/wp-json\/wp\/v2\/types\/post"}],"author":[{"embeddable":true,"href":"https:\/\/mapadadiversidade.com.br\/ipatinga\/wp-json\/wp\/v2\/users\/11"}],"replies":[{"embeddable":true,"href":"https:\/\/mapadadiversidade.com.br\/ipatinga\/wp-json\/wp\/v2\/comments?post=511"}],"version-history":[{"count":7,"href":"https:\/\/mapadadiversidade.com.br\/ipatinga\/wp-json\/wp\/v2\/posts\/511\/revisions"}],"predecessor-version":[{"id":2169,"href":"https:\/\/mapadadiversidade.com.br\/ipatinga\/wp-json\/wp\/v2\/posts\/511\/revisions\/2169"}],"wp:featuredmedia":[{"embeddable":true,"href":"https:\/\/mapadadiversidade.com.br\/ipatinga\/wp-json\/wp\/v2\/media\/532"}],"wp:attachment":[{"href":"https:\/\/mapadadiversidade.com.br\/ipatinga\/wp-json\/wp\/v2\/media?parent=511"}],"wp:term":[{"taxonomy":"category","embeddable":true,"href":"https:\/\/mapadadiversidade.com.br\/ipatinga\/wp-json\/wp\/v2\/categories?post=511"},{"taxonomy":"post_tag","embeddable":true,"href":"https:\/\/mapadadiversidade.com.br\/ipatinga\/wp-json\/wp\/v2\/tags?post=511"}],"curies":[{"name":"wp","href":"https:\/\/api.w.org\/{rel}","templated":true}]}}