{"id":526,"date":"2019-06-29T14:35:23","date_gmt":"2019-06-29T17:35:23","guid":{"rendered":"https:\/\/mapadadiversidade.com.br\/ipatinga\/?p=526"},"modified":"2019-07-08T11:17:23","modified_gmt":"2019-07-08T14:17:23","slug":"adao-vieira-de-faria-grupo-teatral-boca-de-cena","status":"publish","type":"post","link":"https:\/\/mapadadiversidade.com.br\/ipatinga\/adao-vieira-de-faria-grupo-teatral-boca-de-cena\/","title":{"rendered":"Ad\u00e3o Vieira de Faria \/ Grupo Teatral Boca de Cena"},"content":{"rendered":"\n<p>Linguagens Art\u00edsticas<br>Teatro Performativo<\/p>\n\n\n\n<p>Hist\u00f3rico:  Diretor (em 19 espet\u00e1culos), ator (participa\u00e7\u00e3o em 8 espet\u00e1culos), dramaturgo (11 textos encenados, dos quais sete s\u00e3o adapta\u00e7\u00f5es), figurino (para 4 espet\u00e1culos), cen\u00e1rio (para 3 espet\u00e1culos), escritor (3 livros) e professor universit\u00e1rio dos cursos de arquitetura, comunica\u00e7\u00e3o e metalurgia do Centro Universit\u00e1rio do Leste de Minas desde 2001. Em 2007 obteve pela UFMG o grau de mestre em engenharia metal\u00fargica. Gradua\u00e7\u00e3o pela Universidade Federal de Ouro Preto (1979). Registro profissional, Diretor e Ator, SRTE\/MG 7512. Diretor e ator do Grupo Teatral Boca de Cena desde 1983 e filiado a SBAT. <\/p>\n\n\n\n<p>Telefone: (31) 98395-2576<br> E-mail:  defariaadao@gmail.com <br> Facebook: <a href=\"https:\/\/www.facebook.com\/defariaadao\">Ad\u00e3o de Faria<\/a><br> Instagram: <a href=\"https:\/\/www.instagram.com\/avdefariaa\/\">Ad\u00e3o de Faria<\/a><br> <\/p>\n\n\n\n<figure class=\"wp-block-embed-youtube wp-block-embed is-type-video is-provider-youtube wp-embed-aspect-16-9 wp-has-aspect-ratio\"><div class=\"wp-block-embed__wrapper\">\n<iframe loading=\"lazy\" title=\"Ad\u00e3o de Faria\" width=\"944\" height=\"531\" src=\"https:\/\/www.youtube.com\/embed\/e2LlRNZbuhY?feature=oembed\" frameborder=\"0\" allow=\"accelerometer; autoplay; encrypted-media; gyroscope; picture-in-picture\" allowfullscreen><\/iframe>\n<\/div><\/figure>\n\n\n\n<ul class=\"wp-block-gallery columns-3 is-cropped wp-block-gallery-1 is-layout-flex wp-block-gallery-is-layout-flex\"><li class=\"blocks-gallery-item\"><figure><img loading=\"lazy\" decoding=\"async\" width=\"769\" height=\"1024\" src=\"https:\/\/mapadadiversidade.com.br\/ipatinga\/wp-content\/uploads\/2019\/06\/Adao-de-Faria-1-1-769x1024.jpg\" alt=\"\" data-id=\"540\" data-link=\"https:\/\/mapadadiversidade.com.br\/ipatinga\/?attachment_id=540\" class=\"wp-image-540\" srcset=\"https:\/\/mapadadiversidade.com.br\/ipatinga\/wp-content\/uploads\/2019\/06\/Adao-de-Faria-1-1.jpg 769w, https:\/\/mapadadiversidade.com.br\/ipatinga\/wp-content\/uploads\/2019\/06\/Adao-de-Faria-1-1-225x300.jpg 225w, https:\/\/mapadadiversidade.com.br\/ipatinga\/wp-content\/uploads\/2019\/06\/Adao-de-Faria-1-1-768x1023.jpg 768w\" sizes=\"auto, (max-width: 769px) 100vw, 769px\" \/><\/figure><\/li><li class=\"blocks-gallery-item\"><figure><img loading=\"lazy\" decoding=\"async\" width=\"1024\" height=\"768\" src=\"https:\/\/mapadadiversidade.com.br\/ipatinga\/wp-content\/uploads\/2019\/06\/Ad\u00e3o-de-Faria-2-1-1024x768.jpg\" alt=\"\" data-id=\"541\" data-link=\"https:\/\/mapadadiversidade.com.br\/ipatinga\/?attachment_id=541\" class=\"wp-image-541\" srcset=\"https:\/\/mapadadiversidade.com.br\/ipatinga\/wp-content\/uploads\/2019\/06\/Ad\u00e3o-de-Faria-2-1-1024x768.jpg 1024w, https:\/\/mapadadiversidade.com.br\/ipatinga\/wp-content\/uploads\/2019\/06\/Ad\u00e3o-de-Faria-2-1-300x225.jpg 300w, https:\/\/mapadadiversidade.com.br\/ipatinga\/wp-content\/uploads\/2019\/06\/Ad\u00e3o-de-Faria-2-1-768x576.jpg 768w\" sizes=\"auto, (max-width: 1024px) 100vw, 1024px\" \/><\/figure><\/li><li class=\"blocks-gallery-item\"><figure><img loading=\"lazy\" decoding=\"async\" width=\"276\" height=\"276\" src=\"https:\/\/mapadadiversidade.com.br\/ipatinga\/wp-content\/uploads\/2019\/06\/Adao-de-Faria-3.jpg\" alt=\"\" data-id=\"542\" data-link=\"https:\/\/mapadadiversidade.com.br\/ipatinga\/?attachment_id=542\" class=\"wp-image-542\" srcset=\"https:\/\/mapadadiversidade.com.br\/ipatinga\/wp-content\/uploads\/2019\/06\/Adao-de-Faria-3.jpg 276w, https:\/\/mapadadiversidade.com.br\/ipatinga\/wp-content\/uploads\/2019\/06\/Adao-de-Faria-3-150x150.jpg 150w\" sizes=\"auto, (max-width: 276px) 100vw, 276px\" \/><\/figure><\/li><li class=\"blocks-gallery-item\"><figure><img loading=\"lazy\" decoding=\"async\" width=\"1024\" height=\"768\" src=\"https:\/\/mapadadiversidade.com.br\/ipatinga\/wp-content\/uploads\/2019\/06\/Adao-de-Faria-4-1024x768.jpg\" alt=\"\" data-id=\"543\" data-link=\"https:\/\/mapadadiversidade.com.br\/ipatinga\/?attachment_id=543\" class=\"wp-image-543\" srcset=\"https:\/\/mapadadiversidade.com.br\/ipatinga\/wp-content\/uploads\/2019\/06\/Adao-de-Faria-4.jpg 1024w, https:\/\/mapadadiversidade.com.br\/ipatinga\/wp-content\/uploads\/2019\/06\/Adao-de-Faria-4-300x225.jpg 300w, https:\/\/mapadadiversidade.com.br\/ipatinga\/wp-content\/uploads\/2019\/06\/Adao-de-Faria-4-768x576.jpg 768w\" sizes=\"auto, (max-width: 1024px) 100vw, 1024px\" \/><\/figure><\/li><\/ul>\n","protected":false},"excerpt":{"rendered":"<p>Diretor (em 19 espet\u00e1culos), Ator (participa\u00e7\u00e3o em 8 espet\u00e1culos), dramaturgo (11 textos encenados, dos quais sete s\u00e3o adapta\u00e7\u00f5es), figurino (para 4 espet\u00e1culos), cen\u00e1rio (para 3 espet\u00e1culos), escritor (3 livros) e professor universit\u00e1rio dos cursos de arquitetura, comunica\u00e7\u00e3o e metalurgia do Centro Universit\u00e1rio do Leste de Minas desde 2001. Em 2007 obteve pela UFMG o grau de mestre em engenharia metal\u00fargica. Gradua\u00e7\u00e3o pela Universidade Federal de Ouro Preto (1979). Registro profissional, Diretor e Ator, SRTE\/MG 7512. Diretor e ator do Grupo Teatral Boca de Cena desde 1983 e filiado a SBAT. <\/p>\n","protected":false},"author":7,"featured_media":542,"comment_status":"open","ping_status":"open","sticky":false,"template":"","format":"standard","meta":{"footnotes":""},"categories":[1,4,13],"tags":[192,197,196],"class_list":["post-526","post","type-post","status-publish","format-standard","has-post-thumbnail","hentry","category-ipatinga","category-linguagem-artisticas","category-teatro","tag-ator","tag-diretor","tag-dramaturgo","item-wrap"],"_links":{"self":[{"href":"https:\/\/mapadadiversidade.com.br\/ipatinga\/wp-json\/wp\/v2\/posts\/526","targetHints":{"allow":["GET"]}}],"collection":[{"href":"https:\/\/mapadadiversidade.com.br\/ipatinga\/wp-json\/wp\/v2\/posts"}],"about":[{"href":"https:\/\/mapadadiversidade.com.br\/ipatinga\/wp-json\/wp\/v2\/types\/post"}],"author":[{"embeddable":true,"href":"https:\/\/mapadadiversidade.com.br\/ipatinga\/wp-json\/wp\/v2\/users\/7"}],"replies":[{"embeddable":true,"href":"https:\/\/mapadadiversidade.com.br\/ipatinga\/wp-json\/wp\/v2\/comments?post=526"}],"version-history":[{"count":3,"href":"https:\/\/mapadadiversidade.com.br\/ipatinga\/wp-json\/wp\/v2\/posts\/526\/revisions"}],"predecessor-version":[{"id":1858,"href":"https:\/\/mapadadiversidade.com.br\/ipatinga\/wp-json\/wp\/v2\/posts\/526\/revisions\/1858"}],"wp:featuredmedia":[{"embeddable":true,"href":"https:\/\/mapadadiversidade.com.br\/ipatinga\/wp-json\/wp\/v2\/media\/542"}],"wp:attachment":[{"href":"https:\/\/mapadadiversidade.com.br\/ipatinga\/wp-json\/wp\/v2\/media?parent=526"}],"wp:term":[{"taxonomy":"category","embeddable":true,"href":"https:\/\/mapadadiversidade.com.br\/ipatinga\/wp-json\/wp\/v2\/categories?post=526"},{"taxonomy":"post_tag","embeddable":true,"href":"https:\/\/mapadadiversidade.com.br\/ipatinga\/wp-json\/wp\/v2\/tags?post=526"}],"curies":[{"name":"wp","href":"https:\/\/api.w.org\/{rel}","templated":true}]}}