{"id":576,"date":"2019-07-07T15:56:54","date_gmt":"2019-07-07T18:56:54","guid":{"rendered":"https:\/\/mapadadiversidade.com.br\/ipatinga\/?p=576"},"modified":"2019-07-08T11:08:28","modified_gmt":"2019-07-08T14:08:28","slug":"biblioteca-livre-de-rua-tadeu-obedio-carneiro-junior","status":"publish","type":"post","link":"https:\/\/mapadadiversidade.com.br\/ipatinga\/biblioteca-livre-de-rua-tadeu-obedio-carneiro-junior\/","title":{"rendered":"Biblioteca Livre de Rua- Tadeu Ob\u00e9dio Carneiro J\u00fanior"},"content":{"rendered":"\n<p>Pr\u00e1ticas Socioculturais<\/p>\n\n\n\n<p>Literatura<\/p>\n\n\n\n<p>Hist\u00f3rico: A biblioteca livre de rua \u00e9 um projeto desenvolvido por Tadeu Ob\u00e9dio Carneiro J\u00fanior. O projeto foi elaborado no ano de 2016, e ainda hoje tem grande influ\u00eancia no bairro.<\/p>\n\n\n\n<p>A facilidade de ter acesso aos livros sem muita burocracia \u00e9 o que aproxima as crian\u00e7as e jovens do projeto. Qualquer pessoa pode pegar qualquer livro, a qualquer hora do dia, e devolver assim que concluir a leitura.<\/p>\n\n\n\n<p>Qualquer pessoa tamb\u00e9m pode doar qualquer livro, e assim a biblioteca vai se renovando sempre.<\/p>\n\n\n\n<p>E-mail: tadeuobedio@hotmail.com<br>Facebook: <a href=\"https:\/\/www.facebook.com\/tadeu.obedio?fref=jewel&amp;__tn__=%2Cd-]-]-Z-R&amp;eid=ARBD35WZUB8t35eHNXP2ngToUe3wiHtw3v5Ivs79L6Q7x0CdbfMvrbqQAsfLlby4wxEaq0EADNOkK4i9&amp;hc_location=friend_browser\">Tadeu Ob\u00e9dio<\/a><br>Instagram: <a href=\"https:\/\/www.instagram.com\/tadeu.obedio\/\">Tadeu Ob\u00e9dio<\/a><\/p>\n\n\n\n<figure class=\"wp-block-embed-youtube wp-block-embed is-type-video is-provider-youtube wp-embed-aspect-16-9 wp-has-aspect-ratio\"><div class=\"wp-block-embed__wrapper\">\n<iframe loading=\"lazy\" title=\"Biblioteca Livre de Rua - Tadeu\" width=\"944\" height=\"531\" src=\"https:\/\/www.youtube.com\/embed\/e6Q5ss_7ckg?feature=oembed\" frameborder=\"0\" allow=\"accelerometer; autoplay; encrypted-media; gyroscope; picture-in-picture\" allowfullscreen><\/iframe>\n<\/div><\/figure>\n\n\n\n<ul class=\"wp-block-gallery columns-3 is-cropped wp-block-gallery-1 is-layout-flex wp-block-gallery-is-layout-flex\"><li class=\"blocks-gallery-item\"><figure><img loading=\"lazy\" decoding=\"async\" width=\"860\" height=\"480\" src=\"https:\/\/mapadadiversidade.com.br\/ipatinga\/wp-content\/uploads\/2019\/06\/1d17a26c-2da3-4fad-b2e3-29a336ca8894-1.jpg\" alt=\"\" data-id=\"613\" data-link=\"https:\/\/mapadadiversidade.com.br\/ipatinga\/?attachment_id=613\" class=\"wp-image-613\" srcset=\"https:\/\/mapadadiversidade.com.br\/ipatinga\/wp-content\/uploads\/2019\/06\/1d17a26c-2da3-4fad-b2e3-29a336ca8894-1.jpg 860w, https:\/\/mapadadiversidade.com.br\/ipatinga\/wp-content\/uploads\/2019\/06\/1d17a26c-2da3-4fad-b2e3-29a336ca8894-1-300x167.jpg 300w, https:\/\/mapadadiversidade.com.br\/ipatinga\/wp-content\/uploads\/2019\/06\/1d17a26c-2da3-4fad-b2e3-29a336ca8894-1-768x429.jpg 768w\" sizes=\"auto, (max-width: 860px) 100vw, 860px\" \/><\/figure><\/li><li class=\"blocks-gallery-item\"><figure><img loading=\"lazy\" decoding=\"async\" width=\"480\" height=\"640\" src=\"https:\/\/mapadadiversidade.com.br\/ipatinga\/wp-content\/uploads\/2019\/06\/af355a81-8e5c-46f4-b292-d8108050067f-1.jpg\" alt=\"\" data-id=\"614\" data-link=\"https:\/\/mapadadiversidade.com.br\/ipatinga\/?attachment_id=614\" class=\"wp-image-614\" srcset=\"https:\/\/mapadadiversidade.com.br\/ipatinga\/wp-content\/uploads\/2019\/06\/af355a81-8e5c-46f4-b292-d8108050067f-1.jpg 480w, https:\/\/mapadadiversidade.com.br\/ipatinga\/wp-content\/uploads\/2019\/06\/af355a81-8e5c-46f4-b292-d8108050067f-1-225x300.jpg 225w\" sizes=\"auto, (max-width: 480px) 100vw, 480px\" \/><\/figure><\/li><li class=\"blocks-gallery-item\"><figure><img loading=\"lazy\" decoding=\"async\" width=\"480\" height=\"640\" src=\"https:\/\/mapadadiversidade.com.br\/ipatinga\/wp-content\/uploads\/2019\/06\/cf9d1244-4c90-467f-b3d3-14d822352e28-1.jpg\" alt=\"\" data-id=\"616\" data-link=\"https:\/\/mapadadiversidade.com.br\/ipatinga\/?attachment_id=616\" class=\"wp-image-616\" srcset=\"https:\/\/mapadadiversidade.com.br\/ipatinga\/wp-content\/uploads\/2019\/06\/cf9d1244-4c90-467f-b3d3-14d822352e28-1.jpg 480w, https:\/\/mapadadiversidade.com.br\/ipatinga\/wp-content\/uploads\/2019\/06\/cf9d1244-4c90-467f-b3d3-14d822352e28-1-225x300.jpg 225w\" sizes=\"auto, (max-width: 480px) 100vw, 480px\" \/><\/figure><\/li><\/ul>\n\n\n\n<p><\/p>\n\n\n\n<p><br><\/p>\n","protected":false},"excerpt":{"rendered":"<p>A biblioteca livre de rua \u00e9 um projeto desenvolvido por Tadeu Ob\u00e9dio Carneiro J\u00fanior. O projeto foi elaborado no ano de 2016, e ainda hoje tem grande influencia no bairro.<br \/>\nA facilidade de ter acesso aos livros sem muita burocracia \u00e9 o aproxima as crian\u00e7as e jovens do projeto. Qualquer pessoa pode pegar qualquer livro a qualquer hora do dia, e devolver assim que concluir a leitura.<br \/>\nQualquer pessoa tamb\u00e9m pode doar qualquer livro, e assim a biblioteca vai se renovando sempre.<\/p>\n","protected":false},"author":8,"featured_media":608,"comment_status":"open","ping_status":"open","sticky":false,"template":"","format":"standard","meta":{"footnotes":""},"categories":[1,21,4,25,17],"tags":[45,46,44],"class_list":["post-576","post","type-post","status-publish","format-standard","has-post-thumbnail","hentry","category-ipatinga","category-_regiao-metropolitana-do-vale-do-aco","category-linguagem-artisticas","category-literatura","category-praticas-sociocultural","tag-biblioteca","tag-biblioteca-de-rua","tag-literatura","item-wrap"],"_links":{"self":[{"href":"https:\/\/mapadadiversidade.com.br\/ipatinga\/wp-json\/wp\/v2\/posts\/576","targetHints":{"allow":["GET"]}}],"collection":[{"href":"https:\/\/mapadadiversidade.com.br\/ipatinga\/wp-json\/wp\/v2\/posts"}],"about":[{"href":"https:\/\/mapadadiversidade.com.br\/ipatinga\/wp-json\/wp\/v2\/types\/post"}],"author":[{"embeddable":true,"href":"https:\/\/mapadadiversidade.com.br\/ipatinga\/wp-json\/wp\/v2\/users\/8"}],"replies":[{"embeddable":true,"href":"https:\/\/mapadadiversidade.com.br\/ipatinga\/wp-json\/wp\/v2\/comments?post=576"}],"version-history":[{"count":4,"href":"https:\/\/mapadadiversidade.com.br\/ipatinga\/wp-json\/wp\/v2\/posts\/576\/revisions"}],"predecessor-version":[{"id":1852,"href":"https:\/\/mapadadiversidade.com.br\/ipatinga\/wp-json\/wp\/v2\/posts\/576\/revisions\/1852"}],"wp:featuredmedia":[{"embeddable":true,"href":"https:\/\/mapadadiversidade.com.br\/ipatinga\/wp-json\/wp\/v2\/media\/608"}],"wp:attachment":[{"href":"https:\/\/mapadadiversidade.com.br\/ipatinga\/wp-json\/wp\/v2\/media?parent=576"}],"wp:term":[{"taxonomy":"category","embeddable":true,"href":"https:\/\/mapadadiversidade.com.br\/ipatinga\/wp-json\/wp\/v2\/categories?post=576"},{"taxonomy":"post_tag","embeddable":true,"href":"https:\/\/mapadadiversidade.com.br\/ipatinga\/wp-json\/wp\/v2\/tags?post=576"}],"curies":[{"name":"wp","href":"https:\/\/api.w.org\/{rel}","templated":true}]}}