{"id":580,"date":"2019-07-04T15:20:06","date_gmt":"2019-07-04T18:20:06","guid":{"rendered":"https:\/\/mapadadiversidade.com.br\/ipatinga\/?p=580"},"modified":"2019-07-11T16:36:46","modified_gmt":"2019-07-11T19:36:46","slug":"caio-gaia","status":"publish","type":"post","link":"https:\/\/mapadadiversidade.com.br\/ipatinga\/caio-gaia\/","title":{"rendered":"Caio Gaia"},"content":{"rendered":"\n<p>Linguagens Art\u00edsticas<br>Drag Queen <\/p>\n\n\n\n<p>Hist\u00f3rico: Ainda como Caio GaGa, come\u00e7ou a se apresentar como drag em 2017 a partir de um convite para a 1\u00b0 Parada LGBT de Tim\u00f3teo. Desde ent\u00e3o vem desenvolvendo sua personagem com rela\u00e7\u00e3o a est\u00e9tica e a performance. e hoje se apresenta como Caio Gaia em boates e festas dentro da regi\u00e3o do Vale do A\u00e7o e do leste de Minas.      <\/p>\n\n\n\n<p>Instagram: <a href=\"https:\/\/www.instagram.com\/cgcaiogaga\/\">@cgcaiogaga<\/a><br>Youtube: <a href=\"https:\/\/www.youtube.com\/channel\/UCNH1MtruszKTFRmwQeiqWhA\">CAIO GAGA<\/a><\/p>\n\n\n\n<figure class=\"wp-block-embed-youtube wp-block-embed is-type-video is-provider-youtube wp-embed-aspect-16-9 wp-has-aspect-ratio\"><div class=\"wp-block-embed__wrapper\">\n<iframe loading=\"lazy\" title=\"Caio Gaia\" width=\"944\" height=\"531\" src=\"https:\/\/www.youtube.com\/embed\/fmARwG-Mtx0?feature=oembed\" frameborder=\"0\" allow=\"accelerometer; autoplay; encrypted-media; gyroscope; picture-in-picture\" allowfullscreen><\/iframe>\n<\/div><\/figure>\n\n\n\n<ul class=\"wp-block-gallery alignfull columns-2 is-cropped wp-block-gallery-1 is-layout-flex wp-block-gallery-is-layout-flex\"><li class=\"blocks-gallery-item\"><figure><img loading=\"lazy\" decoding=\"async\" width=\"1024\" height=\"768\" src=\"https:\/\/mapadadiversidade.com.br\/ipatinga\/wp-content\/uploads\/2019\/06\/DSCN7018-1024x768.jpg\" alt=\"\" data-id=\"595\" data-link=\"https:\/\/mapadadiversidade.com.br\/ipatinga\/caio-gaia\/dscn7018\/\" class=\"wp-image-595\" srcset=\"https:\/\/mapadadiversidade.com.br\/ipatinga\/wp-content\/uploads\/2019\/06\/DSCN7018-1024x768.jpg 1024w, https:\/\/mapadadiversidade.com.br\/ipatinga\/wp-content\/uploads\/2019\/06\/DSCN7018-300x225.jpg 300w, https:\/\/mapadadiversidade.com.br\/ipatinga\/wp-content\/uploads\/2019\/06\/DSCN7018-768x576.jpg 768w\" sizes=\"auto, (max-width: 1024px) 100vw, 1024px\" \/><\/figure><\/li><li class=\"blocks-gallery-item\"><figure><img loading=\"lazy\" decoding=\"async\" width=\"1024\" height=\"768\" src=\"https:\/\/mapadadiversidade.com.br\/ipatinga\/wp-content\/uploads\/2019\/06\/DSCN7023-1024x768.jpg\" alt=\"\" data-id=\"597\" data-link=\"https:\/\/mapadadiversidade.com.br\/ipatinga\/caio-gaia\/dscn7023\/\" class=\"wp-image-597\" srcset=\"https:\/\/mapadadiversidade.com.br\/ipatinga\/wp-content\/uploads\/2019\/06\/DSCN7023-1024x768.jpg 1024w, https:\/\/mapadadiversidade.com.br\/ipatinga\/wp-content\/uploads\/2019\/06\/DSCN7023-300x225.jpg 300w, https:\/\/mapadadiversidade.com.br\/ipatinga\/wp-content\/uploads\/2019\/06\/DSCN7023-768x576.jpg 768w\" sizes=\"auto, (max-width: 1024px) 100vw, 1024px\" \/><\/figure><\/li><li class=\"blocks-gallery-item\"><figure><img loading=\"lazy\" decoding=\"async\" width=\"1024\" height=\"768\" src=\"https:\/\/mapadadiversidade.com.br\/ipatinga\/wp-content\/uploads\/2019\/06\/DSCN7010-1024x768.jpg\" alt=\"\" data-id=\"593\" data-link=\"https:\/\/mapadadiversidade.com.br\/ipatinga\/caio-gaia\/dscn7010\/\" class=\"wp-image-593\" srcset=\"https:\/\/mapadadiversidade.com.br\/ipatinga\/wp-content\/uploads\/2019\/06\/DSCN7010-1024x768.jpg 1024w, https:\/\/mapadadiversidade.com.br\/ipatinga\/wp-content\/uploads\/2019\/06\/DSCN7010-300x225.jpg 300w, https:\/\/mapadadiversidade.com.br\/ipatinga\/wp-content\/uploads\/2019\/06\/DSCN7010-768x576.jpg 768w\" sizes=\"auto, (max-width: 1024px) 100vw, 1024px\" \/><\/figure><\/li><\/ul>\n","protected":false},"excerpt":{"rendered":"<p>Apresenta como Caio Gaia em boates e festas dentro da regi\u00e3o do Vale do A\u00e7o e do leste de Minas.      <\/p>\n","protected":false},"author":10,"featured_media":591,"comment_status":"open","ping_status":"open","sticky":false,"template":"","format":"standard","meta":{"footnotes":""},"categories":[271,27,39,4],"tags":[195],"class_list":["post-580","post","type-post","status-publish","format-standard","has-post-thumbnail","hentry","category-_timoteo","category-danca","category-drag-queen","category-linguagem-artisticas","tag-drag-queen","item-wrap"],"_links":{"self":[{"href":"https:\/\/mapadadiversidade.com.br\/ipatinga\/wp-json\/wp\/v2\/posts\/580","targetHints":{"allow":["GET"]}}],"collection":[{"href":"https:\/\/mapadadiversidade.com.br\/ipatinga\/wp-json\/wp\/v2\/posts"}],"about":[{"href":"https:\/\/mapadadiversidade.com.br\/ipatinga\/wp-json\/wp\/v2\/types\/post"}],"author":[{"embeddable":true,"href":"https:\/\/mapadadiversidade.com.br\/ipatinga\/wp-json\/wp\/v2\/users\/10"}],"replies":[{"embeddable":true,"href":"https:\/\/mapadadiversidade.com.br\/ipatinga\/wp-json\/wp\/v2\/comments?post=580"}],"version-history":[{"count":8,"href":"https:\/\/mapadadiversidade.com.br\/ipatinga\/wp-json\/wp\/v2\/posts\/580\/revisions"}],"predecessor-version":[{"id":1734,"href":"https:\/\/mapadadiversidade.com.br\/ipatinga\/wp-json\/wp\/v2\/posts\/580\/revisions\/1734"}],"wp:featuredmedia":[{"embeddable":true,"href":"https:\/\/mapadadiversidade.com.br\/ipatinga\/wp-json\/wp\/v2\/media\/591"}],"wp:attachment":[{"href":"https:\/\/mapadadiversidade.com.br\/ipatinga\/wp-json\/wp\/v2\/media?parent=580"}],"wp:term":[{"taxonomy":"category","embeddable":true,"href":"https:\/\/mapadadiversidade.com.br\/ipatinga\/wp-json\/wp\/v2\/categories?post=580"},{"taxonomy":"post_tag","embeddable":true,"href":"https:\/\/mapadadiversidade.com.br\/ipatinga\/wp-json\/wp\/v2\/tags?post=580"}],"curies":[{"name":"wp","href":"https:\/\/api.w.org\/{rel}","templated":true}]}}