{"id":583,"date":"2019-07-06T16:15:46","date_gmt":"2019-07-06T19:15:46","guid":{"rendered":"https:\/\/mapadadiversidade.com.br\/ipatinga\/?p=583"},"modified":"2019-07-08T17:29:34","modified_gmt":"2019-07-08T20:29:34","slug":"fernanda-la-noce","status":"publish","type":"post","link":"https:\/\/mapadadiversidade.com.br\/ipatinga\/fernanda-la-noce\/","title":{"rendered":"Fernanda La Noce"},"content":{"rendered":"\n<p>Artes Visuais- Design e Ilustra\u00e7\u00e3o <\/p>\n\n\n\n<p>Forma\u00e7\u00e3o em design gr\u00e1fico pela UEMG (1996) com especializa\u00e7\u00e3o em Arte e Educa\u00e7\u00e3o pela UNB (2006),  onde foi professora tutora no curso de Licenciatura em Artes Visuais ( 2015). Lecionou nos cursos de design, Publicidade e Arquitetura na UNIVALE de 2001 a 2014.  Desenvolve pesquisas e produtos na \u00e1reas de Design, Artesanato e Ilustra\u00e7\u00e3o e Educa\u00e7\u00e3o  Patrimonial.<\/p>\n\n\n\n<p>Outras atua\u00e7\u00f5es:  projetos de design gr\u00e1fico, cria\u00e7\u00e3o de logotipos, design editoral ( livros e revistas), ilustra\u00e7\u00f5es e projetos gr\u00e1ficos e cria\u00e7\u00e3o de produtos artesanais ilustrados( decorativos e utilit\u00e1rios). Oficinas e palestras ( design e artesanato e ilustra\u00e7\u00e3o e arte educa\u00e7\u00e3o.<\/p>\n\n\n\n<p>Telefone: (31) 98774-1427<br> E-mail: lanocedesign@gmail.com<br> P\u00e1gina internet : fernandalanoce.blogspot.com<br> Facebook: <a href=\"https:\/\/www.facebook.com\/fernandalanoce\">Fernanda La Noce Artista<\/a><br> Instagram:<a href=\"https:\/\/www.instagram.com\/fernandalanoce\/?hl=pt-br\"> Fernanda La Noce<\/a><br> Youtube:<a href=\"https:\/\/www.youtube.com\/channel\/UCbZsTYoRQskeit9u4eSX-LA\"> Fernanda La Noce<\/a><br> <\/p>\n\n\n\n<figure class=\"wp-block-embed-youtube wp-block-embed is-type-video is-provider-youtube wp-embed-aspect-16-9 wp-has-aspect-ratio\"><div class=\"wp-block-embed__wrapper\">\n<iframe loading=\"lazy\" title=\"Fernanda La Noce\" width=\"944\" height=\"531\" src=\"https:\/\/www.youtube.com\/embed\/pwAx00S782c?feature=oembed\" frameborder=\"0\" allow=\"accelerometer; autoplay; encrypted-media; gyroscope; picture-in-picture\" allowfullscreen><\/iframe>\n<\/div><\/figure>\n\n\n\n<ul class=\"wp-block-gallery columns-3 is-cropped wp-block-gallery-1 is-layout-flex wp-block-gallery-is-layout-flex\"><li class=\"blocks-gallery-item\"><figure><img loading=\"lazy\" decoding=\"async\" width=\"947\" height=\"947\" src=\"https:\/\/mapadadiversidade.com.br\/ipatinga\/wp-content\/uploads\/2019\/06\/20190630_214140.jpg\" alt=\"\" data-id=\"1472\" data-link=\"https:\/\/mapadadiversidade.com.br\/ipatinga\/fernanda-la-noce\/20190630_214140\/\" class=\"wp-image-1472\" srcset=\"https:\/\/mapadadiversidade.com.br\/ipatinga\/wp-content\/uploads\/2019\/06\/20190630_214140.jpg 947w, https:\/\/mapadadiversidade.com.br\/ipatinga\/wp-content\/uploads\/2019\/06\/20190630_214140-150x150.jpg 150w, https:\/\/mapadadiversidade.com.br\/ipatinga\/wp-content\/uploads\/2019\/06\/20190630_214140-300x300.jpg 300w, https:\/\/mapadadiversidade.com.br\/ipatinga\/wp-content\/uploads\/2019\/06\/20190630_214140-768x768.jpg 768w\" sizes=\"auto, (max-width: 947px) 100vw, 947px\" \/><\/figure><\/li><li class=\"blocks-gallery-item\"><figure><img loading=\"lazy\" decoding=\"async\" width=\"1024\" height=\"1024\" src=\"https:\/\/mapadadiversidade.com.br\/ipatinga\/wp-content\/uploads\/2019\/06\/20190630_214229-1024x1024.jpg\" alt=\"\" data-id=\"1473\" data-link=\"https:\/\/mapadadiversidade.com.br\/ipatinga\/fernanda-la-noce\/20190630_214229\/\" class=\"wp-image-1473\" srcset=\"https:\/\/mapadadiversidade.com.br\/ipatinga\/wp-content\/uploads\/2019\/06\/20190630_214229-1024x1024.jpg 1024w, https:\/\/mapadadiversidade.com.br\/ipatinga\/wp-content\/uploads\/2019\/06\/20190630_214229-150x150.jpg 150w, https:\/\/mapadadiversidade.com.br\/ipatinga\/wp-content\/uploads\/2019\/06\/20190630_214229-300x300.jpg 300w, https:\/\/mapadadiversidade.com.br\/ipatinga\/wp-content\/uploads\/2019\/06\/20190630_214229-768x768.jpg 768w\" sizes=\"auto, (max-width: 1024px) 100vw, 1024px\" \/><\/figure><\/li><li class=\"blocks-gallery-item\"><figure><img loading=\"lazy\" decoding=\"async\" width=\"1024\" height=\"1024\" src=\"https:\/\/mapadadiversidade.com.br\/ipatinga\/wp-content\/uploads\/2019\/06\/IMG_20190602_184439_514-1024x1024.jpg\" alt=\"\" data-id=\"1474\" data-link=\"https:\/\/mapadadiversidade.com.br\/ipatinga\/fernanda-la-noce\/img_20190602_184439_514\/\" class=\"wp-image-1474\" srcset=\"https:\/\/mapadadiversidade.com.br\/ipatinga\/wp-content\/uploads\/2019\/06\/IMG_20190602_184439_514-1024x1024.jpg 1024w, https:\/\/mapadadiversidade.com.br\/ipatinga\/wp-content\/uploads\/2019\/06\/IMG_20190602_184439_514-150x150.jpg 150w, https:\/\/mapadadiversidade.com.br\/ipatinga\/wp-content\/uploads\/2019\/06\/IMG_20190602_184439_514-300x300.jpg 300w, https:\/\/mapadadiversidade.com.br\/ipatinga\/wp-content\/uploads\/2019\/06\/IMG_20190602_184439_514-768x768.jpg 768w\" sizes=\"auto, (max-width: 1024px) 100vw, 1024px\" \/><\/figure><\/li><li class=\"blocks-gallery-item\"><figure><img loading=\"lazy\" decoding=\"async\" width=\"1024\" height=\"1024\" src=\"https:\/\/mapadadiversidade.com.br\/ipatinga\/wp-content\/uploads\/2019\/06\/IMG_20190604_101528_188-1024x1024.jpg\" alt=\"\" data-id=\"1475\" data-link=\"https:\/\/mapadadiversidade.com.br\/ipatinga\/fernanda-la-noce\/img_20190604_101528_188\/\" class=\"wp-image-1475\" srcset=\"https:\/\/mapadadiversidade.com.br\/ipatinga\/wp-content\/uploads\/2019\/06\/IMG_20190604_101528_188-1024x1024.jpg 1024w, https:\/\/mapadadiversidade.com.br\/ipatinga\/wp-content\/uploads\/2019\/06\/IMG_20190604_101528_188-150x150.jpg 150w, https:\/\/mapadadiversidade.com.br\/ipatinga\/wp-content\/uploads\/2019\/06\/IMG_20190604_101528_188-300x300.jpg 300w, https:\/\/mapadadiversidade.com.br\/ipatinga\/wp-content\/uploads\/2019\/06\/IMG_20190604_101528_188-768x768.jpg 768w, https:\/\/mapadadiversidade.com.br\/ipatinga\/wp-content\/uploads\/2019\/06\/IMG_20190604_101528_188.jpg 1080w\" sizes=\"auto, (max-width: 1024px) 100vw, 1024px\" \/><\/figure><\/li><\/ul>\n","protected":false},"excerpt":{"rendered":"<p>Forma\u00e7\u00e3o em design gr\u00e1fico pela UEMG (1996) com especializa\u00e7\u00e3o em Arte e Educa\u00e7\u00e3o pela UNB (2006),  onde foi professora tutora no curso de Licenciatura em Artes Visuais ( 2015). Lecionou nos cursos de design, Publicidade e Arquitetura na UNIVALE de 2001 a 2014.  Desenvolve pesquisas e produtos na \u00e1reas de Design, Artesanato e Ilustra\u00e7\u00e3o e Educa\u00e7\u00e3o Patrimonial.<\/p>\n","protected":false},"author":3,"featured_media":1480,"comment_status":"open","ping_status":"open","sticky":false,"template":"","format":"standard","meta":{"footnotes":""},"categories":[1,28,129],"tags":[131,34,30,87,130,132],"class_list":["post-583","post","type-post","status-publish","format-standard","has-post-thumbnail","hentry","category-ipatinga","category-artes-visuais","category-design-e-ilustracao","tag-arte-e-educacao","tag-artes-visuais","tag-artesanato","tag-design","tag-ilustracao","tag-produtos-artesanais-ilustrados","item-wrap"],"_links":{"self":[{"href":"https:\/\/mapadadiversidade.com.br\/ipatinga\/wp-json\/wp\/v2\/posts\/583","targetHints":{"allow":["GET"]}}],"collection":[{"href":"https:\/\/mapadadiversidade.com.br\/ipatinga\/wp-json\/wp\/v2\/posts"}],"about":[{"href":"https:\/\/mapadadiversidade.com.br\/ipatinga\/wp-json\/wp\/v2\/types\/post"}],"author":[{"embeddable":true,"href":"https:\/\/mapadadiversidade.com.br\/ipatinga\/wp-json\/wp\/v2\/users\/3"}],"replies":[{"embeddable":true,"href":"https:\/\/mapadadiversidade.com.br\/ipatinga\/wp-json\/wp\/v2\/comments?post=583"}],"version-history":[{"count":7,"href":"https:\/\/mapadadiversidade.com.br\/ipatinga\/wp-json\/wp\/v2\/posts\/583\/revisions"}],"predecessor-version":[{"id":1482,"href":"https:\/\/mapadadiversidade.com.br\/ipatinga\/wp-json\/wp\/v2\/posts\/583\/revisions\/1482"}],"wp:featuredmedia":[{"embeddable":true,"href":"https:\/\/mapadadiversidade.com.br\/ipatinga\/wp-json\/wp\/v2\/media\/1480"}],"wp:attachment":[{"href":"https:\/\/mapadadiversidade.com.br\/ipatinga\/wp-json\/wp\/v2\/media?parent=583"}],"wp:term":[{"taxonomy":"category","embeddable":true,"href":"https:\/\/mapadadiversidade.com.br\/ipatinga\/wp-json\/wp\/v2\/categories?post=583"},{"taxonomy":"post_tag","embeddable":true,"href":"https:\/\/mapadadiversidade.com.br\/ipatinga\/wp-json\/wp\/v2\/tags?post=583"}],"curies":[{"name":"wp","href":"https:\/\/api.w.org\/{rel}","templated":true}]}}