{"id":585,"date":"2019-06-29T16:10:10","date_gmt":"2019-06-29T19:10:10","guid":{"rendered":"https:\/\/mapadadiversidade.com.br\/ipatinga\/?p=585"},"modified":"2019-07-11T15:44:19","modified_gmt":"2019-07-11T18:44:19","slug":"sabor-da-roca","status":"publish","type":"post","link":"https:\/\/mapadadiversidade.com.br\/ipatinga\/sabor-da-roca\/","title":{"rendered":"Sabor da Ro\u00e7a"},"content":{"rendered":"\n<p>Atuam na \u00e1rea de gastronomia<\/p>\n\n\n\n<p><strong>Hist\u00f3rico:<\/strong> \u201cSabor da Ro\u00e7a\u201d \u00e9 um sonho que nasceu no cora\u00e7\u00e3o de Glayson e Lu, e atualmente \u00e9 uma realidade para o casal. Ap\u00f3s uma adversidade, surgiu a oportunidade de colocarem em pr\u00e1tica, n\u00e3o somente o sonho, como tamb\u00e9m a aptid\u00e3o na fabrica\u00e7\u00e3o de bolos e biscoitos.Come\u00e7aram com a venda de porta em porta, nas casas e com\u00e9rcios. Atualmente trabalham na Feira Livre de Ipatinga, nos bairros Cana\u00e3, Igua\u00e7u e Veneza II, j\u00e1 h\u00e1 3 anos. O diferencial em suas receitas, s\u00e3o a isen\u00e7\u00e3o do gl\u00faten, lactose e o a\u00e7\u00facar, tornando o alimento mais saud\u00e1vel. Eles tamb\u00e9m vendem, castanha-do-par\u00e1, manteiga de garrafa, requeij\u00e3o da Bahia, farinha de mandioca da Bahia e tapioca.<\/p>\n\n\n\n<p><strong>Telefone:<\/strong> (31) 9 8581-4656 \/ (31) 9 8789-4713<br>E<strong>-mail:<\/strong> glaysonoi26@hotmail.com<\/p>\n\n\n\n<figure class=\"wp-block-embed-youtube wp-block-embed is-type-video is-provider-youtube wp-embed-aspect-16-9 wp-has-aspect-ratio\"><div class=\"wp-block-embed__wrapper\">\n<iframe loading=\"lazy\" title=\"Sabor da Ro\u00e7a\" width=\"944\" height=\"531\" src=\"https:\/\/www.youtube.com\/embed\/Q5nUPI8U9SM?feature=oembed\" frameborder=\"0\" allow=\"accelerometer; autoplay; encrypted-media; gyroscope; picture-in-picture\" allowfullscreen><\/iframe>\n<\/div><\/figure>\n\n\n\n<ul class=\"wp-block-gallery columns-3 is-cropped wp-block-gallery-1 is-layout-flex wp-block-gallery-is-layout-flex\"><li class=\"blocks-gallery-item\"><figure><img loading=\"lazy\" decoding=\"async\" width=\"1024\" height=\"683\" src=\"https:\/\/mapadadiversidade.com.br\/ipatinga\/wp-content\/uploads\/2019\/06\/IMG_8380-1024x683.jpg\" alt=\"\" data-id=\"696\" data-link=\"https:\/\/mapadadiversidade.com.br\/ipatinga\/sabor-da-roca\/img_8380\/\" class=\"wp-image-696\" srcset=\"https:\/\/mapadadiversidade.com.br\/ipatinga\/wp-content\/uploads\/2019\/06\/IMG_8380-1024x683.jpg 1024w, https:\/\/mapadadiversidade.com.br\/ipatinga\/wp-content\/uploads\/2019\/06\/IMG_8380-300x200.jpg 300w, https:\/\/mapadadiversidade.com.br\/ipatinga\/wp-content\/uploads\/2019\/06\/IMG_8380-768x512.jpg 768w\" sizes=\"auto, (max-width: 1024px) 100vw, 1024px\" \/><\/figure><\/li><li class=\"blocks-gallery-item\"><figure><img loading=\"lazy\" decoding=\"async\" width=\"1024\" height=\"576\" src=\"https:\/\/mapadadiversidade.com.br\/ipatinga\/wp-content\/uploads\/2019\/06\/20190622_082402-1024x576.jpg\" alt=\"\" data-id=\"694\" data-link=\"https:\/\/mapadadiversidade.com.br\/ipatinga\/sabor-da-roca\/20190622_082402\/\" class=\"wp-image-694\" srcset=\"https:\/\/mapadadiversidade.com.br\/ipatinga\/wp-content\/uploads\/2019\/06\/20190622_082402-1024x576.jpg 1024w, https:\/\/mapadadiversidade.com.br\/ipatinga\/wp-content\/uploads\/2019\/06\/20190622_082402-300x169.jpg 300w, https:\/\/mapadadiversidade.com.br\/ipatinga\/wp-content\/uploads\/2019\/06\/20190622_082402-768x432.jpg 768w\" sizes=\"auto, (max-width: 1024px) 100vw, 1024px\" \/><\/figure><\/li><li class=\"blocks-gallery-item\"><figure><img loading=\"lazy\" decoding=\"async\" width=\"1024\" height=\"683\" src=\"https:\/\/mapadadiversidade.com.br\/ipatinga\/wp-content\/uploads\/2019\/06\/IMG_8404-1024x683.jpg\" alt=\"\" data-id=\"698\" data-link=\"https:\/\/mapadadiversidade.com.br\/ipatinga\/sabor-da-roca\/img_8404\/\" class=\"wp-image-698\" srcset=\"https:\/\/mapadadiversidade.com.br\/ipatinga\/wp-content\/uploads\/2019\/06\/IMG_8404-1024x683.jpg 1024w, https:\/\/mapadadiversidade.com.br\/ipatinga\/wp-content\/uploads\/2019\/06\/IMG_8404-300x200.jpg 300w, https:\/\/mapadadiversidade.com.br\/ipatinga\/wp-content\/uploads\/2019\/06\/IMG_8404-768x512.jpg 768w\" sizes=\"auto, (max-width: 1024px) 100vw, 1024px\" \/><\/figure><\/li><li class=\"blocks-gallery-item\"><figure><img loading=\"lazy\" decoding=\"async\" width=\"1024\" height=\"773\" src=\"https:\/\/mapadadiversidade.com.br\/ipatinga\/wp-content\/uploads\/2019\/06\/IMG_8419-1024x773.jpg\" alt=\"\" data-id=\"699\" data-link=\"https:\/\/mapadadiversidade.com.br\/ipatinga\/sabor-da-roca\/img_8419\/\" class=\"wp-image-699\" srcset=\"https:\/\/mapadadiversidade.com.br\/ipatinga\/wp-content\/uploads\/2019\/06\/IMG_8419-1024x773.jpg 1024w, https:\/\/mapadadiversidade.com.br\/ipatinga\/wp-content\/uploads\/2019\/06\/IMG_8419-300x227.jpg 300w, https:\/\/mapadadiversidade.com.br\/ipatinga\/wp-content\/uploads\/2019\/06\/IMG_8419-768x580.jpg 768w\" sizes=\"auto, (max-width: 1024px) 100vw, 1024px\" \/><\/figure><\/li><\/ul>\n","protected":false},"excerpt":{"rendered":"<p>Atualmente trabalham na Feira Livre de Ipatinga, nos bairros Cana\u00e3, Igua\u00e7u e Veneza II, j\u00e1 h\u00e1 3 anos. O diferencial em suas receitas, s\u00e3o a isen\u00e7\u00e3o do gl\u00faten, lactose e o a\u00e7\u00facar, tornando o alimento mais saud\u00e1vel. <\/p>\n","protected":false},"author":15,"featured_media":615,"comment_status":"open","ping_status":"open","sticky":false,"template":"","format":"standard","meta":{"footnotes":""},"categories":[1,9],"tags":[41,43,42,40],"class_list":["post-585","post","type-post","status-publish","format-standard","has-post-thumbnail","hentry","category-ipatinga","category-gastronomia","tag-alimentacao-saudavel","tag-biscoitos","tag-bolos","tag-gastronomia","item-wrap"],"_links":{"self":[{"href":"https:\/\/mapadadiversidade.com.br\/ipatinga\/wp-json\/wp\/v2\/posts\/585","targetHints":{"allow":["GET"]}}],"collection":[{"href":"https:\/\/mapadadiversidade.com.br\/ipatinga\/wp-json\/wp\/v2\/posts"}],"about":[{"href":"https:\/\/mapadadiversidade.com.br\/ipatinga\/wp-json\/wp\/v2\/types\/post"}],"author":[{"embeddable":true,"href":"https:\/\/mapadadiversidade.com.br\/ipatinga\/wp-json\/wp\/v2\/users\/15"}],"replies":[{"embeddable":true,"href":"https:\/\/mapadadiversidade.com.br\/ipatinga\/wp-json\/wp\/v2\/comments?post=585"}],"version-history":[{"count":7,"href":"https:\/\/mapadadiversidade.com.br\/ipatinga\/wp-json\/wp\/v2\/posts\/585\/revisions"}],"predecessor-version":[{"id":2345,"href":"https:\/\/mapadadiversidade.com.br\/ipatinga\/wp-json\/wp\/v2\/posts\/585\/revisions\/2345"}],"wp:featuredmedia":[{"embeddable":true,"href":"https:\/\/mapadadiversidade.com.br\/ipatinga\/wp-json\/wp\/v2\/media\/615"}],"wp:attachment":[{"href":"https:\/\/mapadadiversidade.com.br\/ipatinga\/wp-json\/wp\/v2\/media?parent=585"}],"wp:term":[{"taxonomy":"category","embeddable":true,"href":"https:\/\/mapadadiversidade.com.br\/ipatinga\/wp-json\/wp\/v2\/categories?post=585"},{"taxonomy":"post_tag","embeddable":true,"href":"https:\/\/mapadadiversidade.com.br\/ipatinga\/wp-json\/wp\/v2\/tags?post=585"}],"curies":[{"name":"wp","href":"https:\/\/api.w.org\/{rel}","templated":true}]}}