{"id":598,"date":"2019-07-04T16:06:40","date_gmt":"2019-07-04T19:06:40","guid":{"rendered":"https:\/\/mapadadiversidade.com.br\/ipatinga\/?p=598"},"modified":"2019-07-07T14:43:24","modified_gmt":"2019-07-07T17:43:24","slug":"adilson-mariano-grupo-teatral-entreactos","status":"publish","type":"post","link":"https:\/\/mapadadiversidade.com.br\/ipatinga\/adilson-mariano-grupo-teatral-entreactos\/","title":{"rendered":"Adilson Mariano \/ Grupo Teatral Entreactos"},"content":{"rendered":"\n<p>Linguagens Art\u00edsticas <br>Artes C\u00eanicas Teatro<\/p>\n\n\n\n<p>Hist\u00f3rico: Atua como diretor e produtor do Grupo Teatral Entreactos, Veneza, Ipatinga. Em processo de circula\u00e7\u00e3o e matura\u00e7\u00e3o o espet\u00e1culo Bombyx Mori- de lagarta \u00e0 mariposa. Tamb\u00e9m realiza palestras e mini cursos sobre novas perspectivas da arte c\u00eanica contempor\u00e2nea. Assim como a economia da cultura e o fortalecimento das a\u00e7\u00f5es em pequenos centros. <\/p>\n\n\n\n<p>Telefone: (31) 99997-6940<br> E-mail:  adilsonator@hotmail.com <br> Site:  http:\/\/www.adilsoncontabilidade.com.br\/  <br> Facebook: <a href=\"https:\/\/www.facebook.com\/adilsonator\">Adilson Mariano <\/a><\/p>\n\n\n\n<figure class=\"wp-block-embed-youtube wp-block-embed is-type-video is-provider-youtube wp-embed-aspect-16-9 wp-has-aspect-ratio\"><div class=\"wp-block-embed__wrapper\">\n<iframe loading=\"lazy\" title=\"Adilson Mariano\" width=\"944\" height=\"531\" src=\"https:\/\/www.youtube.com\/embed\/xMAVCSTWXs8?feature=oembed\" frameborder=\"0\" allow=\"accelerometer; autoplay; encrypted-media; gyroscope; picture-in-picture\" allowfullscreen><\/iframe>\n<\/div><\/figure>\n\n\n\n<ul class=\"wp-block-gallery columns-3 is-cropped wp-block-gallery-1 is-layout-flex wp-block-gallery-is-layout-flex\"><li class=\"blocks-gallery-item\"><figure><img loading=\"lazy\" decoding=\"async\" width=\"960\" height=\"720\" src=\"https:\/\/mapadadiversidade.com.br\/ipatinga\/wp-content\/uploads\/2019\/06\/Adilson-Mariano-2.jpg\" alt=\"\" data-id=\"628\" data-link=\"https:\/\/mapadadiversidade.com.br\/ipatinga\/?attachment_id=628\" class=\"wp-image-628\" srcset=\"https:\/\/mapadadiversidade.com.br\/ipatinga\/wp-content\/uploads\/2019\/06\/Adilson-Mariano-2.jpg 960w, https:\/\/mapadadiversidade.com.br\/ipatinga\/wp-content\/uploads\/2019\/06\/Adilson-Mariano-2-300x225.jpg 300w, https:\/\/mapadadiversidade.com.br\/ipatinga\/wp-content\/uploads\/2019\/06\/Adilson-Mariano-2-768x576.jpg 768w\" sizes=\"auto, (max-width: 960px) 100vw, 960px\" \/><\/figure><\/li><li class=\"blocks-gallery-item\"><figure><img loading=\"lazy\" decoding=\"async\" width=\"400\" height=\"300\" src=\"https:\/\/mapadadiversidade.com.br\/ipatinga\/wp-content\/uploads\/2019\/06\/Adilson-Mariano-2-1.jpg\" alt=\"\" data-id=\"629\" data-link=\"https:\/\/mapadadiversidade.com.br\/ipatinga\/?attachment_id=629\" class=\"wp-image-629\" srcset=\"https:\/\/mapadadiversidade.com.br\/ipatinga\/wp-content\/uploads\/2019\/06\/Adilson-Mariano-2-1.jpg 400w, https:\/\/mapadadiversidade.com.br\/ipatinga\/wp-content\/uploads\/2019\/06\/Adilson-Mariano-2-1-300x225.jpg 300w\" sizes=\"auto, (max-width: 400px) 100vw, 400px\" \/><\/figure><\/li><li class=\"blocks-gallery-item\"><figure><img loading=\"lazy\" decoding=\"async\" width=\"768\" height=\"1024\" src=\"https:\/\/mapadadiversidade.com.br\/ipatinga\/wp-content\/uploads\/2019\/06\/Adilson-Mariano-3-768x1024.jpeg\" alt=\"\" data-id=\"630\" data-link=\"https:\/\/mapadadiversidade.com.br\/ipatinga\/?attachment_id=630\" class=\"wp-image-630\" srcset=\"https:\/\/mapadadiversidade.com.br\/ipatinga\/wp-content\/uploads\/2019\/06\/Adilson-Mariano-3-768x1024.jpeg 768w, https:\/\/mapadadiversidade.com.br\/ipatinga\/wp-content\/uploads\/2019\/06\/Adilson-Mariano-3-225x300.jpeg 225w, https:\/\/mapadadiversidade.com.br\/ipatinga\/wp-content\/uploads\/2019\/06\/Adilson-Mariano-3.jpeg 960w\" sizes=\"auto, (max-width: 768px) 100vw, 768px\" \/><\/figure><\/li><li class=\"blocks-gallery-item\"><figure><img loading=\"lazy\" decoding=\"async\" width=\"1024\" height=\"768\" src=\"https:\/\/mapadadiversidade.com.br\/ipatinga\/wp-content\/uploads\/2019\/06\/Adilson-Mariano-1024x768.jpg\" alt=\"\" data-id=\"631\" data-link=\"https:\/\/mapadadiversidade.com.br\/ipatinga\/?attachment_id=631\" class=\"wp-image-631\" srcset=\"https:\/\/mapadadiversidade.com.br\/ipatinga\/wp-content\/uploads\/2019\/06\/Adilson-Mariano-1024x768.jpg 1024w, https:\/\/mapadadiversidade.com.br\/ipatinga\/wp-content\/uploads\/2019\/06\/Adilson-Mariano-300x225.jpg 300w, https:\/\/mapadadiversidade.com.br\/ipatinga\/wp-content\/uploads\/2019\/06\/Adilson-Mariano-768x576.jpg 768w\" sizes=\"auto, (max-width: 1024px) 100vw, 1024px\" \/><\/figure><\/li><\/ul>\n","protected":false},"excerpt":{"rendered":"<p>Atua como diretor e produtor do Grupo Teatral Entreactos, Veneza, Ipatinga. Em processo de circula\u00e7\u00e3o e matura\u00e7\u00e3o o espet\u00e1culo Bombyx Mori- de lagarta \u00e0 mariposa. Tamb\u00e9m realiza palestras e mini cursos sobre novas perspectivas da arte c\u00eanica contempor\u00e2nea. Assim como a economia da cultura e o fortalecimento das a\u00e7\u00f5es em pequenos centros. <\/p>\n","protected":false},"author":7,"featured_media":630,"comment_status":"open","ping_status":"open","sticky":false,"template":"","format":"standard","meta":{"footnotes":""},"categories":[1,4,13],"tags":[47],"class_list":["post-598","post","type-post","status-publish","format-standard","has-post-thumbnail","hentry","category-ipatinga","category-linguagem-artisticas","category-teatro","tag-teatro","item-wrap"],"_links":{"self":[{"href":"https:\/\/mapadadiversidade.com.br\/ipatinga\/wp-json\/wp\/v2\/posts\/598","targetHints":{"allow":["GET"]}}],"collection":[{"href":"https:\/\/mapadadiversidade.com.br\/ipatinga\/wp-json\/wp\/v2\/posts"}],"about":[{"href":"https:\/\/mapadadiversidade.com.br\/ipatinga\/wp-json\/wp\/v2\/types\/post"}],"author":[{"embeddable":true,"href":"https:\/\/mapadadiversidade.com.br\/ipatinga\/wp-json\/wp\/v2\/users\/7"}],"replies":[{"embeddable":true,"href":"https:\/\/mapadadiversidade.com.br\/ipatinga\/wp-json\/wp\/v2\/comments?post=598"}],"version-history":[{"count":3,"href":"https:\/\/mapadadiversidade.com.br\/ipatinga\/wp-json\/wp\/v2\/posts\/598\/revisions"}],"predecessor-version":[{"id":1726,"href":"https:\/\/mapadadiversidade.com.br\/ipatinga\/wp-json\/wp\/v2\/posts\/598\/revisions\/1726"}],"wp:featuredmedia":[{"embeddable":true,"href":"https:\/\/mapadadiversidade.com.br\/ipatinga\/wp-json\/wp\/v2\/media\/630"}],"wp:attachment":[{"href":"https:\/\/mapadadiversidade.com.br\/ipatinga\/wp-json\/wp\/v2\/media?parent=598"}],"wp:term":[{"taxonomy":"category","embeddable":true,"href":"https:\/\/mapadadiversidade.com.br\/ipatinga\/wp-json\/wp\/v2\/categories?post=598"},{"taxonomy":"post_tag","embeddable":true,"href":"https:\/\/mapadadiversidade.com.br\/ipatinga\/wp-json\/wp\/v2\/tags?post=598"}],"curies":[{"name":"wp","href":"https:\/\/api.w.org\/{rel}","templated":true}]}}