{"id":600,"date":"2019-06-29T15:40:43","date_gmt":"2019-06-29T18:40:43","guid":{"rendered":"https:\/\/mapadadiversidade.com.br\/ipatinga\/?p=600"},"modified":"2019-07-11T16:37:46","modified_gmt":"2019-07-11T19:37:46","slug":"neila-biscoitos-caseiros","status":"publish","type":"post","link":"https:\/\/mapadadiversidade.com.br\/ipatinga\/neila-biscoitos-caseiros\/","title":{"rendered":"Neila Biscoitos Caseiros"},"content":{"rendered":"\n<p>Gastronomia<br>Produ\u00e7\u00e3o de biscoitos caseiros.<\/p>\n\n\n\n<p>Hist\u00f3rico: Neila come\u00e7ou fazendo biscoitos em casa com a filha, logo come\u00e7ou a receber v\u00e1rias encomendas. Hoje vende em toda a regi\u00e3o do Vale do A\u00e7o, participando de feiras gastron\u00f4micas e de produtos locais.<\/p>\n\n\n\n<p>Telefone: (31) 98752-3609 <br>E-mail: neilaccr@hotmail.com <br>Instagram: <a href=\"https:\/\/www.instagram.com\/neila.biscoitoscaseiros\/?hl=pt-br\">@neila.biscoitoscaseiros<\/a><br>Facebook: <a href=\"https:\/\/www.facebook.com\/pg\/neilacristinabiscoitoscaseiros\/\">Neila Cristina Biscoitos Caseiros<\/a><\/p>\n\n\n\n<ul class=\"wp-block-gallery columns-3 is-cropped wp-block-gallery-1 is-layout-flex wp-block-gallery-is-layout-flex\"><li class=\"blocks-gallery-item\"><figure><img loading=\"lazy\" decoding=\"async\" width=\"720\" height=\"960\" src=\"https:\/\/mapadadiversidade.com.br\/ipatinga\/wp-content\/uploads\/2019\/06\/neila-1-1.jpg\" alt=\"\" data-id=\"1298\" data-link=\"https:\/\/mapadadiversidade.com.br\/ipatinga\/neila-biscoitos-caseiros\/neila-1-1\/\" class=\"wp-image-1298\" srcset=\"https:\/\/mapadadiversidade.com.br\/ipatinga\/wp-content\/uploads\/2019\/06\/neila-1-1.jpg 720w, https:\/\/mapadadiversidade.com.br\/ipatinga\/wp-content\/uploads\/2019\/06\/neila-1-1-225x300.jpg 225w\" sizes=\"auto, (max-width: 720px) 100vw, 720px\" \/><\/figure><\/li><li class=\"blocks-gallery-item\"><figure><img loading=\"lazy\" decoding=\"async\" width=\"960\" height=\"540\" src=\"https:\/\/mapadadiversidade.com.br\/ipatinga\/wp-content\/uploads\/2019\/06\/neila-2.jpg\" alt=\"\" data-id=\"1292\" data-link=\"https:\/\/mapadadiversidade.com.br\/ipatinga\/neila-biscoitos-caseiros\/neila-2\/\" class=\"wp-image-1292\" srcset=\"https:\/\/mapadadiversidade.com.br\/ipatinga\/wp-content\/uploads\/2019\/06\/neila-2.jpg 960w, https:\/\/mapadadiversidade.com.br\/ipatinga\/wp-content\/uploads\/2019\/06\/neila-2-300x169.jpg 300w, https:\/\/mapadadiversidade.com.br\/ipatinga\/wp-content\/uploads\/2019\/06\/neila-2-768x432.jpg 768w\" sizes=\"auto, (max-width: 960px) 100vw, 960px\" \/><\/figure><\/li><li class=\"blocks-gallery-item\"><figure><img loading=\"lazy\" decoding=\"async\" width=\"960\" height=\"576\" src=\"https:\/\/mapadadiversidade.com.br\/ipatinga\/wp-content\/uploads\/2019\/06\/neila-3.jpg\" alt=\"\" data-id=\"1293\" data-link=\"https:\/\/mapadadiversidade.com.br\/ipatinga\/neila-biscoitos-caseiros\/neila-3\/\" class=\"wp-image-1293\" srcset=\"https:\/\/mapadadiversidade.com.br\/ipatinga\/wp-content\/uploads\/2019\/06\/neila-3.jpg 960w, https:\/\/mapadadiversidade.com.br\/ipatinga\/wp-content\/uploads\/2019\/06\/neila-3-300x180.jpg 300w, https:\/\/mapadadiversidade.com.br\/ipatinga\/wp-content\/uploads\/2019\/06\/neila-3-768x461.jpg 768w\" sizes=\"auto, (max-width: 960px) 100vw, 960px\" \/><\/figure><\/li><\/ul>\n\n\n\n<figure class=\"wp-block-embed-youtube wp-block-embed is-type-video is-provider-youtube wp-embed-aspect-16-9 wp-has-aspect-ratio\"><div class=\"wp-block-embed__wrapper\">\n<iframe loading=\"lazy\" title=\"Neila Biscoitos Caseiros\" width=\"944\" height=\"531\" src=\"https:\/\/www.youtube.com\/embed\/kXwdj3CScsc?start=49&#038;feature=oembed\" frameborder=\"0\" allow=\"accelerometer; autoplay; encrypted-media; gyroscope; picture-in-picture\" allowfullscreen><\/iframe>\n<\/div><\/figure>\n","protected":false},"excerpt":{"rendered":"<p>Produ\u00e7\u00e3o de biscoitos caseiros.<\/p>\n","protected":false},"author":10,"featured_media":1298,"comment_status":"open","ping_status":"open","sticky":false,"template":"","format":"standard","meta":{"footnotes":""},"categories":[21,271,9],"tags":[43,40],"class_list":["post-600","post","type-post","status-publish","format-standard","has-post-thumbnail","hentry","category-_regiao-metropolitana-do-vale-do-aco","category-_timoteo","category-gastronomia","tag-biscoitos","tag-gastronomia","item-wrap"],"_links":{"self":[{"href":"https:\/\/mapadadiversidade.com.br\/ipatinga\/wp-json\/wp\/v2\/posts\/600","targetHints":{"allow":["GET"]}}],"collection":[{"href":"https:\/\/mapadadiversidade.com.br\/ipatinga\/wp-json\/wp\/v2\/posts"}],"about":[{"href":"https:\/\/mapadadiversidade.com.br\/ipatinga\/wp-json\/wp\/v2\/types\/post"}],"author":[{"embeddable":true,"href":"https:\/\/mapadadiversidade.com.br\/ipatinga\/wp-json\/wp\/v2\/users\/10"}],"replies":[{"embeddable":true,"href":"https:\/\/mapadadiversidade.com.br\/ipatinga\/wp-json\/wp\/v2\/comments?post=600"}],"version-history":[{"count":5,"href":"https:\/\/mapadadiversidade.com.br\/ipatinga\/wp-json\/wp\/v2\/posts\/600\/revisions"}],"predecessor-version":[{"id":1855,"href":"https:\/\/mapadadiversidade.com.br\/ipatinga\/wp-json\/wp\/v2\/posts\/600\/revisions\/1855"}],"wp:featuredmedia":[{"embeddable":true,"href":"https:\/\/mapadadiversidade.com.br\/ipatinga\/wp-json\/wp\/v2\/media\/1298"}],"wp:attachment":[{"href":"https:\/\/mapadadiversidade.com.br\/ipatinga\/wp-json\/wp\/v2\/media?parent=600"}],"wp:term":[{"taxonomy":"category","embeddable":true,"href":"https:\/\/mapadadiversidade.com.br\/ipatinga\/wp-json\/wp\/v2\/categories?post=600"},{"taxonomy":"post_tag","embeddable":true,"href":"https:\/\/mapadadiversidade.com.br\/ipatinga\/wp-json\/wp\/v2\/tags?post=600"}],"curies":[{"name":"wp","href":"https:\/\/api.w.org\/{rel}","templated":true}]}}