{"id":623,"date":"2019-07-06T16:23:02","date_gmt":"2019-07-06T19:23:02","guid":{"rendered":"https:\/\/mapadadiversidade.com.br\/ipatinga\/?p=623"},"modified":"2019-07-08T11:02:16","modified_gmt":"2019-07-08T14:02:16","slug":"talles-morate-associacao-de-capoeira-arte-brasil","status":"publish","type":"post","link":"https:\/\/mapadadiversidade.com.br\/ipatinga\/talles-morate-associacao-de-capoeira-arte-brasil\/","title":{"rendered":"Talles Morate &#8211; Associa\u00e7\u00e3o De Capoeira Arte Brasil"},"content":{"rendered":"\n<p>Cultuas \u00e9tnicas, tradicionais e populares<\/p>\n\n\n\n<p>Atua\u00e7\u00e3o Secund\u00e1ria: Dan\u00e7a, Pr\u00e1tica da Mente e do Corpo.<\/p>\n\n\n\n<p>Hist\u00f3rico:  Aos 10 anos de idade Talles iniciou seu interesse e pr\u00e1tica pela capoeira, ao observar as crian\u00e7as do Bairro. <br>Em 2006 conheceu a associa\u00e7\u00e3o de Capoeira Arte Brasil, e se identificou com a filosofia do grupo, que o acolheu no mesmo per\u00edodo da morte de seu pai. <br><br>Talles come\u00e7ou a dedicar-se a pr\u00e1tica, pois tinha a inten\u00e7\u00e3o de um dia ser professor. Em 2008 idealizou um projeto social onde recebia crian\u00e7as e adolescentes para o treinamento de capoeira, no terra\u00e7o de seu pr\u00e9dio.<br>Com o resultado positivo do trabalho, foi convidado a dar continuidade ao projeto em um Clube de recrea\u00e7\u00e3o at\u00e9 o ano de 2011. <br><br>Em 2014 formou-se em engenharia El\u00e9trica, e a partir disso, voltou a atuar como professor de capoeira com mais tempo de dedica\u00e7\u00e3o, e assim passou a atuar em projetos sociais. <br><br>Em 2015 em parceria com a congrega\u00e7\u00e3o redentorista de Coronel Fabriciano, iniciou um projeto no bairro pedreira, trabalhando a capoeira, maculel\u00ea, samba de roda e musicaliza\u00e7\u00e3o com crian\u00e7as v\u00edtimas de vulnerabilidade social.<\/p>\n\n\n\n<p>E-mail: tallesmorate@hotmail.com<br>Facebook: <a href=\"https:\/\/www.facebook.com\/talles.morate\">Talles Morate<\/a><br>Instagram: <a href=\"https:\/\/www.instagram.com\/p\/BnAUz-8Hatl\/\">Capoeira Arte Brasil<\/a><\/p>\n\n\n\n<figure class=\"wp-block-embed-youtube wp-block-embed is-type-video is-provider-youtube wp-embed-aspect-16-9 wp-has-aspect-ratio\"><div class=\"wp-block-embed__wrapper\">\n<iframe loading=\"lazy\" title=\"Associa\u00e7\u00e3o de Capoeira Arte e Brasil\" width=\"944\" height=\"531\" src=\"https:\/\/www.youtube.com\/embed\/KRZdfSN5tw4?feature=oembed\" frameborder=\"0\" allow=\"accelerometer; autoplay; encrypted-media; gyroscope; picture-in-picture\" allowfullscreen><\/iframe>\n<\/div><\/figure>\n\n\n\n<ul class=\"wp-block-gallery columns-2 is-cropped wp-block-gallery-1 is-layout-flex wp-block-gallery-is-layout-flex\"><li class=\"blocks-gallery-item\"><figure><img loading=\"lazy\" decoding=\"async\" width=\"640\" height=\"640\" src=\"https:\/\/mapadadiversidade.com.br\/ipatinga\/wp-content\/uploads\/2019\/06\/36458671_1662724050514093_2239793202544508928_n.jpg\" alt=\"\" data-id=\"661\" data-link=\"https:\/\/mapadadiversidade.com.br\/ipatinga\/?attachment_id=661\" class=\"wp-image-661\" srcset=\"https:\/\/mapadadiversidade.com.br\/ipatinga\/wp-content\/uploads\/2019\/06\/36458671_1662724050514093_2239793202544508928_n.jpg 640w, https:\/\/mapadadiversidade.com.br\/ipatinga\/wp-content\/uploads\/2019\/06\/36458671_1662724050514093_2239793202544508928_n-150x150.jpg 150w, https:\/\/mapadadiversidade.com.br\/ipatinga\/wp-content\/uploads\/2019\/06\/36458671_1662724050514093_2239793202544508928_n-300x300.jpg 300w\" sizes=\"auto, (max-width: 640px) 100vw, 640px\" \/><\/figure><\/li><li class=\"blocks-gallery-item\"><figure><img loading=\"lazy\" decoding=\"async\" width=\"593\" height=\"408\" src=\"https:\/\/mapadadiversidade.com.br\/ipatinga\/wp-content\/uploads\/2019\/06\/capoeira.png\" alt=\"\" data-id=\"663\" data-link=\"https:\/\/mapadadiversidade.com.br\/ipatinga\/?attachment_id=663\" class=\"wp-image-663\" srcset=\"https:\/\/mapadadiversidade.com.br\/ipatinga\/wp-content\/uploads\/2019\/06\/capoeira.png 593w, https:\/\/mapadadiversidade.com.br\/ipatinga\/wp-content\/uploads\/2019\/06\/capoeira-300x206.png 300w\" sizes=\"auto, (max-width: 593px) 100vw, 593px\" \/><\/figure><\/li><\/ul>\n","protected":false},"excerpt":{"rendered":"<p>Talles Morate \u00e9  professor de capoeira, maculel\u00ea, samba de roda e musicaliza\u00e7\u00e3o na Associa\u00e7\u00e3o de Capoeira Arte e Brasil.<\/p>\n","protected":false},"author":8,"featured_media":1183,"comment_status":"open","ping_status":"open","sticky":false,"template":"","format":"standard","meta":{"footnotes":""},"categories":[1,21,7,27],"tags":[70],"class_list":["post-623","post","type-post","status-publish","format-standard","has-post-thumbnail","hentry","category-ipatinga","category-_regiao-metropolitana-do-vale-do-aco","category-culturas-etnicas-tradicionais-e-populares","category-danca","tag-capoeira","item-wrap"],"_links":{"self":[{"href":"https:\/\/mapadadiversidade.com.br\/ipatinga\/wp-json\/wp\/v2\/posts\/623","targetHints":{"allow":["GET"]}}],"collection":[{"href":"https:\/\/mapadadiversidade.com.br\/ipatinga\/wp-json\/wp\/v2\/posts"}],"about":[{"href":"https:\/\/mapadadiversidade.com.br\/ipatinga\/wp-json\/wp\/v2\/types\/post"}],"author":[{"embeddable":true,"href":"https:\/\/mapadadiversidade.com.br\/ipatinga\/wp-json\/wp\/v2\/users\/8"}],"replies":[{"embeddable":true,"href":"https:\/\/mapadadiversidade.com.br\/ipatinga\/wp-json\/wp\/v2\/comments?post=623"}],"version-history":[{"count":3,"href":"https:\/\/mapadadiversidade.com.br\/ipatinga\/wp-json\/wp\/v2\/posts\/623\/revisions"}],"predecessor-version":[{"id":1715,"href":"https:\/\/mapadadiversidade.com.br\/ipatinga\/wp-json\/wp\/v2\/posts\/623\/revisions\/1715"}],"wp:featuredmedia":[{"embeddable":true,"href":"https:\/\/mapadadiversidade.com.br\/ipatinga\/wp-json\/wp\/v2\/media\/1183"}],"wp:attachment":[{"href":"https:\/\/mapadadiversidade.com.br\/ipatinga\/wp-json\/wp\/v2\/media?parent=623"}],"wp:term":[{"taxonomy":"category","embeddable":true,"href":"https:\/\/mapadadiversidade.com.br\/ipatinga\/wp-json\/wp\/v2\/categories?post=623"},{"taxonomy":"post_tag","embeddable":true,"href":"https:\/\/mapadadiversidade.com.br\/ipatinga\/wp-json\/wp\/v2\/tags?post=623"}],"curies":[{"name":"wp","href":"https:\/\/api.w.org\/{rel}","templated":true}]}}