{"id":63,"date":"2019-07-07T10:56:56","date_gmt":"2019-07-07T13:56:56","guid":{"rendered":"https:\/\/mapadadiversidade.com.br\/ipatinga\/?p=63"},"modified":"2019-07-09T15:52:32","modified_gmt":"2019-07-09T18:52:32","slug":"dodo153","status":"publish","type":"post","link":"https:\/\/mapadadiversidade.com.br\/ipatinga\/dodo153\/","title":{"rendered":"Dod\u00f4153"},"content":{"rendered":"\n<p>Artista de Street Art. Facilitador social, ensina o grafite para crian\u00e7as e adolescentes de baixa renda, selecionadas atrav\u00e9s do programa bolsa fam\u00edlia em conjunto com um grupo de assistentes sociais.<\/p>\n\n\n\n<p>Linguagens Art\u00edsticas &#8211; Street Art<\/p>\n\n\n\n<p><strong>Hist\u00f3rico:<\/strong> <br>Come\u00e7ou sua trajet\u00f3ria na arte desenhando em papel, muros de escola, iniciou a trajet\u00f3ria de artes visuais fazendo intercambio de servi\u00e7o com outros artistas.  Atualmente, presta servi\u00e7o para empresas, no programa de assist\u00eancia social do bolsa fam\u00edlia na cidade de Santana do Para\u00edso, ensinando a t\u00e9cnica para adolescentes e crian\u00e7as de baixa renda.  <\/p>\n\n\n\n<p><strong>E-mail:<\/strong> dodograffiteiro@gmail.com<br><strong>Facebook:<\/strong><a href=\"https:\/\/www.facebook.com\/dodo153\"> dodo153<\/a><br><strong>Instagram:<\/strong> <a href=\"https:\/\/www.instagram.com\/douglasdodo153\/\">@douglasdodo153<\/a><br><strong>YouTube:<\/strong> <a href=\"https:\/\/www.youtube.com\/user\/Douglas7365\">Dod\u00f4153<\/a><\/p>\n\n\n\n<figure class=\"wp-block-embed-youtube wp-block-embed is-type-video is-provider-youtube wp-embed-aspect-16-9 wp-has-aspect-ratio\"><div class=\"wp-block-embed__wrapper\">\n<iframe loading=\"lazy\" title=\"Dod\u00f4153\" width=\"944\" height=\"531\" src=\"https:\/\/www.youtube.com\/embed\/NJCH67Rjvrg?feature=oembed\" frameborder=\"0\" allow=\"accelerometer; autoplay; encrypted-media; gyroscope; picture-in-picture\" allowfullscreen><\/iframe>\n<\/div><\/figure>\n\n\n\n<ul class=\"wp-block-gallery columns-2 is-cropped wp-block-gallery-1 is-layout-flex wp-block-gallery-is-layout-flex\"><li class=\"blocks-gallery-item\"><figure><img loading=\"lazy\" decoding=\"async\" width=\"586\" height=\"550\" src=\"https:\/\/mapadadiversidade.com.br\/ipatinga\/wp-content\/uploads\/2019\/06\/1.png\" alt=\"\" data-id=\"91\" data-link=\"https:\/\/mapadadiversidade.com.br\/ipatinga\/?attachment_id=91\" class=\"wp-image-91\" srcset=\"https:\/\/mapadadiversidade.com.br\/ipatinga\/wp-content\/uploads\/2019\/06\/1.png 586w, https:\/\/mapadadiversidade.com.br\/ipatinga\/wp-content\/uploads\/2019\/06\/1-300x282.png 300w\" sizes=\"auto, (max-width: 586px) 100vw, 586px\" \/><\/figure><\/li><li class=\"blocks-gallery-item\"><figure><img loading=\"lazy\" decoding=\"async\" width=\"479\" height=\"549\" src=\"https:\/\/mapadadiversidade.com.br\/ipatinga\/wp-content\/uploads\/2019\/06\/2.png\" alt=\"\" data-id=\"92\" data-link=\"https:\/\/mapadadiversidade.com.br\/ipatinga\/?attachment_id=92\" class=\"wp-image-92\" srcset=\"https:\/\/mapadadiversidade.com.br\/ipatinga\/wp-content\/uploads\/2019\/06\/2.png 479w, https:\/\/mapadadiversidade.com.br\/ipatinga\/wp-content\/uploads\/2019\/06\/2-262x300.png 262w\" sizes=\"auto, (max-width: 479px) 100vw, 479px\" \/><\/figure><\/li><li class=\"blocks-gallery-item\"><figure><img loading=\"lazy\" decoding=\"async\" width=\"1024\" height=\"768\" src=\"https:\/\/mapadadiversidade.com.br\/ipatinga\/wp-content\/uploads\/2019\/06\/3-1024x768.jpg\" alt=\"\" data-id=\"93\" data-link=\"https:\/\/mapadadiversidade.com.br\/ipatinga\/?attachment_id=93\" class=\"wp-image-93\" srcset=\"https:\/\/mapadadiversidade.com.br\/ipatinga\/wp-content\/uploads\/2019\/06\/3-1024x768.jpg 1024w, https:\/\/mapadadiversidade.com.br\/ipatinga\/wp-content\/uploads\/2019\/06\/3-300x225.jpg 300w, https:\/\/mapadadiversidade.com.br\/ipatinga\/wp-content\/uploads\/2019\/06\/3-768x576.jpg 768w\" sizes=\"auto, (max-width: 1024px) 100vw, 1024px\" \/><\/figure><\/li><\/ul>\n\n\n","protected":false},"excerpt":{"rendered":"<p>Artista de Street Art. Facilitador social, ensina o grafite para crian\u00e7as e adolescentes de baixa renda, selecionadas atrav\u00e9s do programa bolsa fam\u00edlia em conjunto com um grupo de assistentes sociais.<\/p>\n","protected":false},"author":8,"featured_media":94,"comment_status":"open","ping_status":"open","sticky":false,"template":"","format":"standard","meta":{"footnotes":""},"categories":[1,23,4],"tags":[32,81],"class_list":["post-63","post","type-post","status-publish","format-standard","has-post-thumbnail","hentry","category-ipatinga","category-grafitte","category-linguagem-artisticas","tag-grafite","tag-street-art","item-wrap"],"_links":{"self":[{"href":"https:\/\/mapadadiversidade.com.br\/ipatinga\/wp-json\/wp\/v2\/posts\/63","targetHints":{"allow":["GET"]}}],"collection":[{"href":"https:\/\/mapadadiversidade.com.br\/ipatinga\/wp-json\/wp\/v2\/posts"}],"about":[{"href":"https:\/\/mapadadiversidade.com.br\/ipatinga\/wp-json\/wp\/v2\/types\/post"}],"author":[{"embeddable":true,"href":"https:\/\/mapadadiversidade.com.br\/ipatinga\/wp-json\/wp\/v2\/users\/8"}],"replies":[{"embeddable":true,"href":"https:\/\/mapadadiversidade.com.br\/ipatinga\/wp-json\/wp\/v2\/comments?post=63"}],"version-history":[{"count":6,"href":"https:\/\/mapadadiversidade.com.br\/ipatinga\/wp-json\/wp\/v2\/posts\/63\/revisions"}],"predecessor-version":[{"id":1993,"href":"https:\/\/mapadadiversidade.com.br\/ipatinga\/wp-json\/wp\/v2\/posts\/63\/revisions\/1993"}],"wp:featuredmedia":[{"embeddable":true,"href":"https:\/\/mapadadiversidade.com.br\/ipatinga\/wp-json\/wp\/v2\/media\/94"}],"wp:attachment":[{"href":"https:\/\/mapadadiversidade.com.br\/ipatinga\/wp-json\/wp\/v2\/media?parent=63"}],"wp:term":[{"taxonomy":"category","embeddable":true,"href":"https:\/\/mapadadiversidade.com.br\/ipatinga\/wp-json\/wp\/v2\/categories?post=63"},{"taxonomy":"post_tag","embeddable":true,"href":"https:\/\/mapadadiversidade.com.br\/ipatinga\/wp-json\/wp\/v2\/tags?post=63"}],"curies":[{"name":"wp","href":"https:\/\/api.w.org\/{rel}","templated":true}]}}