{"id":65,"date":"2019-06-02T11:05:08","date_gmt":"2019-06-02T14:05:08","guid":{"rendered":"https:\/\/mapadadiversidade.com.br\/ipatinga\/?p=65"},"modified":"2019-07-09T15:17:25","modified_gmt":"2019-07-09T18:17:25","slug":"ricardo-alves","status":"publish","type":"post","link":"https:\/\/mapadadiversidade.com.br\/ipatinga\/ricardo-alves\/","title":{"rendered":"Ricardo Alves"},"content":{"rendered":"\n<p>Produ\u00e7\u00e3o de imagens com fins diversos. Registro, documenta\u00e7\u00e3o, narrativas e discursos visuais de cunho reflexivo e\/ou art\u00edstico.<\/p>\n\n\n\n<p>Linguagens Art\u00edsticas<br>Fotografia<\/p>\n\n\n\n<p>Atua\u00e7\u00e3o secund\u00e1ria: abordagem da fotografia, no ensino, enquanto linguagem visual e seus enquadramentos nas pr\u00e1ticas art\u00edsticas, midi\u00e1ticas e de pesquisa e documenta\u00e7\u00e3o.<\/p>\n\n\n\n<p>Hist\u00f3rico de atua\u00e7\u00e3o: come\u00e7ou como jornalista, mas sempre fazia v\u00eddeos desde a adolesc\u00eancia. Muito ligado \u00e0 produ\u00e7\u00e3o audiovisual e a m\u00fasica. Entrou para a faculdade querendo fazer fotografia e saiu jornalista. Depois de um tempo trabalhando com produ\u00e7\u00e3o de v\u00eddeos e textos, resolveu se dedicar \u00e0 \u00e1rea que gosta mais: a fotografia.<br>&#8220;Iniciamos como uma ag\u00eancia (Gr\u00e3o) e depois come\u00e7amos a experimentar e produzir materiais fotogr\u00e1ficos diversos, sempre com conte\u00fados que proponham alguma discuss\u00e3o no mundo da arte.<\/p>\n\n\n\n<p>Telefone: 31 9 8681 1197<br>E-mail: jornalista@hotmail.com<br>P\u00e1gina na Internet:<a href=\"https:\/\/ricardoalves.fot.br\/\"> ricardoalves.fot.br<\/a><br>Instagram: <a href=\"https:\/\/www.instagram.com\/ric_grao\/?hl=pt-br\">@ric_grao<\/a><\/p>\n\n\n\n<ul class=\"wp-block-gallery columns-2 is-cropped wp-block-gallery-1 is-layout-flex wp-block-gallery-is-layout-flex\"><li class=\"blocks-gallery-item\"><figure><img loading=\"lazy\" decoding=\"async\" width=\"720\" height=\"720\" src=\"https:\/\/mapadadiversidade.com.br\/ipatinga\/wp-content\/uploads\/2019\/06\/ricardo-alves.jpg\" alt=\"\" data-id=\"103\" data-link=\"https:\/\/mapadadiversidade.com.br\/ipatinga\/?attachment_id=103\" class=\"wp-image-103\" srcset=\"https:\/\/mapadadiversidade.com.br\/ipatinga\/wp-content\/uploads\/2019\/06\/ricardo-alves.jpg 720w, https:\/\/mapadadiversidade.com.br\/ipatinga\/wp-content\/uploads\/2019\/06\/ricardo-alves-150x150.jpg 150w, https:\/\/mapadadiversidade.com.br\/ipatinga\/wp-content\/uploads\/2019\/06\/ricardo-alves-300x300.jpg 300w\" sizes=\"auto, (max-width: 720px) 100vw, 720px\" \/><\/figure><\/li><li class=\"blocks-gallery-item\"><figure><img loading=\"lazy\" decoding=\"async\" width=\"606\" height=\"444\" src=\"https:\/\/mapadadiversidade.com.br\/ipatinga\/wp-content\/uploads\/2019\/06\/grao-1.jpg\" alt=\"\" data-id=\"102\" data-link=\"https:\/\/mapadadiversidade.com.br\/ipatinga\/?attachment_id=102\" class=\"wp-image-102\" srcset=\"https:\/\/mapadadiversidade.com.br\/ipatinga\/wp-content\/uploads\/2019\/06\/grao-1.jpg 606w, https:\/\/mapadadiversidade.com.br\/ipatinga\/wp-content\/uploads\/2019\/06\/grao-1-300x220.jpg 300w\" sizes=\"auto, (max-width: 606px) 100vw, 606px\" \/><\/figure><\/li><\/ul>\n","protected":false},"excerpt":{"rendered":"<p>Produ\u00e7\u00e3o de imagens com fins diversos. Registro, documenta\u00e7\u00e3o, narrativas e discursos visuais de cunho reflexivo e\/ou art\u00edstico.<\/p>\n","protected":false},"author":4,"featured_media":103,"comment_status":"open","ping_status":"open","sticky":false,"template":"","format":"standard","meta":{"footnotes":""},"categories":[1,24,4],"tags":[85],"class_list":["post-65","post","type-post","status-publish","format-standard","has-post-thumbnail","hentry","category-ipatinga","category-fotografia","category-linguagem-artisticas","tag-fotografia","item-wrap"],"_links":{"self":[{"href":"https:\/\/mapadadiversidade.com.br\/ipatinga\/wp-json\/wp\/v2\/posts\/65","targetHints":{"allow":["GET"]}}],"collection":[{"href":"https:\/\/mapadadiversidade.com.br\/ipatinga\/wp-json\/wp\/v2\/posts"}],"about":[{"href":"https:\/\/mapadadiversidade.com.br\/ipatinga\/wp-json\/wp\/v2\/types\/post"}],"author":[{"embeddable":true,"href":"https:\/\/mapadadiversidade.com.br\/ipatinga\/wp-json\/wp\/v2\/users\/4"}],"replies":[{"embeddable":true,"href":"https:\/\/mapadadiversidade.com.br\/ipatinga\/wp-json\/wp\/v2\/comments?post=65"}],"version-history":[{"count":4,"href":"https:\/\/mapadadiversidade.com.br\/ipatinga\/wp-json\/wp\/v2\/posts\/65\/revisions"}],"predecessor-version":[{"id":1977,"href":"https:\/\/mapadadiversidade.com.br\/ipatinga\/wp-json\/wp\/v2\/posts\/65\/revisions\/1977"}],"wp:featuredmedia":[{"embeddable":true,"href":"https:\/\/mapadadiversidade.com.br\/ipatinga\/wp-json\/wp\/v2\/media\/103"}],"wp:attachment":[{"href":"https:\/\/mapadadiversidade.com.br\/ipatinga\/wp-json\/wp\/v2\/media?parent=65"}],"wp:term":[{"taxonomy":"category","embeddable":true,"href":"https:\/\/mapadadiversidade.com.br\/ipatinga\/wp-json\/wp\/v2\/categories?post=65"},{"taxonomy":"post_tag","embeddable":true,"href":"https:\/\/mapadadiversidade.com.br\/ipatinga\/wp-json\/wp\/v2\/tags?post=65"}],"curies":[{"name":"wp","href":"https:\/\/api.w.org\/{rel}","templated":true}]}}