{"id":660,"date":"2019-07-07T16:32:17","date_gmt":"2019-07-07T19:32:17","guid":{"rendered":"https:\/\/mapadadiversidade.com.br\/ipatinga\/?p=660"},"modified":"2019-07-11T16:35:38","modified_gmt":"2019-07-11T19:35:38","slug":"angela-ataide","status":"publish","type":"post","link":"https:\/\/mapadadiversidade.com.br\/ipatinga\/angela-ataide\/","title":{"rendered":"\u00c2ngela Ata\u00edde"},"content":{"rendered":"\n<p>\n\nArte Educadora \/ Pr\u00e1ticas da Mente e do Corpo\n\n<\/p>\n\n\n\n<p>Linguagens art\u00edsticas<br>Artes Pl\u00e1sticas<\/p>\n\n\n\n<p>Hist\u00f3rico<strong>:<\/strong> Nascida na cidade de Granada, come\u00e7ou a se envolver com ilustra\u00e7\u00e3o e pintura em uma escola de Artes que tinha parceria com a UFMG na cidade de Tim\u00f3teo. Logo depois se envolveu com escultura e hoje tem monumentos de sua autoria em v\u00e1rios pontos da cidade. \u00c2ngela tamb\u00e9m trabalha como arte educadora dando cursos, oficinas e workshops para crian\u00e7as e adultos, al\u00e9m de pr\u00e1ticas terap\u00eauticas para a mente e o corpo Reiki,  ThetaHealing,  Barras de Access Consciousness, e arte terapia. <\/p>\n\n\n\n<p>Telefone: (31) 98732-0453<br>Instagram: <br><a href=\"https:\/\/www.instagram.com\/angelaataidemg\/?hl=pt-br\">@angelaataidemg<\/a> (Artes Pl\u00e1stica)<br><a href=\"https:\/\/www.instagram.com\/aat.terapiasintegrativas\/\">@aat.terapiasintegrativas<\/a> (Espa\u00e7o Terap\u00eautico)<br><a href=\"https:\/\/www.instagram.com\/aat.cursosdeartes\/\">@aat.cursosdeartes<\/a> (Cursos, Oficinas e Workshops)<br>Facebook: <a href=\"https:\/\/www.facebook.com\/ataideangela\/\">\u00c2ngela Ata\u00edde Artes Pl\u00e1sticas<\/a><br>Site:  <a href=\"http:\/\/www.angelaataide.com.br\/\">www.angelaataide.com.br<\/a><\/p>\n\n\n\n<figure class=\"wp-block-embed-youtube wp-block-embed is-type-video is-provider-youtube wp-embed-aspect-16-9 wp-has-aspect-ratio\"><div class=\"wp-block-embed__wrapper\">\n<iframe loading=\"lazy\" title=\"\u00c2ngela Ata\u00edde\" width=\"944\" height=\"531\" src=\"https:\/\/www.youtube.com\/embed\/3WSf6V6CzMI?feature=oembed\" frameborder=\"0\" allow=\"accelerometer; autoplay; encrypted-media; gyroscope; picture-in-picture\" allowfullscreen><\/iframe>\n<\/div><\/figure>\n\n\n\n<ul class=\"wp-block-gallery alignwide columns-3 is-cropped wp-block-gallery-1 is-layout-flex wp-block-gallery-is-layout-flex\"><li class=\"blocks-gallery-item\"><figure><img loading=\"lazy\" decoding=\"async\" width=\"1024\" height=\"768\" src=\"https:\/\/mapadadiversidade.com.br\/ipatinga\/wp-content\/uploads\/2019\/06\/IMG_20190524_160945241_HDR-1024x768.jpg\" alt=\"\" data-id=\"674\" data-link=\"https:\/\/mapadadiversidade.com.br\/ipatinga\/?attachment_id=674\" class=\"wp-image-674\" srcset=\"https:\/\/mapadadiversidade.com.br\/ipatinga\/wp-content\/uploads\/2019\/06\/IMG_20190524_160945241_HDR-1024x768.jpg 1024w, https:\/\/mapadadiversidade.com.br\/ipatinga\/wp-content\/uploads\/2019\/06\/IMG_20190524_160945241_HDR-300x225.jpg 300w, https:\/\/mapadadiversidade.com.br\/ipatinga\/wp-content\/uploads\/2019\/06\/IMG_20190524_160945241_HDR-768x576.jpg 768w\" sizes=\"auto, (max-width: 1024px) 100vw, 1024px\" \/><\/figure><\/li><li class=\"blocks-gallery-item\"><figure><img loading=\"lazy\" decoding=\"async\" width=\"1024\" height=\"768\" src=\"https:\/\/mapadadiversidade.com.br\/ipatinga\/wp-content\/uploads\/2019\/06\/IMG_20190524_161107833-1024x768.jpg\" alt=\"\" data-id=\"676\" data-link=\"https:\/\/mapadadiversidade.com.br\/ipatinga\/?attachment_id=676\" class=\"wp-image-676\" srcset=\"https:\/\/mapadadiversidade.com.br\/ipatinga\/wp-content\/uploads\/2019\/06\/IMG_20190524_161107833-1024x768.jpg 1024w, https:\/\/mapadadiversidade.com.br\/ipatinga\/wp-content\/uploads\/2019\/06\/IMG_20190524_161107833-300x225.jpg 300w, https:\/\/mapadadiversidade.com.br\/ipatinga\/wp-content\/uploads\/2019\/06\/IMG_20190524_161107833-768x576.jpg 768w\" sizes=\"auto, (max-width: 1024px) 100vw, 1024px\" \/><\/figure><\/li><li class=\"blocks-gallery-item\"><figure><img loading=\"lazy\" decoding=\"async\" width=\"1024\" height=\"768\" src=\"https:\/\/mapadadiversidade.com.br\/ipatinga\/wp-content\/uploads\/2019\/06\/IMG_20190524_161144141-1024x768.jpg\" alt=\"\" data-id=\"677\" data-link=\"https:\/\/mapadadiversidade.com.br\/ipatinga\/?attachment_id=677\" class=\"wp-image-677\" srcset=\"https:\/\/mapadadiversidade.com.br\/ipatinga\/wp-content\/uploads\/2019\/06\/IMG_20190524_161144141-1024x768.jpg 1024w, https:\/\/mapadadiversidade.com.br\/ipatinga\/wp-content\/uploads\/2019\/06\/IMG_20190524_161144141-300x225.jpg 300w, https:\/\/mapadadiversidade.com.br\/ipatinga\/wp-content\/uploads\/2019\/06\/IMG_20190524_161144141-768x576.jpg 768w\" sizes=\"auto, (max-width: 1024px) 100vw, 1024px\" \/><\/figure><\/li><li class=\"blocks-gallery-item\"><figure><img loading=\"lazy\" decoding=\"async\" width=\"1024\" height=\"768\" src=\"https:\/\/mapadadiversidade.com.br\/ipatinga\/wp-content\/uploads\/2019\/06\/IMG_20190524_161247318-1024x768.jpg\" alt=\"\" data-id=\"678\" data-link=\"https:\/\/mapadadiversidade.com.br\/ipatinga\/?attachment_id=678\" class=\"wp-image-678\" srcset=\"https:\/\/mapadadiversidade.com.br\/ipatinga\/wp-content\/uploads\/2019\/06\/IMG_20190524_161247318-1024x768.jpg 1024w, https:\/\/mapadadiversidade.com.br\/ipatinga\/wp-content\/uploads\/2019\/06\/IMG_20190524_161247318-300x225.jpg 300w, https:\/\/mapadadiversidade.com.br\/ipatinga\/wp-content\/uploads\/2019\/06\/IMG_20190524_161247318-768x576.jpg 768w\" sizes=\"auto, (max-width: 1024px) 100vw, 1024px\" \/><\/figure><\/li><li class=\"blocks-gallery-item\"><figure><img loading=\"lazy\" decoding=\"async\" width=\"1024\" height=\"768\" src=\"https:\/\/mapadadiversidade.com.br\/ipatinga\/wp-content\/uploads\/2019\/06\/IMG_20190524_161356708-1024x768.jpg\" alt=\"\" data-id=\"679\" data-link=\"https:\/\/mapadadiversidade.com.br\/ipatinga\/?attachment_id=679\" class=\"wp-image-679\" srcset=\"https:\/\/mapadadiversidade.com.br\/ipatinga\/wp-content\/uploads\/2019\/06\/IMG_20190524_161356708-1024x768.jpg 1024w, https:\/\/mapadadiversidade.com.br\/ipatinga\/wp-content\/uploads\/2019\/06\/IMG_20190524_161356708-300x225.jpg 300w, https:\/\/mapadadiversidade.com.br\/ipatinga\/wp-content\/uploads\/2019\/06\/IMG_20190524_161356708-768x576.jpg 768w\" sizes=\"auto, (max-width: 1024px) 100vw, 1024px\" \/><\/figure><\/li><li class=\"blocks-gallery-item\"><figure><img loading=\"lazy\" decoding=\"async\" width=\"768\" height=\"1024\" src=\"https:\/\/mapadadiversidade.com.br\/ipatinga\/wp-content\/uploads\/2019\/06\/IMG_20190524_161520606_HDR-768x1024.jpg\" alt=\"\" data-id=\"680\" data-link=\"https:\/\/mapadadiversidade.com.br\/ipatinga\/?attachment_id=680\" class=\"wp-image-680\" srcset=\"https:\/\/mapadadiversidade.com.br\/ipatinga\/wp-content\/uploads\/2019\/06\/IMG_20190524_161520606_HDR-768x1024.jpg 768w, https:\/\/mapadadiversidade.com.br\/ipatinga\/wp-content\/uploads\/2019\/06\/IMG_20190524_161520606_HDR-225x300.jpg 225w\" sizes=\"auto, (max-width: 768px) 100vw, 768px\" \/><\/figure><\/li><\/ul>\n","protected":false},"excerpt":{"rendered":"<p>Trabalha como arte educadora dando cursos, oficinas e workshop para crian\u00e7as e adultos,<\/p>\n","protected":false},"author":10,"featured_media":682,"comment_status":"open","ping_status":"open","sticky":false,"template":"","format":"standard","meta":{"footnotes":""},"categories":[271,10,4],"tags":[33],"class_list":["post-660","post","type-post","status-publish","format-standard","has-post-thumbnail","hentry","category-_timoteo","category-artes-plasticas","category-linguagem-artisticas","tag-arte-educador","item-wrap"],"_links":{"self":[{"href":"https:\/\/mapadadiversidade.com.br\/ipatinga\/wp-json\/wp\/v2\/posts\/660","targetHints":{"allow":["GET"]}}],"collection":[{"href":"https:\/\/mapadadiversidade.com.br\/ipatinga\/wp-json\/wp\/v2\/posts"}],"about":[{"href":"https:\/\/mapadadiversidade.com.br\/ipatinga\/wp-json\/wp\/v2\/types\/post"}],"author":[{"embeddable":true,"href":"https:\/\/mapadadiversidade.com.br\/ipatinga\/wp-json\/wp\/v2\/users\/10"}],"replies":[{"embeddable":true,"href":"https:\/\/mapadadiversidade.com.br\/ipatinga\/wp-json\/wp\/v2\/comments?post=660"}],"version-history":[{"count":7,"href":"https:\/\/mapadadiversidade.com.br\/ipatinga\/wp-json\/wp\/v2\/posts\/660\/revisions"}],"predecessor-version":[{"id":1714,"href":"https:\/\/mapadadiversidade.com.br\/ipatinga\/wp-json\/wp\/v2\/posts\/660\/revisions\/1714"}],"wp:featuredmedia":[{"embeddable":true,"href":"https:\/\/mapadadiversidade.com.br\/ipatinga\/wp-json\/wp\/v2\/media\/682"}],"wp:attachment":[{"href":"https:\/\/mapadadiversidade.com.br\/ipatinga\/wp-json\/wp\/v2\/media?parent=660"}],"wp:term":[{"taxonomy":"category","embeddable":true,"href":"https:\/\/mapadadiversidade.com.br\/ipatinga\/wp-json\/wp\/v2\/categories?post=660"},{"taxonomy":"post_tag","embeddable":true,"href":"https:\/\/mapadadiversidade.com.br\/ipatinga\/wp-json\/wp\/v2\/tags?post=660"}],"curies":[{"name":"wp","href":"https:\/\/api.w.org\/{rel}","templated":true}]}}