{"id":672,"date":"2019-07-05T16:42:07","date_gmt":"2019-07-05T19:42:07","guid":{"rendered":"https:\/\/mapadadiversidade.com.br\/ipatinga\/?p=672"},"modified":"2019-07-09T15:52:49","modified_gmt":"2019-07-09T18:52:49","slug":"dione-andrade-2","status":"publish","type":"post","link":"https:\/\/mapadadiversidade.com.br\/ipatinga\/dione-andrade-2\/","title":{"rendered":"Dione Andrade"},"content":{"rendered":"\n<p>Pr\u00e1ticas S\u00f3cioculturais<\/p>\n\n\n\n<p>Atividade secund\u00e1ria: Pr\u00e1ticas S\u00f3cioambientais<\/p>\n\n\n\n<p> <strong>Hist\u00f3rico:<\/strong><br>-Forma\u00e7\u00e3o em Administra\u00e7\u00e3o P\u00fablica, \u00eanfase em gest\u00e3o ambiental e projetos sociais. Elabora\u00e7\u00e3o de oficinas comunit\u00e1rias, elabora\u00e7\u00e3o de projetos e capta\u00e7\u00e3o de recursos.  -Palestras e Din\u00e2micas para grupos estudantes e empresas.<br> -Consultoria e palestrante de funcion\u00e1rios p\u00fablicos com objetivos em capta\u00e7\u00e3o de recursos.<br> -Palestrante para Entidades Privadas Sem Fins Lucrativos no F\u00f3rum das Entidades promovido pela Prefeitura Municipal de Tim\u00f3teo e Funda\u00e7\u00e3o APERAM.<br> -Capta\u00e7\u00e3o de Recurso ICMS para a Orquestra de C\u00e2mara do Vale do A\u00e7o<br> -Facilitadora das Entidades Sem Fins Lucrativos .<br> -Funda\u00e7\u00e3o amigos da Escola Rondonista<br> -Coordenadora do Projeto PAPAGAIO COLORIDO( revitaliza\u00e7\u00e3o e reformas de casas e fachadas  do Morro do Papagaio( com interven\u00e7\u00e3o art\u00edstica da artista pl\u00e1stica Yara Tupinamb\u00e1 .<br> -Volunt\u00e1ria na elabora\u00e7\u00e3o de projetos para Entidades Sem Fins Lucrativos Se Toque e APIRVA.<br> -Coordenadora do Projeto Bolsa Cidadania da cidade de Tim\u00f3teo. Ganhador do pr\u00eamio AMM em primeiro lugar projeto de desenvolvimento social em Minas Gerais.<br> -Facilitadora de oficinas comunit\u00e1rias Para revis\u00e3o do Plano Diretor da cidade de Coronel Fabriciano MG.<\/p>\n\n\n\n<p><strong>E-mail:<\/strong>  dioneandrade22@hotmail.com <br><strong>Facebook:<\/strong> <a href=\"https:\/\/www.facebook.com\/dione.andrade.16\">Dione Andrade <\/a><br><strong>Instagram: <\/strong><a href=\"https:\/\/www.instagram.com\/dione.andrade22\/\">Dione Andrade<\/a><\/p>\n\n\n\n<figure class=\"wp-block-embed-youtube wp-block-embed is-type-video is-provider-youtube wp-embed-aspect-16-9 wp-has-aspect-ratio\"><div class=\"wp-block-embed__wrapper\">\n<iframe loading=\"lazy\" title=\"Dione Andrade\" width=\"944\" height=\"531\" src=\"https:\/\/www.youtube.com\/embed\/FGtxLEzTLu4?feature=oembed\" frameborder=\"0\" allow=\"accelerometer; autoplay; encrypted-media; gyroscope; picture-in-picture\" allowfullscreen><\/iframe>\n<\/div><\/figure>\n\n\n\n<ul class=\"wp-block-gallery columns-3 is-cropped wp-block-gallery-1 is-layout-flex wp-block-gallery-is-layout-flex\"><li class=\"blocks-gallery-item\"><figure><img loading=\"lazy\" decoding=\"async\" width=\"960\" height=\"720\" src=\"https:\/\/mapadadiversidade.com.br\/ipatinga\/wp-content\/uploads\/2019\/06\/36002746_1602166313238500_4270202600470609920_n.jpg\" alt=\"\" data-id=\"1342\" data-link=\"https:\/\/mapadadiversidade.com.br\/ipatinga\/dione-andrade-2\/36002746_1602166313238500_4270202600470609920_n\/\" class=\"wp-image-1342\" srcset=\"https:\/\/mapadadiversidade.com.br\/ipatinga\/wp-content\/uploads\/2019\/06\/36002746_1602166313238500_4270202600470609920_n.jpg 960w, https:\/\/mapadadiversidade.com.br\/ipatinga\/wp-content\/uploads\/2019\/06\/36002746_1602166313238500_4270202600470609920_n-300x225.jpg 300w, https:\/\/mapadadiversidade.com.br\/ipatinga\/wp-content\/uploads\/2019\/06\/36002746_1602166313238500_4270202600470609920_n-768x576.jpg 768w\" sizes=\"auto, (max-width: 960px) 100vw, 960px\" \/><\/figure><\/li><li class=\"blocks-gallery-item\"><figure><img loading=\"lazy\" decoding=\"async\" width=\"768\" height=\"1024\" src=\"https:\/\/mapadadiversidade.com.br\/ipatinga\/wp-content\/uploads\/2019\/06\/ceebb0d8-a75f-423c-97b5-3d0a81ea6cc8-1-768x1024.jpg\" alt=\"\" data-id=\"1343\" data-link=\"https:\/\/mapadadiversidade.com.br\/ipatinga\/dione-andrade-2\/ceebb0d8-a75f-423c-97b5-3d0a81ea6cc8-1\/\" class=\"wp-image-1343\" srcset=\"https:\/\/mapadadiversidade.com.br\/ipatinga\/wp-content\/uploads\/2019\/06\/ceebb0d8-a75f-423c-97b5-3d0a81ea6cc8-1-768x1024.jpg 768w, https:\/\/mapadadiversidade.com.br\/ipatinga\/wp-content\/uploads\/2019\/06\/ceebb0d8-a75f-423c-97b5-3d0a81ea6cc8-1-225x300.jpg 225w, https:\/\/mapadadiversidade.com.br\/ipatinga\/wp-content\/uploads\/2019\/06\/ceebb0d8-a75f-423c-97b5-3d0a81ea6cc8-1.jpg 780w\" sizes=\"auto, (max-width: 768px) 100vw, 768px\" \/><\/figure><\/li><li class=\"blocks-gallery-item\"><figure><img loading=\"lazy\" decoding=\"async\" width=\"1024\" height=\"576\" src=\"https:\/\/mapadadiversidade.com.br\/ipatinga\/wp-content\/uploads\/2019\/06\/3ee79f13-1481-450c-8439-39ef42dce92e-1024x576.jpg\" alt=\"\" data-id=\"1346\" data-link=\"https:\/\/mapadadiversidade.com.br\/ipatinga\/dione-andrade-2\/3ee79f13-1481-450c-8439-39ef42dce92e\/\" class=\"wp-image-1346\" srcset=\"https:\/\/mapadadiversidade.com.br\/ipatinga\/wp-content\/uploads\/2019\/06\/3ee79f13-1481-450c-8439-39ef42dce92e-1024x576.jpg 1024w, https:\/\/mapadadiversidade.com.br\/ipatinga\/wp-content\/uploads\/2019\/06\/3ee79f13-1481-450c-8439-39ef42dce92e-300x169.jpg 300w, https:\/\/mapadadiversidade.com.br\/ipatinga\/wp-content\/uploads\/2019\/06\/3ee79f13-1481-450c-8439-39ef42dce92e-768x432.jpg 768w, https:\/\/mapadadiversidade.com.br\/ipatinga\/wp-content\/uploads\/2019\/06\/3ee79f13-1481-450c-8439-39ef42dce92e.jpg 1280w\" sizes=\"auto, (max-width: 1024px) 100vw, 1024px\" \/><\/figure><\/li><\/ul>\n","protected":false},"excerpt":{"rendered":"<p>Forma\u00e7\u00e3o em Administra\u00e7\u00e3o P\u00fablica, \u00eanfase em gest\u00e3o ambiental e projetos sociais. Elabora\u00e7\u00e3o de oficinas comunit\u00e1rias, elabora\u00e7\u00e3o de projetos e capta\u00e7\u00e3o de recursos. <\/p>\n","protected":false},"author":8,"featured_media":1318,"comment_status":"open","ping_status":"open","sticky":false,"template":"","format":"standard","meta":{"footnotes":""},"categories":[1,21,17],"tags":[88,90,89],"class_list":["post-672","post","type-post","status-publish","format-standard","has-post-thumbnail","hentry","category-ipatinga","category-_regiao-metropolitana-do-vale-do-aco","category-praticas-sociocultural","tag-administracao-publica","tag-oficinas-comunitarias","tag-projetos-sociais","item-wrap"],"_links":{"self":[{"href":"https:\/\/mapadadiversidade.com.br\/ipatinga\/wp-json\/wp\/v2\/posts\/672","targetHints":{"allow":["GET"]}}],"collection":[{"href":"https:\/\/mapadadiversidade.com.br\/ipatinga\/wp-json\/wp\/v2\/posts"}],"about":[{"href":"https:\/\/mapadadiversidade.com.br\/ipatinga\/wp-json\/wp\/v2\/types\/post"}],"author":[{"embeddable":true,"href":"https:\/\/mapadadiversidade.com.br\/ipatinga\/wp-json\/wp\/v2\/users\/8"}],"replies":[{"embeddable":true,"href":"https:\/\/mapadadiversidade.com.br\/ipatinga\/wp-json\/wp\/v2\/comments?post=672"}],"version-history":[{"count":4,"href":"https:\/\/mapadadiversidade.com.br\/ipatinga\/wp-json\/wp\/v2\/posts\/672\/revisions"}],"predecessor-version":[{"id":1712,"href":"https:\/\/mapadadiversidade.com.br\/ipatinga\/wp-json\/wp\/v2\/posts\/672\/revisions\/1712"}],"wp:featuredmedia":[{"embeddable":true,"href":"https:\/\/mapadadiversidade.com.br\/ipatinga\/wp-json\/wp\/v2\/media\/1318"}],"wp:attachment":[{"href":"https:\/\/mapadadiversidade.com.br\/ipatinga\/wp-json\/wp\/v2\/media?parent=672"}],"wp:term":[{"taxonomy":"category","embeddable":true,"href":"https:\/\/mapadadiversidade.com.br\/ipatinga\/wp-json\/wp\/v2\/categories?post=672"},{"taxonomy":"post_tag","embeddable":true,"href":"https:\/\/mapadadiversidade.com.br\/ipatinga\/wp-json\/wp\/v2\/tags?post=672"}],"curies":[{"name":"wp","href":"https:\/\/api.w.org\/{rel}","templated":true}]}}