{"id":69,"date":"2019-06-02T10:57:06","date_gmt":"2019-06-02T13:57:06","guid":{"rendered":"https:\/\/mapadadiversidade.com.br\/ipatinga\/?p=69"},"modified":"2019-07-15T15:25:12","modified_gmt":"2019-07-15T18:25:12","slug":"isadora-nunes-zeferino-feirissima","status":"publish","type":"post","link":"https:\/\/mapadadiversidade.com.br\/ipatinga\/isadora-nunes-zeferino-feirissima\/","title":{"rendered":"Isadora Nunes Zeferino \/Feir\u00edssima"},"content":{"rendered":"\n<p>Jornalista, prestadora de servi\u00e7os para projetos e entidades com o cunho cultural, produtora da Feir\u00edssima.<\/p>\n\n\n\n<p>Comunica\u00e7\u00e3o e M\u00eddia<br>Produtora Cultural <\/p>\n\n\n\n<p>Hist\u00f3rico: Formada no curso de comunica\u00e7\u00e3o social- Jornalismo, sempre teve afinidade no campo das artes. Come\u00e7ou profissionalmente no campo da cultura por meio de est\u00e1gio como produtora da TV UNI (afiliada da TV Cultura), com sua editoria voltada para a \u00e1rea, come\u00e7ando a ter mais acesso com artistas da regi\u00e3o.  Ap\u00f3s este per\u00edodo, come\u00e7ou a realizar trabalho de assessoria de comunica\u00e7\u00e3o para institui\u00e7\u00f5es de cunho cultural. Em 2017, surgiu a ideia de criar a Feir\u00edssima. Com seis edi\u00e7\u00f5es, hoje pretende conduzir a iniciativa como produtora cultural.<\/p>\n\n\n\n<p> Telefone : (31) 98825-2549 <br>E-mail:  isazeff@yahoo.com.br<br>Facebook\/  I<a href=\"https:\/\/www.facebook.com\/isa.zeff\">sa.zeff<\/a>  <br>Facebook: <a href=\"https:\/\/www.facebook.com\/afeirissima\/\">Afeirissima<\/a><br>Instagram: @<a href=\"https:\/\/www.instagram.com\/isazeff\/?hl=pt-br\">\/isazeff<\/a><br>Instagram: @f<a href=\"https:\/\/www.instagram.com\/feirissima_\/?hl=pt-br\">eirissima<\/a>_<\/p>\n\n\n\n<figure class=\"wp-block-embed-youtube wp-block-embed is-type-video is-provider-youtube wp-embed-aspect-16-9 wp-has-aspect-ratio\"><div class=\"wp-block-embed__wrapper\">\n<iframe loading=\"lazy\" title=\"Isa Zeff\" width=\"944\" height=\"531\" src=\"https:\/\/www.youtube.com\/embed\/azeLeLN_N-Q?feature=oembed\" frameborder=\"0\" allow=\"accelerometer; autoplay; encrypted-media; gyroscope; picture-in-picture\" allowfullscreen><\/iframe>\n<\/div><\/figure>\n\n\n\n<ul class=\"wp-block-gallery columns-1 is-cropped wp-block-gallery-1 is-layout-flex wp-block-gallery-is-layout-flex\"><li class=\"blocks-gallery-item\"><figure><img loading=\"lazy\" decoding=\"async\" width=\"498\" height=\"745\" src=\"https:\/\/mapadadiversidade.com.br\/ipatinga\/wp-content\/uploads\/2019\/06\/ISA.jpeg\" alt=\"\" data-id=\"77\" data-link=\"https:\/\/mapadadiversidade.com.br\/ipatinga\/?attachment_id=77\" class=\"wp-image-77\" srcset=\"https:\/\/mapadadiversidade.com.br\/ipatinga\/wp-content\/uploads\/2019\/06\/ISA.jpeg 498w, https:\/\/mapadadiversidade.com.br\/ipatinga\/wp-content\/uploads\/2019\/06\/ISA-201x300.jpeg 201w\" sizes=\"auto, (max-width: 498px) 100vw, 498px\" \/><\/figure><\/li><li class=\"blocks-gallery-item\"><figure><img loading=\"lazy\" decoding=\"async\" width=\"750\" height=\"904\" src=\"https:\/\/mapadadiversidade.com.br\/ipatinga\/wp-content\/uploads\/2019\/06\/isa-1.jpeg\" alt=\"\" data-id=\"81\" data-link=\"https:\/\/mapadadiversidade.com.br\/ipatinga\/?attachment_id=81\" class=\"wp-image-81\" srcset=\"https:\/\/mapadadiversidade.com.br\/ipatinga\/wp-content\/uploads\/2019\/06\/isa-1.jpeg 750w, https:\/\/mapadadiversidade.com.br\/ipatinga\/wp-content\/uploads\/2019\/06\/isa-1-249x300.jpeg 249w\" sizes=\"auto, (max-width: 750px) 100vw, 750px\" \/><\/figure><\/li><\/ul>\n\n\n\n<p> <\/p>\n","protected":false},"excerpt":{"rendered":"<p>Jornalista, prestadora de servi\u00e7os para projetos e entidades com o cunho cultural, produtora da Feir\u00edssima.<\/p>\n","protected":false},"author":3,"featured_media":77,"comment_status":"open","ping_status":"open","sticky":false,"template":"","format":"standard","meta":{"footnotes":""},"categories":[1,6,18],"tags":[30,216,142,78,187,215],"class_list":["post-69","post","type-post","status-publish","format-standard","has-post-thumbnail","hentry","category-ipatinga","category-comunicacao-e-midia","category-produtor-ou-gestor-cultural","tag-artesanato","tag-economia-criativa","tag-feirissima","tag-jornalista","tag-moda","tag-virtual","item-wrap"],"_links":{"self":[{"href":"https:\/\/mapadadiversidade.com.br\/ipatinga\/wp-json\/wp\/v2\/posts\/69","targetHints":{"allow":["GET"]}}],"collection":[{"href":"https:\/\/mapadadiversidade.com.br\/ipatinga\/wp-json\/wp\/v2\/posts"}],"about":[{"href":"https:\/\/mapadadiversidade.com.br\/ipatinga\/wp-json\/wp\/v2\/types\/post"}],"author":[{"embeddable":true,"href":"https:\/\/mapadadiversidade.com.br\/ipatinga\/wp-json\/wp\/v2\/users\/3"}],"replies":[{"embeddable":true,"href":"https:\/\/mapadadiversidade.com.br\/ipatinga\/wp-json\/wp\/v2\/comments?post=69"}],"version-history":[{"count":15,"href":"https:\/\/mapadadiversidade.com.br\/ipatinga\/wp-json\/wp\/v2\/posts\/69\/revisions"}],"predecessor-version":[{"id":2400,"href":"https:\/\/mapadadiversidade.com.br\/ipatinga\/wp-json\/wp\/v2\/posts\/69\/revisions\/2400"}],"wp:featuredmedia":[{"embeddable":true,"href":"https:\/\/mapadadiversidade.com.br\/ipatinga\/wp-json\/wp\/v2\/media\/77"}],"wp:attachment":[{"href":"https:\/\/mapadadiversidade.com.br\/ipatinga\/wp-json\/wp\/v2\/media?parent=69"}],"wp:term":[{"taxonomy":"category","embeddable":true,"href":"https:\/\/mapadadiversidade.com.br\/ipatinga\/wp-json\/wp\/v2\/categories?post=69"},{"taxonomy":"post_tag","embeddable":true,"href":"https:\/\/mapadadiversidade.com.br\/ipatinga\/wp-json\/wp\/v2\/tags?post=69"}],"curies":[{"name":"wp","href":"https:\/\/api.w.org\/{rel}","templated":true}]}}