{"id":691,"date":"2019-07-01T18:02:39","date_gmt":"2019-07-01T21:02:39","guid":{"rendered":"https:\/\/mapadadiversidade.com.br\/ipatinga\/?p=691"},"modified":"2019-07-09T15:53:26","modified_gmt":"2019-07-09T18:53:26","slug":"rigueira-musical","status":"publish","type":"post","link":"https:\/\/mapadadiversidade.com.br\/ipatinga\/rigueira-musical\/","title":{"rendered":"Rigueira Musical"},"content":{"rendered":"\n<p>Linguagens Art\u00edsticas<\/p>\n\n\n\n<p>Atividade secund\u00e1ria: Equipamentos, espa\u00e7os<\/p>\n\n\n\n<p>Hist\u00f3rico: L\u00edvia \u00e9 fundadora e professora de musica no instituto Rigueira Musical, al\u00e9m de trabalhar com cerimonial e produ\u00e7\u00e3o de eventos.<\/p>\n\n\n\n<p> L\u00edvia come\u00e7ou a dar aulas de musica particular na adolesc\u00eancia, mas foi durante a inf\u00e2ncia que sua trajet\u00f3ria no campo cultural se consolidou, quando seu pai a ensinou a tocar viol\u00e3o.<\/p>\n\n\n\n<p> Percebendo que tal atividade era algo que lhe despertava grande satisfa\u00e7\u00e3o, L\u00edvia e um grupo de amigos decidem criar uma escola de m\u00fasica.<\/p>\n\n\n\n<p> Hoje a escola conta com quatro professores, e oferece al\u00e9m das aulas particulares, uma estrutura mais acess\u00edvel para crian\u00e7as de baixa renda portadoras do cadastro \u00fanico.  Na escola \u00e9 poss\u00edvel aprender teclado, ukulele, guitarra, baixo, gaita, flauta, cavaquinho, violino, acordeon, viola, bateria e inicializa\u00e7\u00e3o infantil.<\/p>\n\n\n\n<p>E-mail: rigueiramusical@gmail.com<br>Facebook: <a href=\"https:\/\/www.facebook.com\/rigueiramusical\/\">Rigueira Musical<\/a><br>Instagram: <a href=\"https:\/\/www.instagram.com\/rigueiramusical\/\">Rigueira Musical<\/a><\/p>\n\n\n\n<figure class=\"wp-block-embed-youtube wp-block-embed is-type-video is-provider-youtube wp-embed-aspect-16-9 wp-has-aspect-ratio\"><div class=\"wp-block-embed__wrapper\">\n<iframe loading=\"lazy\" title=\"Livia Rigueira- Instituto Rigueira Musical\" width=\"944\" height=\"531\" src=\"https:\/\/www.youtube.com\/embed\/YvZrQiwVEno?feature=oembed\" frameborder=\"0\" allow=\"accelerometer; autoplay; encrypted-media; gyroscope; picture-in-picture\" allowfullscreen><\/iframe>\n<\/div><\/figure>\n\n\n\n<ul class=\"wp-block-gallery columns-1 is-cropped wp-block-gallery-1 is-layout-flex wp-block-gallery-is-layout-flex\"><li class=\"blocks-gallery-item\"><figure><img loading=\"lazy\" decoding=\"async\" width=\"682\" height=\"1024\" src=\"https:\/\/mapadadiversidade.com.br\/ipatinga\/wp-content\/uploads\/2019\/07\/201d2ce8-2c2d-4ea3-91eb-3c08119ccc06-682x1024.jpg\" alt=\"\" data-id=\"1688\" data-link=\"https:\/\/mapadadiversidade.com.br\/ipatinga\/rigueira-musical\/201d2ce8-2c2d-4ea3-91eb-3c08119ccc06\/\" class=\"wp-image-1688\" srcset=\"https:\/\/mapadadiversidade.com.br\/ipatinga\/wp-content\/uploads\/2019\/07\/201d2ce8-2c2d-4ea3-91eb-3c08119ccc06-682x1024.jpg 682w, https:\/\/mapadadiversidade.com.br\/ipatinga\/wp-content\/uploads\/2019\/07\/201d2ce8-2c2d-4ea3-91eb-3c08119ccc06-200x300.jpg 200w, https:\/\/mapadadiversidade.com.br\/ipatinga\/wp-content\/uploads\/2019\/07\/201d2ce8-2c2d-4ea3-91eb-3c08119ccc06-768x1152.jpg 768w, https:\/\/mapadadiversidade.com.br\/ipatinga\/wp-content\/uploads\/2019\/07\/201d2ce8-2c2d-4ea3-91eb-3c08119ccc06.jpg 853w\" sizes=\"auto, (max-width: 682px) 100vw, 682px\" \/><\/figure><\/li><\/ul>\n","protected":false},"excerpt":{"rendered":"<p>L\u00edvia \u00e9 fundadora e professora de musica no instituto Rigueira Musical, al\u00e9m de trabalhar com cerimonial e produ\u00e7\u00e3o de eventos.<\/p>\n","protected":false},"author":8,"featured_media":1686,"comment_status":"open","ping_status":"open","sticky":false,"template":"","format":"standard","meta":{"footnotes":""},"categories":[1,21,4,12],"tags":[92],"class_list":["post-691","post","type-post","status-publish","format-standard","has-post-thumbnail","hentry","category-ipatinga","category-_regiao-metropolitana-do-vale-do-aco","category-linguagem-artisticas","category-musica","tag-musica","item-wrap"],"_links":{"self":[{"href":"https:\/\/mapadadiversidade.com.br\/ipatinga\/wp-json\/wp\/v2\/posts\/691","targetHints":{"allow":["GET"]}}],"collection":[{"href":"https:\/\/mapadadiversidade.com.br\/ipatinga\/wp-json\/wp\/v2\/posts"}],"about":[{"href":"https:\/\/mapadadiversidade.com.br\/ipatinga\/wp-json\/wp\/v2\/types\/post"}],"author":[{"embeddable":true,"href":"https:\/\/mapadadiversidade.com.br\/ipatinga\/wp-json\/wp\/v2\/users\/8"}],"replies":[{"embeddable":true,"href":"https:\/\/mapadadiversidade.com.br\/ipatinga\/wp-json\/wp\/v2\/comments?post=691"}],"version-history":[{"count":8,"href":"https:\/\/mapadadiversidade.com.br\/ipatinga\/wp-json\/wp\/v2\/posts\/691\/revisions"}],"predecessor-version":[{"id":1991,"href":"https:\/\/mapadadiversidade.com.br\/ipatinga\/wp-json\/wp\/v2\/posts\/691\/revisions\/1991"}],"wp:featuredmedia":[{"embeddable":true,"href":"https:\/\/mapadadiversidade.com.br\/ipatinga\/wp-json\/wp\/v2\/media\/1686"}],"wp:attachment":[{"href":"https:\/\/mapadadiversidade.com.br\/ipatinga\/wp-json\/wp\/v2\/media?parent=691"}],"wp:term":[{"taxonomy":"category","embeddable":true,"href":"https:\/\/mapadadiversidade.com.br\/ipatinga\/wp-json\/wp\/v2\/categories?post=691"},{"taxonomy":"post_tag","embeddable":true,"href":"https:\/\/mapadadiversidade.com.br\/ipatinga\/wp-json\/wp\/v2\/tags?post=691"}],"curies":[{"name":"wp","href":"https:\/\/api.w.org\/{rel}","templated":true}]}}