{"id":70,"date":"2019-06-01T10:59:28","date_gmt":"2019-06-01T13:59:28","guid":{"rendered":"https:\/\/mapadadiversidade.com.br\/ipatinga\/?p=70"},"modified":"2019-07-09T15:47:05","modified_gmt":"2019-07-09T18:47:05","slug":"dione-andrade","status":"publish","type":"post","link":"https:\/\/mapadadiversidade.com.br\/ipatinga\/dione-andrade\/","title":{"rendered":"Jos\u00e9 Roberto"},"content":{"rendered":"\n<p>Jos\u00e9 Roberto<\/p>\n\n\n\n<p>Sustentabilidade ,educa\u00e7\u00e3o ambiental e poeta<\/p>\n\n\n\n<p>Praticas socioambientais<\/p>\n\n\n\n<p>E-mail joseroberto@<\/p>\n\n\n\n<ul class=\"wp-block-gallery columns-0 is-cropped wp-block-gallery-1 is-layout-flex wp-block-gallery-is-layout-flex\"><\/ul>\n\n\n\n<p><\/p>\n","protected":false},"excerpt":{"rendered":"<p>Jos\u00e9 Roberto Sustentabilidade ,educa\u00e7\u00e3o ambiental e poeta Praticas socioambientais E-mail joseroberto@<\/p>\n","protected":false},"author":14,"featured_media":107,"comment_status":"open","ping_status":"open","sticky":false,"template":"","format":"standard","meta":{"footnotes":""},"categories":[1],"tags":[],"class_list":["post-70","post","type-post","status-publish","format-standard","has-post-thumbnail","hentry","category-ipatinga","item-wrap"],"_links":{"self":[{"href":"https:\/\/mapadadiversidade.com.br\/ipatinga\/wp-json\/wp\/v2\/posts\/70","targetHints":{"allow":["GET"]}}],"collection":[{"href":"https:\/\/mapadadiversidade.com.br\/ipatinga\/wp-json\/wp\/v2\/posts"}],"about":[{"href":"https:\/\/mapadadiversidade.com.br\/ipatinga\/wp-json\/wp\/v2\/types\/post"}],"author":[{"embeddable":true,"href":"https:\/\/mapadadiversidade.com.br\/ipatinga\/wp-json\/wp\/v2\/users\/14"}],"replies":[{"embeddable":true,"href":"https:\/\/mapadadiversidade.com.br\/ipatinga\/wp-json\/wp\/v2\/comments?post=70"}],"version-history":[{"count":2,"href":"https:\/\/mapadadiversidade.com.br\/ipatinga\/wp-json\/wp\/v2\/posts\/70\/revisions"}],"predecessor-version":[{"id":1985,"href":"https:\/\/mapadadiversidade.com.br\/ipatinga\/wp-json\/wp\/v2\/posts\/70\/revisions\/1985"}],"wp:featuredmedia":[{"embeddable":true,"href":"https:\/\/mapadadiversidade.com.br\/ipatinga\/wp-json\/wp\/v2\/media\/107"}],"wp:attachment":[{"href":"https:\/\/mapadadiversidade.com.br\/ipatinga\/wp-json\/wp\/v2\/media?parent=70"}],"wp:term":[{"taxonomy":"category","embeddable":true,"href":"https:\/\/mapadadiversidade.com.br\/ipatinga\/wp-json\/wp\/v2\/categories?post=70"},{"taxonomy":"post_tag","embeddable":true,"href":"https:\/\/mapadadiversidade.com.br\/ipatinga\/wp-json\/wp\/v2\/tags?post=70"}],"curies":[{"name":"wp","href":"https:\/\/api.w.org\/{rel}","templated":true}]}}