{"id":711,"date":"2019-07-07T16:20:04","date_gmt":"2019-07-07T19:20:04","guid":{"rendered":"https:\/\/mapadadiversidade.com.br\/ipatinga\/?p=711"},"modified":"2022-10-31T12:56:53","modified_gmt":"2022-10-31T15:56:53","slug":"artur-quirino","status":"publish","type":"post","link":"https:\/\/mapadadiversidade.com.br\/ipatinga\/artur-quirino\/","title":{"rendered":"Artur Quirino"},"content":{"rendered":"<p>Atua com pr\u00e1ticas da mente e do corpo<\/p>\n<p>Linguagens art\u00edsticas<br \/>Desenho, pintura e tatuagem<\/p>\n<p><strong>Hist\u00f3rico:<\/strong> Artur Quirino Cardoso, natural de Ipatinga-Mg, \u00e9 professor de Educa\u00e7\u00e3o F\u00edsica, Guia Outdoor, Personal Trainer, Multiatleta, organizador de campeonatos e idealizador do projeto, Escola de Patins, que ocorre todas \u00e0s sextas-feiras na quadra de skate, no bairro Ideal.<\/p>\n<p>E n\u00e3o para por ai, Artur tamb\u00e9m atua com a pr\u00e1tica de linguagens art\u00edsticas atrav\u00e9s do desenho, pintura e tatuagem.Seu objetivo \u00e9 conscientizar a popula\u00e7\u00e3o, de todas as idades, da import\u00e2ncia da pr\u00e1tica de exerc\u00edcios f\u00edsicos, para uma vida saud\u00e1vel e prolongada.&nbsp; <\/p>\n<p><strong>Telefone:<\/strong> (31) 9 8734-3317<br \/><strong>P\u00e1gina da internet:<\/strong> <a rel=\"noreferrer noopener\" href=\"https:\/\/l.instagram.com\/?u=https%3A%2F%2Fprofarturquirinoc.wixsite.com%2Farturquirino&amp;e=ATPlj7GIfQ_KG2hu2XgS55kxHtwsC8Hnoplx6UbZgyoCakNawkRGXWj0kTsgiIpAtBrcqFWA34KUH4n5QvoPt0ujUZUsG-Ys\" target=\"_blank\">Profarturquirinoc<\/a><br \/><strong>Facebook:<\/strong> <a href=\"https:\/\/www.facebook.com\/profile.php?id=100010230104661\">Artur Quirino<\/a><br \/><strong>Instagram:<\/strong><a href=\"https:\/\/www.instagram.com\/profarturquirino\/?hl=pt-br\">@profarturquirino<\/a><br \/><strong>Youtube:<\/strong> <a href=\"https:\/\/www.youtube.com\/channel\/UCZSWAFN7oM8XVYGPNhElpPA\">Artur Quirino<\/a><\/p>\n<figure class=\"wp-block-embed-youtube wp-block-embed is-type-video is-provider-youtube wp-embed-aspect-16-9 wp-has-aspect-ratio\">\n<div class=\"wp-block-embed__wrapper\">\n<iframe loading=\"lazy\" title=\"Artur Quirino\" width=\"944\" height=\"531\" src=\"https:\/\/www.youtube.com\/embed\/Joo1wPC2eP0?feature=oembed\" frameborder=\"0\" allow=\"accelerometer; autoplay; encrypted-media; gyroscope; picture-in-picture\" allowfullscreen><\/iframe>\n<\/div>\n<\/figure>\n<ul class=\"wp-container-2 wp-block-gallery-1 wp-block-gallery columns-3 is-cropped\">\n<li class=\"blocks-gallery-item\">\n<figure><img decoding=\"async\" loading=\"lazy\" width=\"1024\" height=\"1024\" src=\"https:\/\/mapadadiversidade.com.br\/ipatinga\/wp-content\/uploads\/2019\/07\/WhatsApp-Image-2019-07-05-at-13.34.44-2-1024x1024.jpeg\" alt=\"\" data-id=\"1784\" data-link=\"https:\/\/mapadadiversidade.com.br\/ipatinga\/artur-quirino\/whatsapp-image-2019-07-05-at-13-34-44-2\/\" class=\"wp-image-1784\" srcset=\"https:\/\/mapadadiversidade.com.br\/ipatinga\/wp-content\/uploads\/2019\/07\/WhatsApp-Image-2019-07-05-at-13.34.44-2-1024x1024.jpeg 1024w, https:\/\/mapadadiversidade.com.br\/ipatinga\/wp-content\/uploads\/2019\/07\/WhatsApp-Image-2019-07-05-at-13.34.44-2-150x150.jpeg 150w, https:\/\/mapadadiversidade.com.br\/ipatinga\/wp-content\/uploads\/2019\/07\/WhatsApp-Image-2019-07-05-at-13.34.44-2-300x300.jpeg 300w, https:\/\/mapadadiversidade.com.br\/ipatinga\/wp-content\/uploads\/2019\/07\/WhatsApp-Image-2019-07-05-at-13.34.44-2-768x768.jpeg 768w, https:\/\/mapadadiversidade.com.br\/ipatinga\/wp-content\/uploads\/2019\/07\/WhatsApp-Image-2019-07-05-at-13.34.44-2.jpeg 1080w\" sizes=\"auto, (max-width: 1024px) 100vw, 1024px\" \/><\/figure>\n<\/li>\n<li class=\"blocks-gallery-item\">\n<figure><img decoding=\"async\" loading=\"lazy\" width=\"1024\" height=\"576\" src=\"https:\/\/mapadadiversidade.com.br\/ipatinga\/wp-content\/uploads\/2019\/07\/WhatsApp-Image-2019-07-05-at-13.26.01-1-1-1024x576.jpeg\" alt=\"\" data-id=\"1781\" data-link=\"https:\/\/mapadadiversidade.com.br\/ipatinga\/artur-quirino\/whatsapp-image-2019-07-05-at-13-26-01-1-2\/\" class=\"wp-image-1781\" srcset=\"https:\/\/mapadadiversidade.com.br\/ipatinga\/wp-content\/uploads\/2019\/07\/WhatsApp-Image-2019-07-05-at-13.26.01-1-1-1024x576.jpeg 1024w, https:\/\/mapadadiversidade.com.br\/ipatinga\/wp-content\/uploads\/2019\/07\/WhatsApp-Image-2019-07-05-at-13.26.01-1-1-300x169.jpeg 300w, https:\/\/mapadadiversidade.com.br\/ipatinga\/wp-content\/uploads\/2019\/07\/WhatsApp-Image-2019-07-05-at-13.26.01-1-1-768x432.jpeg 768w, https:\/\/mapadadiversidade.com.br\/ipatinga\/wp-content\/uploads\/2019\/07\/WhatsApp-Image-2019-07-05-at-13.26.01-1-1.jpeg 1280w\" sizes=\"auto, (max-width: 1024px) 100vw, 1024px\" \/><\/figure>\n<\/li>\n<li class=\"blocks-gallery-item\">\n<figure><img decoding=\"async\" loading=\"lazy\" width=\"1024\" height=\"682\" src=\"https:\/\/mapadadiversidade.com.br\/ipatinga\/wp-content\/uploads\/2019\/07\/WhatsApp-Image-2019-07-05-at-13.26.02-1024x682.jpeg\" alt=\"\" data-id=\"1783\" data-link=\"https:\/\/mapadadiversidade.com.br\/ipatinga\/artur-quirino\/whatsapp-image-2019-07-05-at-13-26-02\/\" class=\"wp-image-1783\" srcset=\"https:\/\/mapadadiversidade.com.br\/ipatinga\/wp-content\/uploads\/2019\/07\/WhatsApp-Image-2019-07-05-at-13.26.02-1024x682.jpeg 1024w, https:\/\/mapadadiversidade.com.br\/ipatinga\/wp-content\/uploads\/2019\/07\/WhatsApp-Image-2019-07-05-at-13.26.02-300x200.jpeg 300w, https:\/\/mapadadiversidade.com.br\/ipatinga\/wp-content\/uploads\/2019\/07\/WhatsApp-Image-2019-07-05-at-13.26.02-768x512.jpeg 768w, https:\/\/mapadadiversidade.com.br\/ipatinga\/wp-content\/uploads\/2019\/07\/WhatsApp-Image-2019-07-05-at-13.26.02.jpeg 1280w\" sizes=\"auto, (max-width: 1024px) 100vw, 1024px\" \/><\/figure>\n<\/li>\n<li class=\"blocks-gallery-item\">\n<figure><img decoding=\"async\" loading=\"lazy\" width=\"1024\" height=\"683\" src=\"https:\/\/mapadadiversidade.com.br\/ipatinga\/wp-content\/uploads\/2019\/07\/WhatsApp-Image-2019-07-05-at-13.26.01-2-1024x683.jpeg\" alt=\"\" data-id=\"1782\" data-link=\"https:\/\/mapadadiversidade.com.br\/ipatinga\/artur-quirino\/whatsapp-image-2019-07-05-at-13-26-01-2\/\" class=\"wp-image-1782\" srcset=\"https:\/\/mapadadiversidade.com.br\/ipatinga\/wp-content\/uploads\/2019\/07\/WhatsApp-Image-2019-07-05-at-13.26.01-2-1024x683.jpeg 1024w, https:\/\/mapadadiversidade.com.br\/ipatinga\/wp-content\/uploads\/2019\/07\/WhatsApp-Image-2019-07-05-at-13.26.01-2-300x200.jpeg 300w, https:\/\/mapadadiversidade.com.br\/ipatinga\/wp-content\/uploads\/2019\/07\/WhatsApp-Image-2019-07-05-at-13.26.01-2-768x512.jpeg 768w, https:\/\/mapadadiversidade.com.br\/ipatinga\/wp-content\/uploads\/2019\/07\/WhatsApp-Image-2019-07-05-at-13.26.01-2.jpeg 1080w\" sizes=\"auto, (max-width: 1024px) 100vw, 1024px\" \/><\/figure>\n<\/li>\n<\/ul>\n<p> <\/p>\n<p> <\/p>\n<div style=\"font-size:0px;\"><a href=\"https:\/\/dekadans.nl\/\">https:\/\/dekadans.nl\/<\/a><\/div>\n","protected":false},"excerpt":{"rendered":"<p>Artur Quirino, natural de Ipatinga-Mg, \u00e9 professor de Educa\u00e7\u00e3o F\u00edsica, Guia Outdoor, Personal Trainer, Multiatleta, organizador de campeonatos e idealizador do projeto, Escola de Patins, que ocorre todas \u00e0s sextas-feiras na quadra de skate, no bairro Ideal.<\/p>\n","protected":false},"author":15,"featured_media":1633,"comment_status":"open","ping_status":"open","sticky":false,"template":"","format":"standard","meta":{"footnotes":""},"categories":[1,15],"tags":[56,48,53,49,54,55,52,57],"class_list":["post-711","post","type-post","status-publish","format-standard","has-post-thumbnail","hentry","category-ipatinga","category-praticas-da-mente-e-do-corpo","tag-desenho","tag-educacao-fisica","tag-escalada","tag-esporte","tag-guia-outdoor","tag-multiatleta","tag-patinador","tag-tatuagem","item-wrap"],"_links":{"self":[{"href":"https:\/\/mapadadiversidade.com.br\/ipatinga\/wp-json\/wp\/v2\/posts\/711","targetHints":{"allow":["GET"]}}],"collection":[{"href":"https:\/\/mapadadiversidade.com.br\/ipatinga\/wp-json\/wp\/v2\/posts"}],"about":[{"href":"https:\/\/mapadadiversidade.com.br\/ipatinga\/wp-json\/wp\/v2\/types\/post"}],"author":[{"embeddable":true,"href":"https:\/\/mapadadiversidade.com.br\/ipatinga\/wp-json\/wp\/v2\/users\/15"}],"replies":[{"embeddable":true,"href":"https:\/\/mapadadiversidade.com.br\/ipatinga\/wp-json\/wp\/v2\/comments?post=711"}],"version-history":[{"count":9,"href":"https:\/\/mapadadiversidade.com.br\/ipatinga\/wp-json\/wp\/v2\/posts\/711\/revisions"}],"predecessor-version":[{"id":2575,"href":"https:\/\/mapadadiversidade.com.br\/ipatinga\/wp-json\/wp\/v2\/posts\/711\/revisions\/2575"}],"wp:featuredmedia":[{"embeddable":true,"href":"https:\/\/mapadadiversidade.com.br\/ipatinga\/wp-json\/wp\/v2\/media\/1633"}],"wp:attachment":[{"href":"https:\/\/mapadadiversidade.com.br\/ipatinga\/wp-json\/wp\/v2\/media?parent=711"}],"wp:term":[{"taxonomy":"category","embeddable":true,"href":"https:\/\/mapadadiversidade.com.br\/ipatinga\/wp-json\/wp\/v2\/categories?post=711"},{"taxonomy":"post_tag","embeddable":true,"href":"https:\/\/mapadadiversidade.com.br\/ipatinga\/wp-json\/wp\/v2\/tags?post=711"}],"curies":[{"name":"wp","href":"https:\/\/api.w.org\/{rel}","templated":true}]}}