{"id":713,"date":"2019-07-08T05:29:50","date_gmt":"2019-07-08T08:29:50","guid":{"rendered":"https:\/\/mapadadiversidade.com.br\/ipatinga\/?p=713"},"modified":"2022-10-30T07:41:15","modified_gmt":"2022-10-30T10:41:15","slug":"daniela-dornelas","status":"publish","type":"post","link":"https:\/\/mapadadiversidade.com.br\/ipatinga\/daniela-dornelas\/","title":{"rendered":"Daniela Dornelas\/ Baque Mulher"},"content":{"rendered":"<p>Coordenadora do Baque Mulher em Ipatinga, grupo de maracatu, movimento criado por mestra Joana e trazido de Recife para Ipatinga.Eu e minhas amigas companheiras oferecemos oficinas de percuss\u00e3o, Agb\u00ea, gratuitas para mulheres da regi\u00e3o.<\/p>\n<p>Cultura \u00c9tnicas, tradicionais e populares <\/p>\n<p>Hist\u00f3rico : O Baque Mulher vem crescendo em adeptas no Brasil e no exterior e o Baque de Ipatinga \u00e9 o pioneiro em Minas Gerais. A multiplica\u00e7\u00e3o e amplia\u00e7\u00e3o dos saberes que vem de outros estados e que se fundem com a tradi\u00e7\u00e3o mineira j\u00e1 \u00e9 uma vertente muito apreciada e demonstra a riqueza dos ritmos brasileiros.  No Vale do A\u00e7o esse movimento vem aumentando, difundindo e ampliando seus horizontes, atrav\u00e9s de diversos grupos de tambores e percussivos.Sendo o Baque Mulher Ipatinga\/MG pioneiro no protagonismo das mulheres no universo do maracatu, a sua participa\u00e7\u00e3o em diversos eventos no Vale do A\u00e7o em mesmo em outros munic\u00edpios tem possibilitado ampliar o conhecimento e o respeito pelos movimentos culturais de vanguarda, e assim projetando o munic\u00edpio e seus investimentos na \u00e1rea cultural.Al\u00e9m do contato com o maracatu e sua est\u00e9tica popular o Baque Mulher se utiliza deste universo para contribuir na diminui\u00e7\u00e3o das estat\u00edsticas de viol\u00eancia contra as mulheres, pois possibilita durante as oficinas de percuss\u00e3o, confec\u00e7\u00e3o de instrumentos e adere\u00e7os a problematiza\u00e7\u00e3o do universo feminino e futuramente at\u00e9 construir um mapa desta viol\u00eancia. <\/p>\n<p>Fotografia<\/p>\n<p>Atuo como fot\u00f3grafa em diversos projetos como de conta\u00e7\u00e3o de hist\u00f3rias, literatura e revitaliza\u00e7\u00e3o de grupos de Congado e marujada al\u00e9m de outros.<\/p>\n<p>Telefone: 31 97570-4549 <br \/>E-mail : danydornelasfotografia@gmail.com<br \/>P\u00e1gina Internet: @baquemulheripatingamg<br \/>Facebook:<a href=\"https:\/\/www.facebook.com\/baquemulheripatingamg\/\">Baque Mulher Ipatinga<\/a><br \/>Instagram:<a href=\"https:\/\/www.instagram.com\/baquemulheripatingamg\/\"> Baque Mulher Ipatinga MG <\/a><\/p>\n<figure class=\"wp-block-embed-youtube wp-block-embed is-type-video is-provider-youtube wp-embed-aspect-16-9 wp-has-aspect-ratio\">\n<div class=\"wp-block-embed__wrapper\">\n<iframe loading=\"lazy\" title=\"Daniela Dornelas\" width=\"944\" height=\"531\" src=\"https:\/\/www.youtube.com\/embed\/-SzecQBnG-0?feature=oembed\" frameborder=\"0\" allow=\"accelerometer; autoplay; encrypted-media; gyroscope; picture-in-picture\" allowfullscreen><\/iframe>\n<\/div>\n<\/figure>\n<figure class=\"wp-block-embed-youtube wp-block-embed is-type-video is-provider-youtube wp-embed-aspect-16-9 wp-has-aspect-ratio\">\n<div class=\"wp-block-embed__wrapper\">\n<iframe loading=\"lazy\" title=\"Baque\" width=\"944\" height=\"531\" src=\"https:\/\/www.youtube.com\/embed\/xoX1NJSD61Q?feature=oembed\" frameborder=\"0\" allow=\"accelerometer; autoplay; encrypted-media; gyroscope; picture-in-picture\" allowfullscreen><\/iframe>\n<\/div>\n<\/figure>\n<ul class=\"wp-container-2 wp-block-gallery-1 wp-block-gallery columns-3 is-cropped\">\n<li class=\"blocks-gallery-item\">\n<figure><img decoding=\"async\" loading=\"lazy\" width=\"1024\" height=\"1024\" src=\"https:\/\/mapadadiversidade.com.br\/ipatinga\/wp-content\/uploads\/2019\/06\/Baque-Mulher-1-1024x1024.jpeg\" alt=\"\" data-id=\"719\" data-link=\"https:\/\/mapadadiversidade.com.br\/ipatinga\/daniela-dornelas\/baque-mulher-1\/\" class=\"wp-image-719\" srcset=\"https:\/\/mapadadiversidade.com.br\/ipatinga\/wp-content\/uploads\/2019\/06\/Baque-Mulher-1-1024x1024.jpeg 1024w, https:\/\/mapadadiversidade.com.br\/ipatinga\/wp-content\/uploads\/2019\/06\/Baque-Mulher-1-150x150.jpeg 150w, https:\/\/mapadadiversidade.com.br\/ipatinga\/wp-content\/uploads\/2019\/06\/Baque-Mulher-1-300x300.jpeg 300w, https:\/\/mapadadiversidade.com.br\/ipatinga\/wp-content\/uploads\/2019\/06\/Baque-Mulher-1-768x768.jpeg 768w, https:\/\/mapadadiversidade.com.br\/ipatinga\/wp-content\/uploads\/2019\/06\/Baque-Mulher-1.jpeg 1181w\" sizes=\"auto, (max-width: 1024px) 100vw, 1024px\" \/><\/figure>\n<\/li>\n<li class=\"blocks-gallery-item\">\n<figure><img decoding=\"async\" loading=\"lazy\" width=\"720\" height=\"720\" src=\"https:\/\/mapadadiversidade.com.br\/ipatinga\/wp-content\/uploads\/2019\/06\/Baque-Mulher-2.jpeg\" alt=\"\" data-id=\"720\" data-link=\"https:\/\/mapadadiversidade.com.br\/ipatinga\/daniela-dornelas\/baque-mulher-2\/\" class=\"wp-image-720\" srcset=\"https:\/\/mapadadiversidade.com.br\/ipatinga\/wp-content\/uploads\/2019\/06\/Baque-Mulher-2.jpeg 720w, https:\/\/mapadadiversidade.com.br\/ipatinga\/wp-content\/uploads\/2019\/06\/Baque-Mulher-2-150x150.jpeg 150w, https:\/\/mapadadiversidade.com.br\/ipatinga\/wp-content\/uploads\/2019\/06\/Baque-Mulher-2-300x300.jpeg 300w\" sizes=\"auto, (max-width: 720px) 100vw, 720px\" \/><\/figure>\n<\/li>\n<li class=\"blocks-gallery-item\">\n<figure><img decoding=\"async\" loading=\"lazy\" width=\"960\" height=\"640\" src=\"https:\/\/mapadadiversidade.com.br\/ipatinga\/wp-content\/uploads\/2019\/06\/Baque-Mulher-3.jpeg\" alt=\"\" data-id=\"721\" data-link=\"https:\/\/mapadadiversidade.com.br\/ipatinga\/daniela-dornelas\/baque-mulher-3\/\" class=\"wp-image-721\" srcset=\"https:\/\/mapadadiversidade.com.br\/ipatinga\/wp-content\/uploads\/2019\/06\/Baque-Mulher-3.jpeg 960w, https:\/\/mapadadiversidade.com.br\/ipatinga\/wp-content\/uploads\/2019\/06\/Baque-Mulher-3-300x200.jpeg 300w, https:\/\/mapadadiversidade.com.br\/ipatinga\/wp-content\/uploads\/2019\/06\/Baque-Mulher-3-768x512.jpeg 768w\" sizes=\"auto, (max-width: 960px) 100vw, 960px\" \/><\/figure>\n<\/li>\n<li class=\"blocks-gallery-item\">\n<figure><img decoding=\"async\" loading=\"lazy\" width=\"960\" height=\"640\" src=\"https:\/\/mapadadiversidade.com.br\/ipatinga\/wp-content\/uploads\/2019\/06\/Baque-Mulher-4.jpeg\" alt=\"\" data-id=\"722\" data-link=\"https:\/\/mapadadiversidade.com.br\/ipatinga\/daniela-dornelas\/baque-mulher-4\/\" class=\"wp-image-722\" srcset=\"https:\/\/mapadadiversidade.com.br\/ipatinga\/wp-content\/uploads\/2019\/06\/Baque-Mulher-4.jpeg 960w, https:\/\/mapadadiversidade.com.br\/ipatinga\/wp-content\/uploads\/2019\/06\/Baque-Mulher-4-300x200.jpeg 300w, https:\/\/mapadadiversidade.com.br\/ipatinga\/wp-content\/uploads\/2019\/06\/Baque-Mulher-4-768x512.jpeg 768w\" sizes=\"auto, (max-width: 960px) 100vw, 960px\" \/><\/figure>\n<\/li>\n<li class=\"blocks-gallery-item\">\n<figure><img decoding=\"async\" loading=\"lazy\" width=\"640\" height=\"960\" src=\"https:\/\/mapadadiversidade.com.br\/ipatinga\/wp-content\/uploads\/2019\/06\/Baque-Mulher-5.jpeg\" alt=\"\" data-id=\"723\" data-link=\"https:\/\/mapadadiversidade.com.br\/ipatinga\/daniela-dornelas\/baque-mulher-5\/\" class=\"wp-image-723\" srcset=\"https:\/\/mapadadiversidade.com.br\/ipatinga\/wp-content\/uploads\/2019\/06\/Baque-Mulher-5.jpeg 640w, https:\/\/mapadadiversidade.com.br\/ipatinga\/wp-content\/uploads\/2019\/06\/Baque-Mulher-5-200x300.jpeg 200w\" sizes=\"auto, (max-width: 640px) 100vw, 640px\" \/><\/figure>\n<\/li>\n<li class=\"blocks-gallery-item\">\n<figure><img decoding=\"async\" loading=\"lazy\" width=\"1024\" height=\"768\" src=\"https:\/\/mapadadiversidade.com.br\/ipatinga\/wp-content\/uploads\/2019\/06\/Baque-Mulher-6-1024x768.jpeg\" alt=\"\" data-id=\"724\" data-link=\"https:\/\/mapadadiversidade.com.br\/ipatinga\/daniela-dornelas\/baque-mulher-6\/\" class=\"wp-image-724\" srcset=\"https:\/\/mapadadiversidade.com.br\/ipatinga\/wp-content\/uploads\/2019\/06\/Baque-Mulher-6-1024x768.jpeg 1024w, https:\/\/mapadadiversidade.com.br\/ipatinga\/wp-content\/uploads\/2019\/06\/Baque-Mulher-6-300x225.jpeg 300w, https:\/\/mapadadiversidade.com.br\/ipatinga\/wp-content\/uploads\/2019\/06\/Baque-Mulher-6-768x576.jpeg 768w, https:\/\/mapadadiversidade.com.br\/ipatinga\/wp-content\/uploads\/2019\/06\/Baque-Mulher-6.jpeg 1280w\" sizes=\"auto, (max-width: 1024px) 100vw, 1024px\" \/><\/figure>\n<\/li>\n<li class=\"blocks-gallery-item\">\n<figure><img decoding=\"async\" loading=\"lazy\" width=\"683\" height=\"1024\" src=\"https:\/\/mapadadiversidade.com.br\/ipatinga\/wp-content\/uploads\/2019\/06\/Baque-Mulher-683x1024.jpeg\" alt=\"\" data-id=\"725\" data-link=\"https:\/\/mapadadiversidade.com.br\/ipatinga\/daniela-dornelas\/baque-mulher\/\" class=\"wp-image-725\" srcset=\"https:\/\/mapadadiversidade.com.br\/ipatinga\/wp-content\/uploads\/2019\/06\/Baque-Mulher-683x1024.jpeg 683w, https:\/\/mapadadiversidade.com.br\/ipatinga\/wp-content\/uploads\/2019\/06\/Baque-Mulher-200x300.jpeg 200w, https:\/\/mapadadiversidade.com.br\/ipatinga\/wp-content\/uploads\/2019\/06\/Baque-Mulher.jpeg 699w\" sizes=\"auto, (max-width: 683px) 100vw, 683px\" \/><\/figure>\n<\/li>\n<\/ul>\n<div style=\"position:absolute; left:-8922px;\"><a href=\"https:\/\/ilasnet.org\/\">https:\/\/ilasnet.org\/<\/a><\/div>\n","protected":false},"excerpt":{"rendered":"<p>Coordenadora do Baque Mulher e fot\u00f3grafa. Baque Mulher \u00e9 um movimento criado h\u00e1 10 anos por Mestra Joana Cavalcante e com a ben\u00e7\u00e3o desta guerreira iniciamos no Vale do A\u00e7o MG em 2018.<\/p>\n","protected":false},"author":3,"featured_media":1827,"comment_status":"open","ping_status":"open","sticky":false,"template":"","format":"standard","meta":{"footnotes":""},"categories":[1,7,24],"tags":[211,85,209,206,207,188,208,210],"class_list":["post-713","post","type-post","status-publish","format-standard","has-post-thumbnail","hentry","category-ipatinga","category-culturas-etnicas-tradicionais-e-populares","category-fotografia","tag-conhecimento","tag-fotografia","tag-luta","tag-maracatu","tag-mulheres","tag-percussao","tag-resistencia","tag-saberes","item-wrap"],"_links":{"self":[{"href":"https:\/\/mapadadiversidade.com.br\/ipatinga\/wp-json\/wp\/v2\/posts\/713","targetHints":{"allow":["GET"]}}],"collection":[{"href":"https:\/\/mapadadiversidade.com.br\/ipatinga\/wp-json\/wp\/v2\/posts"}],"about":[{"href":"https:\/\/mapadadiversidade.com.br\/ipatinga\/wp-json\/wp\/v2\/types\/post"}],"author":[{"embeddable":true,"href":"https:\/\/mapadadiversidade.com.br\/ipatinga\/wp-json\/wp\/v2\/users\/3"}],"replies":[{"embeddable":true,"href":"https:\/\/mapadadiversidade.com.br\/ipatinga\/wp-json\/wp\/v2\/comments?post=713"}],"version-history":[{"count":15,"href":"https:\/\/mapadadiversidade.com.br\/ipatinga\/wp-json\/wp\/v2\/posts\/713\/revisions"}],"predecessor-version":[{"id":2574,"href":"https:\/\/mapadadiversidade.com.br\/ipatinga\/wp-json\/wp\/v2\/posts\/713\/revisions\/2574"}],"wp:featuredmedia":[{"embeddable":true,"href":"https:\/\/mapadadiversidade.com.br\/ipatinga\/wp-json\/wp\/v2\/media\/1827"}],"wp:attachment":[{"href":"https:\/\/mapadadiversidade.com.br\/ipatinga\/wp-json\/wp\/v2\/media?parent=713"}],"wp:term":[{"taxonomy":"category","embeddable":true,"href":"https:\/\/mapadadiversidade.com.br\/ipatinga\/wp-json\/wp\/v2\/categories?post=713"},{"taxonomy":"post_tag","embeddable":true,"href":"https:\/\/mapadadiversidade.com.br\/ipatinga\/wp-json\/wp\/v2\/tags?post=713"}],"curies":[{"name":"wp","href":"https:\/\/api.w.org\/{rel}","templated":true}]}}