{"id":730,"date":"2019-06-29T18:13:20","date_gmt":"2019-06-29T21:13:20","guid":{"rendered":"https:\/\/mapadadiversidade.com.br\/ipatinga\/?p=730"},"modified":"2019-07-11T15:53:42","modified_gmt":"2019-07-11T18:53:42","slug":"queijos-de-joanesia","status":"publish","type":"post","link":"https:\/\/mapadadiversidade.com.br\/ipatinga\/queijos-de-joanesia\/","title":{"rendered":"Queijos de Joan\u00e9sia"},"content":{"rendered":"\n<p>Atua com a pr\u00e1tica de gastronomia<\/p>\n\n\n\n<p><strong>Hist\u00f3rico:<\/strong> Sirley de Assis de Carvalho, mais popularmente conhecido como \u201cBranco\u201d, natural de Joan\u00e9sia-Mg, tem 39 anos de idade e a 30, trabalha da fabrica\u00e7\u00e3o de queijos. Atualmente, al\u00e9m de ser o fabricante, ele se tornou o vendedor dos queijos e outros derivados, como queijo meia cura, queijo trancinha, requeij\u00e3o com e sem rapa, massa de pastel e doces, na Feira Livre de Ipatinga-MG, j\u00e1 h\u00e1 mais 2 anos. Branco tamb\u00e9m \u00e9 lavrador, atuando no plantio e colheita de alimentos e cria\u00e7\u00e3o de animais. <\/p>\n\n\n\n<p> <strong>Telefone:<\/strong> (31) 9 8959-8935<br> <strong>E-mail:<\/strong> <a href=\"mailto:sirleyassis925@gmail.com\">sirleyassis925@gmail.com<\/a><br> <strong>Facebook:<\/strong> <a href=\"https:\/\/www.facebook.com\/sirley.carvalho.1217\">Sirley Carvalho<\/a><\/p>\n\n\n\n<figure class=\"wp-block-embed-youtube wp-block-embed is-type-video is-provider-youtube wp-embed-aspect-16-9 wp-has-aspect-ratio\"><div class=\"wp-block-embed__wrapper\">\n<iframe loading=\"lazy\" title=\"Sirley Carvalho\" width=\"944\" height=\"531\" src=\"https:\/\/www.youtube.com\/embed\/CHvV-RUDwYQ?feature=oembed\" frameborder=\"0\" allow=\"accelerometer; autoplay; encrypted-media; gyroscope; picture-in-picture\" allowfullscreen><\/iframe>\n<\/div><\/figure>\n\n\n\n<ul class=\"wp-block-gallery columns-2 is-cropped wp-block-gallery-1 is-layout-flex wp-block-gallery-is-layout-flex\"><li class=\"blocks-gallery-item\"><figure><img loading=\"lazy\" decoding=\"async\" width=\"1024\" height=\"683\" src=\"https:\/\/mapadadiversidade.com.br\/ipatinga\/wp-content\/uploads\/2019\/06\/IMG_8543-2-1024x683.jpg\" alt=\"\" data-id=\"771\" data-link=\"https:\/\/mapadadiversidade.com.br\/ipatinga\/queijos-de-joanesia\/img_8543-2\/\" class=\"wp-image-771\" srcset=\"https:\/\/mapadadiversidade.com.br\/ipatinga\/wp-content\/uploads\/2019\/06\/IMG_8543-2-1024x683.jpg 1024w, https:\/\/mapadadiversidade.com.br\/ipatinga\/wp-content\/uploads\/2019\/06\/IMG_8543-2-300x200.jpg 300w, https:\/\/mapadadiversidade.com.br\/ipatinga\/wp-content\/uploads\/2019\/06\/IMG_8543-2-768x512.jpg 768w\" sizes=\"auto, (max-width: 1024px) 100vw, 1024px\" \/><\/figure><\/li><li class=\"blocks-gallery-item\"><figure><img loading=\"lazy\" decoding=\"async\" width=\"1024\" height=\"683\" src=\"https:\/\/mapadadiversidade.com.br\/ipatinga\/wp-content\/uploads\/2019\/06\/IMG_8573-1-1024x683.jpg\" alt=\"\" data-id=\"773\" data-link=\"https:\/\/mapadadiversidade.com.br\/ipatinga\/queijos-de-joanesia\/img_8573-1\/\" class=\"wp-image-773\" srcset=\"https:\/\/mapadadiversidade.com.br\/ipatinga\/wp-content\/uploads\/2019\/06\/IMG_8573-1-1024x683.jpg 1024w, https:\/\/mapadadiversidade.com.br\/ipatinga\/wp-content\/uploads\/2019\/06\/IMG_8573-1-300x200.jpg 300w, https:\/\/mapadadiversidade.com.br\/ipatinga\/wp-content\/uploads\/2019\/06\/IMG_8573-1-768x512.jpg 768w\" sizes=\"auto, (max-width: 1024px) 100vw, 1024px\" \/><\/figure><\/li><li class=\"blocks-gallery-item\"><figure><img loading=\"lazy\" decoding=\"async\" width=\"1024\" height=\"683\" src=\"https:\/\/mapadadiversidade.com.br\/ipatinga\/wp-content\/uploads\/2019\/07\/IMG_8533-1024x683.jpg\" alt=\"\" data-id=\"1778\" data-link=\"https:\/\/mapadadiversidade.com.br\/ipatinga\/queijos-de-joanesia\/img_8533-2\/\" class=\"wp-image-1778\" srcset=\"https:\/\/mapadadiversidade.com.br\/ipatinga\/wp-content\/uploads\/2019\/07\/IMG_8533-1024x683.jpg 1024w, https:\/\/mapadadiversidade.com.br\/ipatinga\/wp-content\/uploads\/2019\/07\/IMG_8533-300x200.jpg 300w, https:\/\/mapadadiversidade.com.br\/ipatinga\/wp-content\/uploads\/2019\/07\/IMG_8533-768x512.jpg 768w\" sizes=\"auto, (max-width: 1024px) 100vw, 1024px\" \/><\/figure><\/li><\/ul>\n\n\n\n<p><br> <br> <\/p>\n","protected":false},"excerpt":{"rendered":"<p>Atualmente, al\u00e9m de ser o fabricante, ele se tornou o vendedor dos queijos e outros derivados, como queijo meia cura, queijo trancinha, requeij\u00e3o com e sem rapa, massa de pastel e doces, na Feira Livre de Ipatinga-MG, j\u00e1 h\u00e1 mais 2 anos.<\/p>\n","protected":false},"author":15,"featured_media":750,"comment_status":"open","ping_status":"open","sticky":false,"template":"","format":"standard","meta":{"footnotes":""},"categories":[1,9],"tags":[59,60,61,58],"class_list":["post-730","post","type-post","status-publish","format-standard","has-post-thumbnail","hentry","category-ipatinga","category-gastronomia","tag-derivados-do-leite","tag-doces","tag-feira","tag-queijo","item-wrap"],"_links":{"self":[{"href":"https:\/\/mapadadiversidade.com.br\/ipatinga\/wp-json\/wp\/v2\/posts\/730","targetHints":{"allow":["GET"]}}],"collection":[{"href":"https:\/\/mapadadiversidade.com.br\/ipatinga\/wp-json\/wp\/v2\/posts"}],"about":[{"href":"https:\/\/mapadadiversidade.com.br\/ipatinga\/wp-json\/wp\/v2\/types\/post"}],"author":[{"embeddable":true,"href":"https:\/\/mapadadiversidade.com.br\/ipatinga\/wp-json\/wp\/v2\/users\/15"}],"replies":[{"embeddable":true,"href":"https:\/\/mapadadiversidade.com.br\/ipatinga\/wp-json\/wp\/v2\/comments?post=730"}],"version-history":[{"count":6,"href":"https:\/\/mapadadiversidade.com.br\/ipatinga\/wp-json\/wp\/v2\/posts\/730\/revisions"}],"predecessor-version":[{"id":2357,"href":"https:\/\/mapadadiversidade.com.br\/ipatinga\/wp-json\/wp\/v2\/posts\/730\/revisions\/2357"}],"wp:featuredmedia":[{"embeddable":true,"href":"https:\/\/mapadadiversidade.com.br\/ipatinga\/wp-json\/wp\/v2\/media\/750"}],"wp:attachment":[{"href":"https:\/\/mapadadiversidade.com.br\/ipatinga\/wp-json\/wp\/v2\/media?parent=730"}],"wp:term":[{"taxonomy":"category","embeddable":true,"href":"https:\/\/mapadadiversidade.com.br\/ipatinga\/wp-json\/wp\/v2\/categories?post=730"},{"taxonomy":"post_tag","embeddable":true,"href":"https:\/\/mapadadiversidade.com.br\/ipatinga\/wp-json\/wp\/v2\/tags?post=730"}],"curies":[{"name":"wp","href":"https:\/\/api.w.org\/{rel}","templated":true}]}}